{"id":128470,"date":"2026-04-27T07:00:34","date_gmt":"2026-04-27T10:00:34","guid":{"rendered":"https:\/\/noticiasbahia360.com.br\/?p=128470"},"modified":"2026-04-27T07:00:34","modified_gmt":"2026-04-27T10:00:34","slug":"engarrafamento-na-br-324-vira-palco-para-show-improvisado-da-banda-kart-love","status":"publish","type":"post","link":"https:\/\/noticiasbahia360.com.br\/?p=128470","title":{"rendered":"Engarrafamento na BR-324 vira palco para show improvisado da banda Kart Love"},"content":{"rendered":"<div>\n<div>\n<figure><img decoding=\"async\" src=\"http:\/\/noticiasbahia360.com.br\/wp-content\/uploads\/2026\/04\/show-da-banda-kart-Love-na-BR-324-foto-reproducao-redes-sociais-.jpg\" alt=\"Kart Love\"><figcaption>Foto: Reprodu\u00e7\u00e3o \/ Redes Sociais <\/figcaption><\/figure>\n<\/div>\n<p>A banda Kart Love transformou um longo engarrafamento na BR-324, no trecho entre\u00a0Feira de Santana\u00a0e\u00a0Salvador, em um momento de festa neste domingo (26), ap\u00f3s ficar presa na rodovia por causa de uma carreta que pegou fogo. Ningu\u00e9m ficou ferido.<\/p>\n<p>O grupo voltava de um show na Micareta de\u00a0Itagimirim, no extremo sul da Bahia, com destino a Salvador, quando encontrou o congestionamento provocado pela interdi\u00e7\u00e3o total da pista. A carreta da frota terceirizada dos Correios pegou fogo no trecho de S\u00e3o Sebasti\u00e3o do Pass\u00e9, na regi\u00e3o metropolitana.<\/p>\n<p>A BR-324 \u00e9 considerada principal sa\u00edda de Salvador em dire\u00e7\u00e3o a cidades do interior da Bahia.<\/p>\n<p>Sem conseguir seguir viagem, o cantor Lucas Kart e os m\u00fasicos desceram do \u00f4nibus e fizeram uma apresenta\u00e7\u00e3o improvisada no local, chamando a aten\u00e7\u00e3o de motoristas e passageiros que tamb\u00e9m aguardavam a libera\u00e7\u00e3o da estrada.<\/p>\n<p>Em um v\u00eddeo que circula nas redes sociais, o grupo aparece cantando a m\u00fasica \u201cA Lenda\u201d, da dupla Sandy e J\u00fanior.<\/p>\n<p>De acordo com informa\u00e7\u00f5es da Pol\u00edcia Rodovi\u00e1ria Federal (PRF), a rodovia precisou ser totalmente interditada no sentido Feira de Santana-Salvador, por causa do inc\u00eandio no ve\u00edculo de carga. Por volta das 15h30, a pista foi totalmente liberada, ap\u00f3s quatro horas de interdi\u00e7\u00e3o.<\/p>\n<p>Equipes do Corpo de Bombeiros foram acionadas e atuaram no combate \u00e0s chamas. Segundo informa\u00e7\u00f5es da PRF, o caminh\u00e3o que j\u00e1 atendia a ocorr\u00eancia ficou sem \u00e1gua e outro ve\u00edculo dos Bombeiros foi solicitado para refor\u00e7ar a opera\u00e7\u00e3o.<\/p>\n<p>Ainda conforme a corpora\u00e7\u00e3o, h\u00e1 muito material dentro do ba\u00fa da carreta, o que dificulta o controle do fogo e alimentava as chamas.<\/p>\n<p>Imagens que circulam nas redes sociais mostram a carreta em chamas e a fuma\u00e7a intensa tomando conta da rodovia.<\/p>\n<p>Por meio de nota, os Correios informaram que acompanham o ocorrido junto ao prestador de servi\u00e7o e verificam a situa\u00e7\u00e3o da carga, que seguir\u00e1 o fluxo postal por meio de ve\u00edculo substituto.<\/p>\n<h2 class=\"wp-block-heading\" id=\"h-nota-dos-correios\">Nota dos Correios<\/h2>\n<p><em>\u201cSobre o incidente envolvendo ve\u00edculo da frota terceirizada, ocorrido na manh\u00e3 deste domingo (26), na BR-324, nas proximidades de S\u00e3o Sebasti\u00e3o do Pass\u00e9 (BA), n\u00e3o houve feridos. Os Correios acompanham o caso junto ao prestador do servi\u00e7o.<\/em><\/p>\n<p><em>As causas do princ\u00edpio de inc\u00eandio ser\u00e3o apuradas pelas autoridades competentes.<\/em><\/p>\n<p><em>A empresa verifica a situa\u00e7\u00e3o da carga, que seguir\u00e1 o fluxo postal por meio de ve\u00edculo substituto. Os Correios orientam os clientes da regi\u00e3o a acompanharem o status dos objetos no sistema de rastreamento, dispon\u00edvel no site e no aplicativo da estatal. As informa\u00e7\u00f5es ser\u00e3o prestadas diretamente aos clientes pelos canais oficiais de relacionamento.<\/em><\/p>\n<p><em>Os Correios lamentam o ocorrido e permanecem \u00e0 disposi\u00e7\u00e3o por meio dos telefones 4003-8210 (capitais e regi\u00f5es metropolitanas), 0800 881 8210 (demais localidades) e pelo Fale Conosco, no site www.correios.com.br.\u201d<\/em><\/p>\n<p><em>Fonte: g1<\/em><\/p>\n<\/div>\n","protected":false},"excerpt":{"rendered":"<div>\n<div>\n<figure><img decoding=\"async\" src=\"https:\/\/uploads.acordacidade.com.br\/2026\/04\/show-da-banda-kart-Love-na-BR-324-foto-reproducao-redes-sociais-.jpg\" alt=\"Kart Love\"><figcaption>Foto: Reprodu\u00e7\u00e3o \/ Redes Sociais <\/figcaption><\/figure>\n<\/div>\n<p>O grupo voltava de um show na Micareta de\u00a0Itagimirim, no extremo sul da Bahia, com destino a Salvador.<\/p><\/div>\n","protected":false},"author":1,"featured_media":128471,"comment_status":"closed","ping_status":"closed","sticky":false,"template":"","format":"gallery","meta":{"footnotes":""},"categories":[8,9,6,57,56,10],"tags":[],"class_list":["post-128470","post","type-post","status-publish","format-gallery","has-post-thumbnail","hentry","category-bahia","category-brasil","category-feira-de-santana","category-mundo","category-policia","category-politica","post_format-post-format-gallery"],"featured_image_urls":{"full":["https:\/\/noticiasbahia360.com.br\/wp-content\/uploads\/2026\/04\/show-da-banda-kart-Love-na-BR-324-foto-reproducao-redes-sociais-.jpg",1200,675,false],"thumbnail":["https:\/\/noticiasbahia360.com.br\/wp-content\/uploads\/2026\/04\/show-da-banda-kart-Love-na-BR-324-foto-reproducao-redes-sociais--150x150.jpg",150,150,true],"medium":["https:\/\/noticiasbahia360.com.br\/wp-content\/uploads\/2026\/04\/show-da-banda-kart-Love-na-BR-324-foto-reproducao-redes-sociais--300x169.jpg",300,169,true],"medium_large":["https:\/\/noticiasbahia360.com.br\/wp-content\/uploads\/2026\/04\/show-da-banda-kart-Love-na-BR-324-foto-reproducao-redes-sociais--768x432.jpg",640,360,true],"large":["https:\/\/noticiasbahia360.com.br\/wp-content\/uploads\/2026\/04\/show-da-banda-kart-Love-na-BR-324-foto-reproducao-redes-sociais--1024x576.jpg",640,360,true],"1536x1536":["https:\/\/noticiasbahia360.com.br\/wp-content\/uploads\/2026\/04\/show-da-banda-kart-Love-na-BR-324-foto-reproducao-redes-sociais-.jpg",1200,675,false],"2048x2048":["https:\/\/noticiasbahia360.com.br\/wp-content\/uploads\/2026\/04\/show-da-banda-kart-Love-na-BR-324-foto-reproducao-redes-sociais-.jpg",1200,675,false],"chromenews-featured":["https:\/\/noticiasbahia360.com.br\/wp-content\/uploads\/2026\/04\/show-da-banda-kart-Love-na-BR-324-foto-reproducao-redes-sociais--1024x576.jpg",1024,576,true],"chromenews-large":["https:\/\/noticiasbahia360.com.br\/wp-content\/uploads\/2026\/04\/show-da-banda-kart-Love-na-BR-324-foto-reproducao-redes-sociais--825x575.jpg",825,575,true],"chromenews-medium":["https:\/\/noticiasbahia360.com.br\/wp-content\/uploads\/2026\/04\/show-da-banda-kart-Love-na-BR-324-foto-reproducao-redes-sociais--590x410.jpg",590,410,true]},"author_info":{"display_name":"noticiasbahia360.com.br","author_link":"https:\/\/noticiasbahia360.com.br\/?author=1"},"category_info":"<a href=\"https:\/\/noticiasbahia360.com.br\/?cat=8\" rel=\"category\">Bahia<\/a> <a href=\"https:\/\/noticiasbahia360.com.br\/?cat=9\" rel=\"category\">Brasil<\/a> <a href=\"https:\/\/noticiasbahia360.com.br\/?cat=6\" rel=\"category\">Feira de Santana<\/a> <a href=\"https:\/\/noticiasbahia360.com.br\/?cat=57\" rel=\"category\">Mundo<\/a> <a href=\"https:\/\/noticiasbahia360.com.br\/?cat=56\" rel=\"category\">Pol\u00edcia<\/a> <a href=\"https:\/\/noticiasbahia360.com.br\/?cat=10\" rel=\"category\">Pol\u00edtica<\/a>","tag_info":"Pol\u00edtica","comment_count":"0","_links":{"self":[{"href":"https:\/\/noticiasbahia360.com.br\/index.php?rest_route=\/wp\/v2\/posts\/128470","targetHints":{"allow":["GET"]}}],"collection":[{"href":"https:\/\/noticiasbahia360.com.br\/index.php?rest_route=\/wp\/v2\/posts"}],"about":[{"href":"https:\/\/noticiasbahia360.com.br\/index.php?rest_route=\/wp\/v2\/types\/post"}],"author":[{"embeddable":true,"href":"https:\/\/noticiasbahia360.com.br\/index.php?rest_route=\/wp\/v2\/users\/1"}],"replies":[{"embeddable":true,"href":"https:\/\/noticiasbahia360.com.br\/index.php?rest_route=%2Fwp%2Fv2%2Fcomments&post=128470"}],"version-history":[{"count":0,"href":"https:\/\/noticiasbahia360.com.br\/index.php?rest_route=\/wp\/v2\/posts\/128470\/revisions"}],"wp:featuredmedia":[{"embeddable":true,"href":"https:\/\/noticiasbahia360.com.br\/index.php?rest_route=\/wp\/v2\/media\/128471"}],"wp:attachment":[{"href":"https:\/\/noticiasbahia360.com.br\/index.php?rest_route=%2Fwp%2Fv2%2Fmedia&parent=128470"}],"wp:term":[{"taxonomy":"category","embeddable":true,"href":"https:\/\/noticiasbahia360.com.br\/index.php?rest_route=%2Fwp%2Fv2%2Fcategories&post=128470"},{"taxonomy":"post_tag","embeddable":true,"href":"https:\/\/noticiasbahia360.com.br\/index.php?rest_route=%2Fwp%2Fv2%2Ftags&post=128470"}],"curies":[{"name":"wp","href":"https:\/\/api.w.org\/{rel}","templated":true}]}}