{"id":128472,"date":"2026-04-27T07:15:59","date_gmt":"2026-04-27T10:15:59","guid":{"rendered":"https:\/\/noticiasbahia360.com.br\/?p=128472"},"modified":"2026-04-27T07:15:59","modified_gmt":"2026-04-27T10:15:59","slug":"ao-fazer-balanco-da-gestao-jose-ronaldo-afirma-que-atracoes-do-sao-joao-serao-divulgadas-na-quarta-29","status":"publish","type":"post","link":"https:\/\/noticiasbahia360.com.br\/?p=128472","title":{"rendered":"Ao fazer balan\u00e7o da gest\u00e3o, Jos\u00e9 Ronaldo afirma que atra\u00e7\u00f5es do S\u00e3o Jo\u00e3o ser\u00e3o divulgadas na quarta (29)"},"content":{"rendered":"<div>\n<div>\n<figure><img decoding=\"async\" src=\"http:\/\/noticiasbahia360.com.br\/wp-content\/uploads\/2026\/04\/Sao-Joao-em-sao-jose-e-tiquarucu-Foto-Izinaldo-Barreto-23-06-2024-12.jpg\" alt=\"Sao Joao em sao jose e tiquarucu Foto Izinaldo Barreto\"><figcaption>S\u00e3o Jo\u00e3o em S\u00e3o Jos\u00e9 2024 | Foto: Izinaldo Barreto<\/figcaption><\/figure>\n<\/div>\n<p>O que foi feito, o que est\u00e1 sendo constru\u00eddo e o que est\u00e1 previsto para sair do papel e ganhar forma nos pr\u00f3ximos anos foram temas abordados durante entrevista do prefeito Jos\u00e9 Ronaldo de Carvalho ao radialista Silv\u00e9rio Silva, na manh\u00e3 deste domingo, em seu programa na r\u00e1dio Sociedade News. \u201cTodos os compromissos assumidos com o povo feirense ser\u00e3o cumpridos\u201d, garantiu.<\/p>\n<figure class=\"wp-block-image size-full\"><img fetchpriority=\"high\" fetchpriority=\"high\" decoding=\"async\" width=\"1200\" height=\"800\" src=\"http:\/\/noticiasbahia360.com.br\/wp-content\/uploads\/2026\/04\/Prefeito-Entrevista-com-Silverio-Silva-Foto-Washington-Nery-01.jpg\" alt=\"Jos\u00e9 Ronaldo\" class=\"wp-image-650223\" srcset=\"http:\/\/noticiasbahia360.com.br\/wp-content\/uploads\/2026\/04\/Prefeito-Entrevista-com-Silverio-Silva-Foto-Washington-Nery-01.jpg 1200w, https:\/\/uploads.acordacidade.com.br\/2026\/04\/Prefeito-Entrevista-com-Silverio-Silva-Foto-Washington-Nery-01-750x500.jpg 750w, https:\/\/uploads.acordacidade.com.br\/2026\/04\/Prefeito-Entrevista-com-Silverio-Silva-Foto-Washington-Nery-01-1000x667.jpg 1000w, https:\/\/uploads.acordacidade.com.br\/2026\/04\/Prefeito-Entrevista-com-Silverio-Silva-Foto-Washington-Nery-01-450x300.jpg 450w, https:\/\/uploads.acordacidade.com.br\/2026\/04\/Prefeito-Entrevista-com-Silverio-Silva-Foto-Washington-Nery-01-150x100.jpg 150w\" sizes=\"(max-width: 1200px) 100vw, 1200px\"><figcaption class=\"wp-element-caption\">Foto: Washington Nery<\/figcaption><\/figure>\n<p>O prefeito disse que 2025 foi um ano de ajustes para preparar o munic\u00edpio para que tenha condi\u00e7\u00f5es de realizar grandes obras. \u201cO munic\u00edpio vai estar bem melhor estruturalmente no final do mandato.\u201d Jos\u00e9 Ronaldo est\u00e1 no quinto mandato \u00e0 frente de Feira de Santana.<\/p>\n<p>Em um ambiente descontra\u00eddo, o prefeito respondeu, dentro do seu estilo direto e objetivo, \u00e0s perguntas formuladas pela produ\u00e7\u00e3o do programa Silv\u00e9rio Silva e \u00e0s feitas pelos ouvintes. \u201cEsta \u00e9 uma maneira de presta\u00e7\u00e3o de contas\u201d, afirmou Jos\u00e9 Ronaldo, no cargo h\u00e1 16 meses.<\/p>\n<figure class=\"wp-block-image size-full\"><img decoding=\"async\" width=\"1200\" height=\"800\" src=\"http:\/\/noticiasbahia360.com.br\/wp-content\/uploads\/2026\/04\/Prefeito-Entrevista-com-Silverio-Silva-Foto-Washington-Nery-.jpg\" alt=\"Jos\u00e9 Ronaldo\" class=\"wp-image-650224\" srcset=\"http:\/\/noticiasbahia360.com.br\/wp-content\/uploads\/2026\/04\/Prefeito-Entrevista-com-Silverio-Silva-Foto-Washington-Nery-.jpg 1200w, https:\/\/uploads.acordacidade.com.br\/2026\/04\/Prefeito-Entrevista-com-Silverio-Silva-Foto-Washington-Nery--750x500.jpg 750w, https:\/\/uploads.acordacidade.com.br\/2026\/04\/Prefeito-Entrevista-com-Silverio-Silva-Foto-Washington-Nery--1000x667.jpg 1000w, https:\/\/uploads.acordacidade.com.br\/2026\/04\/Prefeito-Entrevista-com-Silverio-Silva-Foto-Washington-Nery--450x300.jpg 450w, https:\/\/uploads.acordacidade.com.br\/2026\/04\/Prefeito-Entrevista-com-Silverio-Silva-Foto-Washington-Nery--150x100.jpg 150w\" sizes=\"(max-width: 1200px) 100vw, 1200px\"><figcaption class=\"wp-element-caption\">Foto: Washington Nery<\/figcaption><\/figure>\n<p>Falou sobre a constru\u00e7\u00e3o do hospital municipal, pavimenta\u00e7\u00e3o de ruas, coleta de lixo e reclamou do comportamento inadequado de moradores que fazem o descarte diretamente nas ruas, al\u00e9m da urbaniza\u00e7\u00e3o de lagoas, Zona Azul, estacionamentos p\u00fablicos, constru\u00e7\u00e3o e recupera\u00e7\u00e3o de pra\u00e7as, entre outros assuntos.<\/p>\n<p>Comentou ainda sobre a obra que vai acabar com os alagamentos nas Bara\u00fanas, com o saneamento das \u00e1guas das chuvas no Campo Limpo e nas Bara\u00fanas, al\u00e9m da licita\u00e7\u00e3o que vai transformar a regi\u00e3o da Rua Mac\u00e1rio Cerqueira \u2014 \u201cser\u00e1 uma mudan\u00e7a radical\u201d.<\/p>\n<p>Adiantou que a Prefeitura est\u00e1 em processo de adquirir m\u00e1quinas que ser\u00e3o usadas na retirada de ervas daninhas que crescem nas avenidas e ruas. \u201cEsses equipamentos v\u00e3o agilizar o servi\u00e7o, e a m\u00e3o de obra que hoje est\u00e1 sendo usada ser\u00e1 transferida para os bairros.\u201d<\/p>\n<p>Disse que as principais atra\u00e7\u00f5es dos festejos juninos de Feira de Santana ser\u00e3o anunciadas no dia 29, pr\u00f3xima quarta-feira. O munic\u00edpio realiza festas nos distritos de Maria Quit\u00e9ria, Tiquaru\u00e7u, Jaguara, Ja\u00edba, Bomfim de Feira e Humildes.<\/p>\n<p>Jos\u00e9 Ronaldo comentou que \u00e9 ouvinte de Silv\u00e9rio Silva desde meados dos anos 60, quando, adolescente, morava em C\u00edcero Dantas, onde sintonizava a antiga R\u00e1dio Sociedade.<\/p>\n<p>O secret\u00e1rio de Comunica\u00e7\u00e3o Social, Joilton Freitas, acompanhou Jos\u00e9 Ronaldo na entrevista, que teve dura\u00e7\u00e3o de cerca de 80 minutos.<\/p>\n<p><em>Com informa\u00e7\u00f5es da Secretaria Municipal de Comunica\u00e7\u00e3o Social de Feira de Santana <\/em><\/p>\n<p><em>Siga o Acorda Cidade no\u00a0<\/em><a href=\"https:\/\/news.google.com\/search?q=acorda%20cidade&amp;hl=pt-BR&amp;gl=BR&amp;ceid=BR%3Apt-419\"><strong><em>Google Not\u00edcias<\/em><\/strong><\/a><em>\u00a0e receba os principais destaques do dia. Participe tamb\u00e9m dos nossos canais no\u00a0<\/em><a href=\"https:\/\/www.whatsapp.com\/channel\/0029Va6Rb4v3WHTNnsh8WI3N\"><strong><em>WhatsApp<\/em><\/strong><\/a><em>\u00a0e\u00a0<\/em><a href=\"https:\/\/www.youtube.com\/@acordacidadenoticias\/videos\"><strong>YouTube<\/strong><\/a><em>\u00a0e grupo de\u00a0<\/em><a href=\"https:\/\/t.me\/+sSz0khrgARA0ZmRh\"><strong><em>Telegram<\/em><\/strong><\/a><em>.<\/em><\/p>\n<\/div>\n","protected":false},"excerpt":{"rendered":"<div>\n<div>\n<figure><img decoding=\"async\" src=\"https:\/\/www.acordacidade.com.br\/wp-content\/uploads\/2024\/06\/Sao-Joao-em-sao-jose-e-tiquarucu-Foto-Izinaldo-Barreto-23-06-2024-12.jpg\" alt=\"Sao Joao em sao jose e tiquarucu Foto Izinaldo Barreto\"><figcaption>S\u00e3o Jo\u00e3o em S\u00e3o Jos\u00e9 2024 | Foto: Izinaldo Barreto<\/figcaption><\/figure>\n<\/div>\n<p>O prefeito disse que 2025 foi um ano de ajustes para preparar o munic\u00edpio para que tenha condi\u00e7\u00f5es de realizar grandes obras.<\/p><\/div>\n","protected":false},"author":1,"featured_media":128473,"comment_status":"closed","ping_status":"closed","sticky":false,"template":"","format":"gallery","meta":{"footnotes":""},"categories":[8,9,6,57,56,10],"tags":[],"class_list":["post-128472","post","type-post","status-publish","format-gallery","has-post-thumbnail","hentry","category-bahia","category-brasil","category-feira-de-santana","category-mundo","category-policia","category-politica","post_format-post-format-gallery"],"featured_image_urls":{"full":["https:\/\/noticiasbahia360.com.br\/wp-content\/uploads\/2026\/04\/Sao-Joao-em-sao-jose-e-tiquarucu-Foto-Izinaldo-Barreto-23-06-2024-12.jpg",640,427,false],"thumbnail":["https:\/\/noticiasbahia360.com.br\/wp-content\/uploads\/2026\/04\/Sao-Joao-em-sao-jose-e-tiquarucu-Foto-Izinaldo-Barreto-23-06-2024-12-150x150.jpg",150,150,true],"medium":["https:\/\/noticiasbahia360.com.br\/wp-content\/uploads\/2026\/04\/Sao-Joao-em-sao-jose-e-tiquarucu-Foto-Izinaldo-Barreto-23-06-2024-12-300x200.jpg",300,200,true],"medium_large":["https:\/\/noticiasbahia360.com.br\/wp-content\/uploads\/2026\/04\/Sao-Joao-em-sao-jose-e-tiquarucu-Foto-Izinaldo-Barreto-23-06-2024-12.jpg",640,427,false],"large":["https:\/\/noticiasbahia360.com.br\/wp-content\/uploads\/2026\/04\/Sao-Joao-em-sao-jose-e-tiquarucu-Foto-Izinaldo-Barreto-23-06-2024-12.jpg",640,427,false],"1536x1536":["https:\/\/noticiasbahia360.com.br\/wp-content\/uploads\/2026\/04\/Sao-Joao-em-sao-jose-e-tiquarucu-Foto-Izinaldo-Barreto-23-06-2024-12.jpg",640,427,false],"2048x2048":["https:\/\/noticiasbahia360.com.br\/wp-content\/uploads\/2026\/04\/Sao-Joao-em-sao-jose-e-tiquarucu-Foto-Izinaldo-Barreto-23-06-2024-12.jpg",640,427,false],"chromenews-featured":["https:\/\/noticiasbahia360.com.br\/wp-content\/uploads\/2026\/04\/Sao-Joao-em-sao-jose-e-tiquarucu-Foto-Izinaldo-Barreto-23-06-2024-12.jpg",640,427,false],"chromenews-large":["https:\/\/noticiasbahia360.com.br\/wp-content\/uploads\/2026\/04\/Sao-Joao-em-sao-jose-e-tiquarucu-Foto-Izinaldo-Barreto-23-06-2024-12.jpg",640,427,false],"chromenews-medium":["https:\/\/noticiasbahia360.com.br\/wp-content\/uploads\/2026\/04\/Sao-Joao-em-sao-jose-e-tiquarucu-Foto-Izinaldo-Barreto-23-06-2024-12-590x410.jpg",590,410,true]},"author_info":{"display_name":"noticiasbahia360.com.br","author_link":"https:\/\/noticiasbahia360.com.br\/?author=1"},"category_info":"<a href=\"https:\/\/noticiasbahia360.com.br\/?cat=8\" rel=\"category\">Bahia<\/a> <a href=\"https:\/\/noticiasbahia360.com.br\/?cat=9\" rel=\"category\">Brasil<\/a> <a href=\"https:\/\/noticiasbahia360.com.br\/?cat=6\" rel=\"category\">Feira de Santana<\/a> <a href=\"https:\/\/noticiasbahia360.com.br\/?cat=57\" rel=\"category\">Mundo<\/a> <a href=\"https:\/\/noticiasbahia360.com.br\/?cat=56\" rel=\"category\">Pol\u00edcia<\/a> <a href=\"https:\/\/noticiasbahia360.com.br\/?cat=10\" rel=\"category\">Pol\u00edtica<\/a>","tag_info":"Pol\u00edtica","comment_count":"0","_links":{"self":[{"href":"https:\/\/noticiasbahia360.com.br\/index.php?rest_route=\/wp\/v2\/posts\/128472","targetHints":{"allow":["GET"]}}],"collection":[{"href":"https:\/\/noticiasbahia360.com.br\/index.php?rest_route=\/wp\/v2\/posts"}],"about":[{"href":"https:\/\/noticiasbahia360.com.br\/index.php?rest_route=\/wp\/v2\/types\/post"}],"author":[{"embeddable":true,"href":"https:\/\/noticiasbahia360.com.br\/index.php?rest_route=\/wp\/v2\/users\/1"}],"replies":[{"embeddable":true,"href":"https:\/\/noticiasbahia360.com.br\/index.php?rest_route=%2Fwp%2Fv2%2Fcomments&post=128472"}],"version-history":[{"count":0,"href":"https:\/\/noticiasbahia360.com.br\/index.php?rest_route=\/wp\/v2\/posts\/128472\/revisions"}],"wp:featuredmedia":[{"embeddable":true,"href":"https:\/\/noticiasbahia360.com.br\/index.php?rest_route=\/wp\/v2\/media\/128473"}],"wp:attachment":[{"href":"https:\/\/noticiasbahia360.com.br\/index.php?rest_route=%2Fwp%2Fv2%2Fmedia&parent=128472"}],"wp:term":[{"taxonomy":"category","embeddable":true,"href":"https:\/\/noticiasbahia360.com.br\/index.php?rest_route=%2Fwp%2Fv2%2Fcategories&post=128472"},{"taxonomy":"post_tag","embeddable":true,"href":"https:\/\/noticiasbahia360.com.br\/index.php?rest_route=%2Fwp%2Fv2%2Ftags&post=128472"}],"curies":[{"name":"wp","href":"https:\/\/api.w.org\/{rel}","templated":true}]}}