{"id":128481,"date":"2026-04-27T08:03:02","date_gmt":"2026-04-27T11:03:02","guid":{"rendered":"https:\/\/noticiasbahia360.com.br\/?p=128481"},"modified":"2026-04-27T08:03:02","modified_gmt":"2026-04-27T11:03:02","slug":"colisao-entre-carretas-interdita-trecho-da-br-116-em-brejoes","status":"publish","type":"post","link":"https:\/\/noticiasbahia360.com.br\/?p=128481","title":{"rendered":"Colis\u00e3o entre carretas interdita trecho da BR-116 em Brej\u00f5es"},"content":{"rendered":"<div>\n<div>\n<figure><img decoding=\"async\" src=\"http:\/\/noticiasbahia360.com.br\/wp-content\/uploads\/2026\/04\/coliscao-acidente-Brejoes-engarrafamento-congestionamento-BR-116-foto-Reproducao-Blog-do-Marcos-Frahm-.jpg\" alt=\"colis\u00e3o\"><figcaption>Foto: Reprodu\u00e7\u00e3o \/ Blog do Marcos Frahm <\/figcaption><\/figure>\n<\/div>\n<p>Tr\u00eas carretas se envolveram em um acidente na BR-116 no domingo (26). O fato ocorreu no in\u00edcio da manh\u00e3, em um trecho da rodovia que pertence ao munic\u00edpio de Brej\u00f5es. A colis\u00e3o, que teve dois ve\u00edculos do tipo cegonha, provocou um grande congestionamento.<\/p>\n<p>Segundo o blog do Marcos Frahm, parceiro do <a href=\"https:\/\/www.acordacidade.com.br\/\">Acorda Cidade<\/a>, com o impacto da batida, houve derramamento de combust\u00edvel na pista e o trecho ficou totalmente interditado, com o tr\u00e1fego voltando a fluir somente de forma gradativa no final da manh\u00e3 do domingo.<\/p>\n<figure class=\"wp-block-image size-full\"><img fetchpriority=\"high\" fetchpriority=\"high\" decoding=\"async\" width=\"1200\" height=\"675\" src=\"http:\/\/noticiasbahia360.com.br\/wp-content\/uploads\/2026\/04\/engarrafamento-congestionamento-BR-116-foto-Reproducao-Blog-do-Marcos-Frahm-.jpg\" alt=\"colis\u00e3o\" class=\"wp-image-650247\" srcset=\"http:\/\/noticiasbahia360.com.br\/wp-content\/uploads\/2026\/04\/engarrafamento-congestionamento-BR-116-foto-Reproducao-Blog-do-Marcos-Frahm-.jpg 1200w, https:\/\/uploads.acordacidade.com.br\/2026\/04\/engarrafamento-congestionamento-BR-116-foto-Reproducao-Blog-do-Marcos-Frahm--750x422.jpg 750w, https:\/\/uploads.acordacidade.com.br\/2026\/04\/engarrafamento-congestionamento-BR-116-foto-Reproducao-Blog-do-Marcos-Frahm--1000x563.jpg 1000w, https:\/\/uploads.acordacidade.com.br\/2026\/04\/engarrafamento-congestionamento-BR-116-foto-Reproducao-Blog-do-Marcos-Frahm--450x253.jpg 450w, https:\/\/uploads.acordacidade.com.br\/2026\/04\/engarrafamento-congestionamento-BR-116-foto-Reproducao-Blog-do-Marcos-Frahm--150x84.jpg 150w\" sizes=\"(max-width: 1200px) 100vw, 1200px\"><figcaption class=\"wp-element-caption\">Foto: Reprodu\u00e7\u00e3o \/ Blog do Marcos Frahm<\/figcaption><\/figure>\n<p>Ainda segundo o blog, um dos condutores foi socorrido por uma equipe do Servi\u00e7o de Atendimento M\u00f3vel de Urg\u00eancia (<a href=\"https:\/\/www.acordacidade.com.br\/tag\/samu\/\" type=\"post_tag\" id=\"34838\">Samu<\/a>) para uma unidade de sa\u00fade na regi\u00e3o.<\/p>\n<p><em>Siga o Acorda Cidade no\u00a0<\/em><a href=\"https:\/\/news.google.com\/search?q=acorda%20cidade&amp;hl=pt-BR&amp;gl=BR&amp;ceid=BR%3Apt-419\"><strong><em>Google Not\u00edcias<\/em><\/strong><\/a><em>\u00a0e receba os principais destaques do dia. Participe tamb\u00e9m dos nossos canais no\u00a0<\/em><a href=\"https:\/\/www.whatsapp.com\/channel\/0029Va6Rb4v3WHTNnsh8WI3N\"><strong><em>WhatsApp<\/em><\/strong><\/a><em>\u00a0e\u00a0<\/em><a href=\"https:\/\/www.youtube.com\/@acordacidadenoticias\/videos\"><strong>YouTube<\/strong><\/a><em>\u00a0e grupo de\u00a0<\/em><a href=\"https:\/\/t.me\/+sSz0khrgARA0ZmRh\"><strong><em>Telegram<\/em><\/strong><\/a><em>.<\/em><\/p>\n<\/p>\n<\/div>\n","protected":false},"excerpt":{"rendered":"<div>\n<div>\n<figure><img decoding=\"async\" src=\"https:\/\/uploads.acordacidade.com.br\/2026\/04\/coliscao-acidente-Brejoes-engarrafamento-congestionamento-BR-116-foto-Reproducao-Blog-do-Marcos-Frahm-.jpg\" alt=\"colis\u00e3o\"><figcaption>Foto: Reprodu\u00e7\u00e3o \/ Blog do Marcos Frahm <\/figcaption><\/figure>\n<\/div>\n<p>A colis\u00e3o, que envolveu dois ve\u00edculos do tipo cegonha, provocou um grande congestionamento.<\/p><\/div>\n","protected":false},"author":1,"featured_media":128482,"comment_status":"closed","ping_status":"closed","sticky":false,"template":"","format":"gallery","meta":{"footnotes":""},"categories":[8,9,6,57,56,10],"tags":[],"class_list":["post-128481","post","type-post","status-publish","format-gallery","has-post-thumbnail","hentry","category-bahia","category-brasil","category-feira-de-santana","category-mundo","category-policia","category-politica","post_format-post-format-gallery"],"featured_image_urls":{"full":["https:\/\/noticiasbahia360.com.br\/wp-content\/uploads\/2026\/04\/coliscao-acidente-Brejoes-engarrafamento-congestionamento-BR-116-foto-Reproducao-Blog-do-Marcos-Frahm-.jpg",1200,675,false],"thumbnail":["https:\/\/noticiasbahia360.com.br\/wp-content\/uploads\/2026\/04\/coliscao-acidente-Brejoes-engarrafamento-congestionamento-BR-116-foto-Reproducao-Blog-do-Marcos-Frahm--150x150.jpg",150,150,true],"medium":["https:\/\/noticiasbahia360.com.br\/wp-content\/uploads\/2026\/04\/coliscao-acidente-Brejoes-engarrafamento-congestionamento-BR-116-foto-Reproducao-Blog-do-Marcos-Frahm--300x169.jpg",300,169,true],"medium_large":["https:\/\/noticiasbahia360.com.br\/wp-content\/uploads\/2026\/04\/coliscao-acidente-Brejoes-engarrafamento-congestionamento-BR-116-foto-Reproducao-Blog-do-Marcos-Frahm--768x432.jpg",640,360,true],"large":["https:\/\/noticiasbahia360.com.br\/wp-content\/uploads\/2026\/04\/coliscao-acidente-Brejoes-engarrafamento-congestionamento-BR-116-foto-Reproducao-Blog-do-Marcos-Frahm--1024x576.jpg",640,360,true],"1536x1536":["https:\/\/noticiasbahia360.com.br\/wp-content\/uploads\/2026\/04\/coliscao-acidente-Brejoes-engarrafamento-congestionamento-BR-116-foto-Reproducao-Blog-do-Marcos-Frahm-.jpg",1200,675,false],"2048x2048":["https:\/\/noticiasbahia360.com.br\/wp-content\/uploads\/2026\/04\/coliscao-acidente-Brejoes-engarrafamento-congestionamento-BR-116-foto-Reproducao-Blog-do-Marcos-Frahm-.jpg",1200,675,false],"chromenews-featured":["https:\/\/noticiasbahia360.com.br\/wp-content\/uploads\/2026\/04\/coliscao-acidente-Brejoes-engarrafamento-congestionamento-BR-116-foto-Reproducao-Blog-do-Marcos-Frahm--1024x576.jpg",1024,576,true],"chromenews-large":["https:\/\/noticiasbahia360.com.br\/wp-content\/uploads\/2026\/04\/coliscao-acidente-Brejoes-engarrafamento-congestionamento-BR-116-foto-Reproducao-Blog-do-Marcos-Frahm--825x575.jpg",825,575,true],"chromenews-medium":["https:\/\/noticiasbahia360.com.br\/wp-content\/uploads\/2026\/04\/coliscao-acidente-Brejoes-engarrafamento-congestionamento-BR-116-foto-Reproducao-Blog-do-Marcos-Frahm--590x410.jpg",590,410,true]},"author_info":{"display_name":"noticiasbahia360.com.br","author_link":"https:\/\/noticiasbahia360.com.br\/?author=1"},"category_info":"<a href=\"https:\/\/noticiasbahia360.com.br\/?cat=8\" rel=\"category\">Bahia<\/a> <a href=\"https:\/\/noticiasbahia360.com.br\/?cat=9\" rel=\"category\">Brasil<\/a> <a href=\"https:\/\/noticiasbahia360.com.br\/?cat=6\" rel=\"category\">Feira de Santana<\/a> <a href=\"https:\/\/noticiasbahia360.com.br\/?cat=57\" rel=\"category\">Mundo<\/a> <a href=\"https:\/\/noticiasbahia360.com.br\/?cat=56\" rel=\"category\">Pol\u00edcia<\/a> <a href=\"https:\/\/noticiasbahia360.com.br\/?cat=10\" rel=\"category\">Pol\u00edtica<\/a>","tag_info":"Pol\u00edtica","comment_count":"0","_links":{"self":[{"href":"https:\/\/noticiasbahia360.com.br\/index.php?rest_route=\/wp\/v2\/posts\/128481","targetHints":{"allow":["GET"]}}],"collection":[{"href":"https:\/\/noticiasbahia360.com.br\/index.php?rest_route=\/wp\/v2\/posts"}],"about":[{"href":"https:\/\/noticiasbahia360.com.br\/index.php?rest_route=\/wp\/v2\/types\/post"}],"author":[{"embeddable":true,"href":"https:\/\/noticiasbahia360.com.br\/index.php?rest_route=\/wp\/v2\/users\/1"}],"replies":[{"embeddable":true,"href":"https:\/\/noticiasbahia360.com.br\/index.php?rest_route=%2Fwp%2Fv2%2Fcomments&post=128481"}],"version-history":[{"count":0,"href":"https:\/\/noticiasbahia360.com.br\/index.php?rest_route=\/wp\/v2\/posts\/128481\/revisions"}],"wp:featuredmedia":[{"embeddable":true,"href":"https:\/\/noticiasbahia360.com.br\/index.php?rest_route=\/wp\/v2\/media\/128482"}],"wp:attachment":[{"href":"https:\/\/noticiasbahia360.com.br\/index.php?rest_route=%2Fwp%2Fv2%2Fmedia&parent=128481"}],"wp:term":[{"taxonomy":"category","embeddable":true,"href":"https:\/\/noticiasbahia360.com.br\/index.php?rest_route=%2Fwp%2Fv2%2Fcategories&post=128481"},{"taxonomy":"post_tag","embeddable":true,"href":"https:\/\/noticiasbahia360.com.br\/index.php?rest_route=%2Fwp%2Fv2%2Ftags&post=128481"}],"curies":[{"name":"wp","href":"https:\/\/api.w.org\/{rel}","templated":true}]}} 