{"id":128484,"date":"2026-04-27T08:03:04","date_gmt":"2026-04-27T11:03:04","guid":{"rendered":"https:\/\/noticiasbahia360.com.br\/?p=128484"},"modified":"2026-04-27T08:03:04","modified_gmt":"2026-04-27T11:03:04","slug":"dia-da-empregada-domestica-expoe-desigualdade-historica","status":"publish","type":"post","link":"https:\/\/noticiasbahia360.com.br\/?p=128484","title":{"rendered":"Dia da Empregada Dom\u00e9stica exp\u00f5e desigualdade hist\u00f3rica"},"content":{"rendered":"<div>\n<div>\n<figure><img decoding=\"async\" src=\"http:\/\/noticiasbahia360.com.br\/wp-content\/uploads\/2026\/04\/diarista.jpg\" alt=\"diarista\"><figcaption>Foto: Freepik<\/figcaption><\/figure>\n<\/div>\n<p>O Dia Nacional da Empregada Dom\u00e9stica, celebrado em 27 de abril em homenagem a Santa Zita, refor\u00e7a a import\u00e2ncia de uma das maiores categorias profissionais do pa\u00eds, mas tamb\u00e9m escancara desigualdades hist\u00f3ricas que ainda persistem. Mesmo com avan\u00e7os legais nos \u00faltimos dez anos, o trabalho dom\u00e9stico segue marcado pela informalidade e pela vulnerabilidade social.<\/p>\n<p>Segundo Mario Avelino, presidente do Instituto Dom\u00e9stica Legal, dos cerca de 5,5 milh\u00f5es de trabalhadores dom\u00e9sticos no Brasil, apenas 1,3 milh\u00e3o t\u00eam carteira assinada. Outros 4,2 milh\u00f5es est\u00e3o fora da formaliza\u00e7\u00e3o. Parte desse contingente \u00e9 formada por diaristas, que n\u00e3o possuem v\u00ednculo empregat\u00edcio e, portanto, n\u00e3o s\u00e3o consideradas informais.<\/p>\n<p>Descontando esse grupo, estimado em cerca de 2,8 milh\u00f5es, ainda restam aproximadamente 1,5 milh\u00e3o de trabalhadores dom\u00e9sticos em situa\u00e7\u00e3o de informalidade, ou seja, com jornada, subordina\u00e7\u00e3o e remunera\u00e7\u00e3o, mas sem direitos trabalhistas ou cobertura previdenci\u00e1ria.<\/p>\n<p>\u201cA recomenda\u00e7\u00e3o \u00e9 que, no m\u00ednimo, essas trabalhadoras contribuam como seguradas da Previd\u00eancia. Elas podem se cadastrar, inclusive como diaristas, e contribuir com apenas 5% sobre o sal\u00e1rio m\u00ednimo. Com cerca de R$ 81 por m\u00eas, passam a ter acesso a benef\u00edcios como aposentadoria, aux\u00edlio-doen\u00e7a, sal\u00e1rio-maternidade e pens\u00e3o por morte\u201d, afirma Avelino.<\/p>\n<p>A categoria \u00e9 composta majoritariamente por mulheres (93%). Enquanto, no emprego formal, cerca de 44,5% s\u00e3o mulheres brancas, na informalidade esse percentual \u00e9 invertido: aproximadamente 75% s\u00e3o mulheres negras. \u201cH\u00e1 uma heran\u00e7a hist\u00f3rica que remonta \u00e0 escravid\u00e3o, marcada por menos oportunidades e menor acesso \u00e0 educa\u00e7\u00e3o. Isso tamb\u00e9m se reflete no n\u00edvel de escolaridade: no emprego formal, quase 45% t\u00eam ensino m\u00e9dio completo; j\u00e1 na informalidade, predomina o ensino fundamental, completo ou incompleto. O racismo e a desigualdade de g\u00eanero no emprego dom\u00e9stico s\u00e3o evidentes\u201d, destaca.<\/p>\n<p>Diante desse cen\u00e1rio, o Instituto Dom\u00e9stica Legal lan\u00e7ou a campanha \u201cPacto pela Formalidade no Emprego Dom\u00e9stico\u201d, com o objetivo de pressionar o Congresso Nacional a avan\u00e7ar em propostas que incentivem a formaliza\u00e7\u00e3o. A iniciativa busca equilibrar justi\u00e7a social e viabilidade econ\u00f4mica, em um contexto em que mais de 4 milh\u00f5es de trabalhadores seguem na informalidade.<\/p>\n<p>A campanha se apoia em dois principais pilares legislativos: a inclus\u00e3o dos trabalhadores dom\u00e9sticos no abono do PIS, prevista no PLP 147\/2023, em tramita\u00e7\u00e3o no Senado, e a retomada da dedu\u00e7\u00e3o do INSS patronal no Imposto de Renda, proposta pelo PL 1.766\/2019, aprovado no Senado em 2019 e parado na C\u00e2mara desde ent\u00e3o. Esta \u00faltima medida pode gerar uma economia estimada de 7,35% para os empregadores, funcionando como incentivo direto \u00e0 formaliza\u00e7\u00e3o.<\/p>\n<p>Avelino tamb\u00e9m menciona o reconhecimento, pelo Supremo Tribunal Federal, do racismo estrutural no pa\u00eds, ressaltando que o emprego dom\u00e9stico \u00e9 um dos espa\u00e7os onde essa desigualdade se manifesta de forma mais evidente, especialmente na interse\u00e7\u00e3o entre ra\u00e7a e g\u00eanero.<\/p>\n<p>Para ele, ampliar a formaliza\u00e7\u00e3o no setor \u00e9 essencial n\u00e3o apenas para garantir direitos b\u00e1sicos, como aposentadoria e prote\u00e7\u00e3o social, mas tamb\u00e9m para enfrentar desigualdades hist\u00f3ricas profundamente enraizadas na sociedade brasileira. A sociedade pode participar da campanha por meio de abaixo-assinado dispon\u00edvel em\u00a0<a href=\"http:\/\/www.domesticalegal.org.br\/\" target=\"_blank\" rel=\"noreferrer noopener\">www.domesticalegal.org.br<\/a>.<\/p>\n<p><em>Siga o Acorda Cidade no\u00a0<\/em><a href=\"https:\/\/news.google.com\/search?q=acorda%20cidade&amp;hl=pt-BR&amp;gl=BR&amp;ceid=BR%3Apt-419\"><strong><em>Google Not\u00edcias<\/em><\/strong><\/a><em>\u00a0e receba os principais destaques do dia. Participe tamb\u00e9m dos nossos canais no\u00a0<\/em><a href=\"https:\/\/www.whatsapp.com\/channel\/0029Va6Rb4v3WHTNnsh8WI3N\"><strong><em>WhatsApp<\/em><\/strong><\/a><em>\u00a0e\u00a0<\/em><a href=\"https:\/\/www.youtube.com\/@acordacidadenoticias\/videos\"><strong>YouTube<\/strong><\/a><em>\u00a0e grupo de\u00a0<\/em><a href=\"https:\/\/t.me\/+sSz0khrgARA0ZmRh\"><strong><em>Telegram<\/em><\/strong><\/a><em>.<\/em><\/p>\n<\/div>\n","protected":false},"excerpt":{"rendered":"<div>\n<div>\n<figure><img decoding=\"async\" src=\"https:\/\/uploads.acordacidade.com.br\/2026\/04\/diarista.jpg\" alt=\"diarista\"><figcaption>Foto: Freepik<\/figcaption><\/figure>\n<\/div>\n<p>Ampliar a formaliza\u00e7\u00e3o no setor \u00e9 essencial n\u00e3o apenas para garantir direitos b\u00e1sicos, mas tamb\u00e9m para enfrentar desigualdades hist\u00f3ricas.<\/p><\/div>\n","protected":false},"author":1,"featured_media":128485,"comment_status":"closed","ping_status":"closed","sticky":false,"template":"","format":"gallery","meta":{"footnotes":""},"categories":[8,9,6,57,56,10],"tags":[],"class_list":["post-128484","post","type-post","status-publish","format-gallery","has-post-thumbnail","hentry","category-bahia","category-brasil","category-feira-de-santana","category-mundo","category-policia","category-politica","post_format-post-format-gallery"],"featured_image_urls":{"full":["https:\/\/noticiasbahia360.com.br\/wp-content\/uploads\/2026\/04\/diarista.jpg",1200,801,false],"thumbnail":["https:\/\/noticiasbahia360.com.br\/wp-content\/uploads\/2026\/04\/diarista-150x150.jpg",150,150,true],"medium":["https:\/\/noticiasbahia360.com.br\/wp-content\/uploads\/2026\/04\/diarista-300x200.jpg",300,200,true],"medium_large":["https:\/\/noticiasbahia360.com.br\/wp-content\/uploads\/2026\/04\/diarista-768x513.jpg",640,428,true],"large":["https:\/\/noticiasbahia360.com.br\/wp-content\/uploads\/2026\/04\/diarista-1024x684.jpg",640,428,true],"1536x1536":["https:\/\/noticiasbahia360.com.br\/wp-content\/uploads\/2026\/04\/diarista.jpg",1200,801,false],"2048x2048":["https:\/\/noticiasbahia360.com.br\/wp-content\/uploads\/2026\/04\/diarista.jpg",1200,801,false],"chromenews-featured":["https:\/\/noticiasbahia360.com.br\/wp-content\/uploads\/2026\/04\/diarista-1024x684.jpg",1024,684,true],"chromenews-large":["https:\/\/noticiasbahia360.com.br\/wp-content\/uploads\/2026\/04\/diarista-825x575.jpg",825,575,true],"chromenews-medium":["https:\/\/noticiasbahia360.com.br\/wp-content\/uploads\/2026\/04\/diarista-590x410.jpg",590,410,true]},"author_info":{"display_name":"noticiasbahia360.com.br","author_link":"https:\/\/noticiasbahia360.com.br\/?author=1"},"category_info":"<a href=\"https:\/\/noticiasbahia360.com.br\/?cat=8\" rel=\"category\">Bahia<\/a> <a href=\"https:\/\/noticiasbahia360.com.br\/?cat=9\" rel=\"category\">Brasil<\/a> <a href=\"https:\/\/noticiasbahia360.com.br\/?cat=6\" rel=\"category\">Feira de Santana<\/a> <a href=\"https:\/\/noticiasbahia360.com.br\/?cat=57\" rel=\"category\">Mundo<\/a> <a href=\"https:\/\/noticiasbahia360.com.br\/?cat=56\" rel=\"category\">Pol\u00edcia<\/a> <a href=\"https:\/\/noticiasbahia360.com.br\/?cat=10\" rel=\"category\">Pol\u00edtica<\/a>","tag_info":"Pol\u00edtica","comment_count":"0","_links":{"self":[{"href":"https:\/\/noticiasbahia360.com.br\/index.php?rest_route=\/wp\/v2\/posts\/128484","targetHints":{"allow":["GET"]}}],"collection":[{"href":"https:\/\/noticiasbahia360.com.br\/index.php?rest_route=\/wp\/v2\/posts"}],"about":[{"href":"https:\/\/noticiasbahia360.com.br\/index.php?rest_route=\/wp\/v2\/types\/post"}],"author":[{"embeddable":true,"href":"https:\/\/noticiasbahia360.com.br\/index.php?rest_route=\/wp\/v2\/users\/1"}],"replies":[{"embeddable":true,"href":"https:\/\/noticiasbahia360.com.br\/index.php?rest_route=%2Fwp%2Fv2%2Fcomments&post=128484"}],"version-history":[{"count":0,"href":"https:\/\/noticiasbahia360.com.br\/index.php?rest_route=\/wp\/v2\/posts\/128484\/revisions"}],"wp:featuredmedia":[{"embeddable":true,"href":"https:\/\/noticiasbahia360.com.br\/index.php?rest_route=\/wp\/v2\/media\/128485"}],"wp:attachment":[{"href":"https:\/\/noticiasbahia360.com.br\/index.php?rest_route=%2Fwp%2Fv2%2Fmedia&parent=128484"}],"wp:term":[{"taxonomy":"category","embeddable":true,"href":"https:\/\/noticiasbahia360.com.br\/index.php?rest_route=%2Fwp%2Fv2%2Fcategories&post=128484"},{"taxonomy":"post_tag","embeddable":true,"href":"https:\/\/noticiasbahia360.com.br\/index.php?rest_route=%2Fwp%2Fv2%2Ftags&post=128484"}],"curies":[{"name":"wp","href":"https:\/\/api.w.org\/{rel}","templated":true}]}} 