{"id":128486,"date":"2026-04-27T08:47:25","date_gmt":"2026-04-27T11:47:25","guid":{"rendered":"https:\/\/noticiasbahia360.com.br\/?p=128486"},"modified":"2026-04-27T08:47:25","modified_gmt":"2026-04-27T11:47:25","slug":"governo-abre-40-vagas-em-processo-seletivo-reda-para-a-secretaria-das-mulheres-vagas-em-feira-de-santana","status":"publish","type":"post","link":"https:\/\/noticiasbahia360.com.br\/?p=128486","title":{"rendered":"Governo abre 40 vagas em processo seletivo Reda para a Secretaria das Mulheres; vagas em Feira de Santana"},"content":{"rendered":"<div>\n<div>\n<figure><img decoding=\"async\" src=\"http:\/\/noticiasbahia360.com.br\/wp-content\/uploads\/2026\/04\/Secretaria-Municipal-de-Politica-para-Mulheres.webp\" alt=\"Secretaria Municipal de Pol\u00edtica para Mulheres\"><figcaption>Foto: Washington Nery<\/figcaption><\/figure>\n<\/div>\n<p>A Secretaria das Mulheres do Estado da Bahia (SPM-BA) publicou no \u00faltimo s\u00e1bado (25), o Edital n\u00ba 001\/2026 para a realiza\u00e7\u00e3o de Processo Seletivo Simplificado, em Regime Especial de Direito Administrativo (<a href=\"https:\/\/www.acordacidade.com.br\/tag\/reda\/\" type=\"post_tag\" id=\"38298\">Reda<\/a>), com oferta de 40 vagas para contrata\u00e7\u00e3o tempor\u00e1ria. <strong>As oportunidades contemplam fun\u00e7\u00f5es de n\u00edveis m\u00e9dio e superior, com atua\u00e7\u00e3o em Salvador, Irec\u00ea, Itabuna e Feira de Santana.<\/strong><\/p>\n<p>As inscri\u00e7\u00f5es ser\u00e3o realizadas exclusivamente pela internet, por meio do site\u00a0<a href=\"http:\/\/selecao.ba.gov.br\/\" target=\"_blank\" rel=\"noreferrer noopener\">selecao.ba.gov.br<\/a>, no per\u00edodo do dia 4 de maio at\u00e9 9 de maio de 2026.<\/p>\n<p>Para a secret\u00e1ria das Mulheres do Estado, Camilla Batista, a abertura do processo seletivo representa um avan\u00e7o estrat\u00e9gico para o fortalecimento da Secretaria e a amplia\u00e7\u00e3o da capacidade de atendimento \u00e0s mulheres em todo o estado.<\/p>\n<p>Segundo a gestora, a contrata\u00e7\u00e3o de novos profissionais por meio do Reda contribui diretamente para qualificar e expandir a execu\u00e7\u00e3o das pol\u00edticas p\u00fablicas, especialmente nas \u00e1reas de preven\u00e7\u00e3o e enfrentamento \u00e0 viol\u00eancia de g\u00eanero, autonomia econ\u00f4mica e promo\u00e7\u00e3o de direitos.\u00a0<\/p>\n<p>\u201cA chegada desses profissionais vai permitir ampliar a presen\u00e7a da Secretaria nos territ\u00f3rios, com equipes preparadas e comprometidas com a promo\u00e7\u00e3o da igualdade de g\u00eanero e o enfrentamento das desigualdades, garantindo mais agilidade e efetividade na presta\u00e7\u00e3o dos servi\u00e7os ofertados \u00e0s mulheres baianas\u201d, destaca.<\/p>\n<p>O processo seletivo ser\u00e1 composto por uma \u00fanica etapa de Avalia\u00e7\u00e3o Curricular, de car\u00e1ter eliminat\u00f3rio e classificat\u00f3rio. Os candidatos dever\u00e3o apresentar documenta\u00e7\u00e3o comprobat\u00f3ria de forma\u00e7\u00e3o acad\u00eamica e experi\u00eancia profissional compat\u00edveis com a fun\u00e7\u00e3o pretendida, crit\u00e9rios que ser\u00e3o utilizados para pontua\u00e7\u00e3o.<\/p>\n<p>As vagas est\u00e3o distribu\u00eddas entre diversas \u00e1reas. Para n\u00edvel superior, h\u00e1 oportunidades em Administra\u00e7\u00e3o, Contabilidade, Ci\u00eancias Jur\u00eddicas, Servi\u00e7o Social, Psicologia, Estat\u00edstica, Comunica\u00e7\u00e3o Social (Jornalismo e Produ\u00e7\u00e3o), Economia, Pedagogia, Bacharelado em G\u00eanero e \u00e1reas de Tecnologia da Informa\u00e7\u00e3o. J\u00e1 para n\u00edvel m\u00e9dio, as vagas contemplam \u00e1reas como Finan\u00e7as, Design Gr\u00e1fico, Fotografia e Assistente de Atividade Administrativa.<\/p>\n<p>A remunera\u00e7\u00e3o para os cargos de n\u00edvel superior pode chegar a R$ 3.810,40, considerando vencimento b\u00e1sico e gratifica\u00e7\u00e3o, para jornada de 40 horas semanais. Para as fun\u00e7\u00f5es de n\u00edvel m\u00e9dio, a remunera\u00e7\u00e3o total \u00e9 de R$ 3.170,32, tamb\u00e9m para carga hor\u00e1ria de 40 horas semanais.<\/p>\n<p>O processo seletivo ter\u00e1 validade de um ano, a partir da homologa\u00e7\u00e3o do resultado final, podendo ser prorrogado por igual per\u00edodo. Os contratos ter\u00e3o dura\u00e7\u00e3o de at\u00e9 36 meses, com possibilidade de renova\u00e7\u00e3o uma \u00fanica vez, pelo mesmo prazo.<\/p>\n<p>Mais informa\u00e7\u00f5es, incluindo requisitos espec\u00edficos de cada fun\u00e7\u00e3o e detalhamento das vagas, est\u00e3o dispon\u00edveis no edital completo, publicado no site oficial da Secretaria das Mulheres do Estado da Bahia (<a href=\"https:\/\/www.ba.gov.br\/mulheres\/processo-seletivo-simplificado-reda\" target=\"_blank\" rel=\"noreferrer noopener\">https:\/\/www.ba.gov.br\/mulheres\/processo-seletivo-simplificado-reda<\/a>).<\/p>\n<p><em>Siga o Acorda Cidade no\u00a0<\/em><a href=\"https:\/\/news.google.com\/search?q=acorda%20cidade&amp;hl=pt-BR&amp;gl=BR&amp;ceid=BR%3Apt-419\"><strong><em>Google Not\u00edcias<\/em><\/strong><\/a><em> e receba os principais destaques do dia. Participe tamb\u00e9m dos nossos canais no\u00a0<\/em><a href=\"https:\/\/www.whatsapp.com\/channel\/0029Va6Rb4v3WHTNnsh8WI3N\"><strong><em>WhatsApp<\/em><\/strong><\/a><em> e\u00a0<\/em><a href=\"https:\/\/www.youtube.com\/@acordacidadenoticias\/videos\"><strong>YouTube<\/strong><\/a><em>e do grupo no\u00a0<\/em><a href=\"https:\/\/t.me\/+sSz0khrgARA0ZmRh\"><strong><em>Telegram<\/em><\/strong><\/a><em>.<\/em><\/p>\n<\/p>\n<\/div>\n","protected":false},"excerpt":{"rendered":"<div>\n<div>\n<figure><img decoding=\"async\" src=\"https:\/\/www.acordacidade.com.br\/wp-content\/uploads\/2025\/07\/Secretaria-Municipal-de-Politica-para-Mulheres.webp\" alt=\"Secretaria Municipal de Pol\u00edtica para Mulheres\"><figcaption>Foto: Washington Nery<\/figcaption><\/figure>\n<\/div>\n<p>As inscri\u00e7\u00f5es ser\u00e3o realizadas exclusivamente pela internet, por meio do site\u00a0selecao.ba.gov.br, no per\u00edodo do dia 4 de maio at\u00e9 9 de maio.<\/p><\/div>\n","protected":false},"author":1,"featured_media":128487,"comment_status":"closed","ping_status":"closed","sticky":false,"template":"","format":"gallery","meta":{"footnotes":""},"categories":[8,9,6,57,56,10],"tags":[],"class_list":["post-128486","post","type-post","status-publish","format-gallery","has-post-thumbnail","hentry","category-bahia","category-brasil","category-feira-de-santana","category-mundo","category-policia","category-politica","post_format-post-format-gallery"],"featured_image_urls":{"full":["https:\/\/noticiasbahia360.com.br\/wp-content\/uploads\/2026\/04\/Secretaria-Municipal-de-Politica-para-Mulheres.webp",1200,710,false],"thumbnail":["https:\/\/noticiasbahia360.com.br\/wp-content\/uploads\/2026\/04\/Secretaria-Municipal-de-Politica-para-Mulheres-150x150.webp",150,150,true],"medium":["https:\/\/noticiasbahia360.com.br\/wp-content\/uploads\/2026\/04\/Secretaria-Municipal-de-Politica-para-Mulheres-300x178.webp",300,178,true],"medium_large":["https:\/\/noticiasbahia360.com.br\/wp-content\/uploads\/2026\/04\/Secretaria-Municipal-de-Politica-para-Mulheres-768x454.webp",640,378,true],"large":["https:\/\/noticiasbahia360.com.br\/wp-content\/uploads\/2026\/04\/Secretaria-Municipal-de-Politica-para-Mulheres-1024x606.webp",640,379,true],"1536x1536":["https:\/\/noticiasbahia360.com.br\/wp-content\/uploads\/2026\/04\/Secretaria-Municipal-de-Politica-para-Mulheres.webp",1200,710,false],"2048x2048":["https:\/\/noticiasbahia360.com.br\/wp-content\/uploads\/2026\/04\/Secretaria-Municipal-de-Politica-para-Mulheres.webp",1200,710,false],"chromenews-featured":["https:\/\/noticiasbahia360.com.br\/wp-content\/uploads\/2026\/04\/Secretaria-Municipal-de-Politica-para-Mulheres-1024x606.webp",1024,606,true],"chromenews-large":["https:\/\/noticiasbahia360.com.br\/wp-content\/uploads\/2026\/04\/Secretaria-Municipal-de-Politica-para-Mulheres-825x575.webp",825,575,true],"chromenews-medium":["https:\/\/noticiasbahia360.com.br\/wp-content\/uploads\/2026\/04\/Secretaria-Municipal-de-Politica-para-Mulheres-590x410.webp",590,410,true]},"author_info":{"display_name":"noticiasbahia360.com.br","author_link":"https:\/\/noticiasbahia360.com.br\/?author=1"},"category_info":"<a href=\"https:\/\/noticiasbahia360.com.br\/?cat=8\" rel=\"category\">Bahia<\/a> <a href=\"https:\/\/noticiasbahia360.com.br\/?cat=9\" rel=\"category\">Brasil<\/a> <a href=\"https:\/\/noticiasbahia360.com.br\/?cat=6\" rel=\"category\">Feira de Santana<\/a> <a href=\"https:\/\/noticiasbahia360.com.br\/?cat=57\" rel=\"category\">Mundo<\/a> <a href=\"https:\/\/noticiasbahia360.com.br\/?cat=56\" rel=\"category\">Pol\u00edcia<\/a> <a href=\"https:\/\/noticiasbahia360.com.br\/?cat=10\" rel=\"category\">Pol\u00edtica<\/a>","tag_info":"Pol\u00edtica","comment_count":"0","_links":{"self":[{"href":"https:\/\/noticiasbahia360.com.br\/index.php?rest_route=\/wp\/v2\/posts\/128486","targetHints":{"allow":["GET"]}}],"collection":[{"href":"https:\/\/noticiasbahia360.com.br\/index.php?rest_route=\/wp\/v2\/posts"}],"about":[{"href":"https:\/\/noticiasbahia360.com.br\/index.php?rest_route=\/wp\/v2\/types\/post"}],"author":[{"embeddable":true,"href":"https:\/\/noticiasbahia360.com.br\/index.php?rest_route=\/wp\/v2\/users\/1"}],"replies":[{"embeddable":true,"href":"https:\/\/noticiasbahia360.com.br\/index.php?rest_route=%2Fwp%2Fv2%2Fcomments&post=128486"}],"version-history":[{"count":0,"href":"https:\/\/noticiasbahia360.com.br\/index.php?rest_route=\/wp\/v2\/posts\/128486\/revisions"}],"wp:featuredmedia":[{"embeddable":true,"href":"https:\/\/noticiasbahia360.com.br\/index.php?rest_route=\/wp\/v2\/media\/128487"}],"wp:attachment":[{"href":"https:\/\/noticiasbahia360.com.br\/index.php?rest_route=%2Fwp%2Fv2%2Fmedia&parent=128486"}],"wp:term":[{"taxonomy":"category","embeddable":true,"href":"https:\/\/noticiasbahia360.com.br\/index.php?rest_route=%2Fwp%2Fv2%2Fcategories&post=128486"},{"taxonomy":"post_tag","embeddable":true,"href":"https:\/\/noticiasbahia360.com.br\/index.php?rest_route=%2Fwp%2Fv2%2Ftags&post=128486"}],"curies":[{"name":"wp","href":"https:\/\/api.w.org\/{rel}","templated":true}]}}