{"id":128488,"date":"2026-04-27T09:01:54","date_gmt":"2026-04-27T12:01:54","guid":{"rendered":"https:\/\/noticiasbahia360.com.br\/?p=128488"},"modified":"2026-04-27T09:01:54","modified_gmt":"2026-04-27T12:01:54","slug":"para-ampliar-producao-byd-vai-oferecer-mais-de-16-mil-vagas-de-emprego-na-bahia","status":"publish","type":"post","link":"https:\/\/noticiasbahia360.com.br\/?p=128488","title":{"rendered":"Para ampliar produ\u00e7\u00e3o, BYD vai oferecer mais de 1,6 mil vagas de emprego na Bahia"},"content":{"rendered":"<div>\n<div>\n<figure><img decoding=\"async\" src=\"http:\/\/noticiasbahia360.com.br\/wp-content\/uploads\/2026\/04\/Fabrica-da-BYD-em-Camacari-.webp\" alt=\"F\u00e1brica BYD\"><figcaption>F\u00e1brica BYD | Foto: Eduardo Andrade\/Ascom SDE<\/figcaption><\/figure>\n<\/div>\n<p>A montadora chinesa BYD (<a href=\"https:\/\/www.acordacidade.com.br\/tag\/byd\/\" type=\"post_tag\" id=\"65219\">Build Your Dreams<\/a>) est\u00e1 com 1.654 vagas de emprego abertas para a f\u00e1brica instalada em Cama\u00e7ari, na Regi\u00e3o Metropolitana de Salvador.<\/p>\n<p>O complexo industrial, que passar\u00e1 a funcionar em regime de 24 horas por dia a partir de julho, deve receber os novos funcion\u00e1rios no terceiro turno de produ\u00e7\u00e3o.<\/p>\n<p>Segundo divulgou o g1, a BYD pretende aumentar a capacidade produtiva da empresa para acelerar a entrega dos ve\u00edculos por todo Brasil.<\/p>\n<p>Para concorrer, os candidatos devem buscar o SineBahia, por meio do Centro de Informa\u00e7\u00e3o e Apoio ao Trabalhador (Ciat) de Cama\u00e7ari e tamb\u00e9m pela plataforma digital da BYD.<\/p>\n<p><strong>Entre os cargos dispon\u00edveis est\u00e3o:<\/strong><\/p>\n<ul class=\"wp-block-list\">\n<li>Condutor interno<\/li>\n<li>Inspetor de qualidade<\/li>\n<li>Motorista carreteiro<\/li>\n<li>Operador log\u00edstico<\/li>\n<li>Operador de equipamentos<\/li>\n<li>T\u00e9cnico em el\u00e9trica<\/li>\n<li>T\u00e9cnico em mec\u00e2nica<\/li>\n<li>Operador de produ\u00e7\u00e3o<\/li>\n<\/ul>\n<p><strong>Ser\u00e3o priorizados candidatos das cidades de Cama\u00e7ari, Salvador, Mata de S\u00e3o Jo\u00e3o e Dias D\u2019\u00c1vila.<\/strong> Ainda segundo a empresa, n\u00e3o h\u00e1 exig\u00eancia de uma idade m\u00ednima para concorrer \u00e0s vagas, mas \u00e9 preciso que o candidato atenda aos requisitos de cada fun\u00e7\u00e3o.<\/p>\n<p>O processo seletivo \u00e9 gratuito. A BYD refor\u00e7ou que n\u00e3o cobra qualquer valor para participa\u00e7\u00e3o e que n\u00e3o envia cartas de convoca\u00e7\u00e3o aos candidatos.<\/p>\n<p><em>Siga o Acorda Cidade no\u00a0<\/em><a href=\"https:\/\/news.google.com\/search?q=acorda%20cidade&amp;hl=pt-BR&amp;gl=BR&amp;ceid=BR%3Apt-419\"><strong><em>Google Not\u00edcias<\/em><\/strong><\/a><em> e receba os principais destaques do dia. Participe tamb\u00e9m dos nossos canais no\u00a0<\/em><a href=\"https:\/\/www.whatsapp.com\/channel\/0029Va6Rb4v3WHTNnsh8WI3N\"><strong><em>WhatsApp<\/em><\/strong><\/a><em> e\u00a0<\/em><a href=\"https:\/\/www.youtube.com\/@acordacidadenoticias\/videos\"><strong>YouTube<\/strong><\/a><em>e do grupo no\u00a0<\/em><a href=\"https:\/\/t.me\/+sSz0khrgARA0ZmRh\"><strong><em>Telegram<\/em><\/strong><\/a><em>.<\/em><\/p>\n<\/div>\n","protected":false},"excerpt":{"rendered":"<div>\n<div>\n<figure><img decoding=\"async\" src=\"https:\/\/www.acordacidade.com.br\/wp-content\/uploads\/2026\/02\/Fabrica-da-BYD-em-Camacari-.webp\" alt=\"F\u00e1brica BYD\"><figcaption>F\u00e1brica BYD | Foto: Eduardo Andrade\/Ascom SDE<\/figcaption><\/figure>\n<\/div>\n<p>A BYD, que passar\u00e1 a funcionar em regime de 24h por dia a partir de julho, deve receber os novos funcion\u00e1rios no terceiro turno de produ\u00e7\u00e3o.<\/p><\/div>\n","protected":false},"author":1,"featured_media":128489,"comment_status":"closed","ping_status":"closed","sticky":false,"template":"","format":"gallery","meta":{"footnotes":""},"categories":[8,9,6,57,56,10],"tags":[],"class_list":["post-128488","post","type-post","status-publish","format-gallery","has-post-thumbnail","hentry","category-bahia","category-brasil","category-feira-de-santana","category-mundo","category-policia","category-politica","post_format-post-format-gallery"],"featured_image_urls":{"full":["https:\/\/noticiasbahia360.com.br\/wp-content\/uploads\/2026\/04\/Fabrica-da-BYD-em-Camacari-.webp",1200,813,false],"thumbnail":["https:\/\/noticiasbahia360.com.br\/wp-content\/uploads\/2026\/04\/Fabrica-da-BYD-em-Camacari--150x150.webp",150,150,true],"medium":["https:\/\/noticiasbahia360.com.br\/wp-content\/uploads\/2026\/04\/Fabrica-da-BYD-em-Camacari--300x203.webp",300,203,true],"medium_large":["https:\/\/noticiasbahia360.com.br\/wp-content\/uploads\/2026\/04\/Fabrica-da-BYD-em-Camacari--768x520.webp",640,433,true],"large":["https:\/\/noticiasbahia360.com.br\/wp-content\/uploads\/2026\/04\/Fabrica-da-BYD-em-Camacari--1024x694.webp",640,434,true],"1536x1536":["https:\/\/noticiasbahia360.com.br\/wp-content\/uploads\/2026\/04\/Fabrica-da-BYD-em-Camacari-.webp",1200,813,false],"2048x2048":["https:\/\/noticiasbahia360.com.br\/wp-content\/uploads\/2026\/04\/Fabrica-da-BYD-em-Camacari-.webp",1200,813,false],"chromenews-featured":["https:\/\/noticiasbahia360.com.br\/wp-content\/uploads\/2026\/04\/Fabrica-da-BYD-em-Camacari--1024x694.webp",1024,694,true],"chromenews-large":["https:\/\/noticiasbahia360.com.br\/wp-content\/uploads\/2026\/04\/Fabrica-da-BYD-em-Camacari--825x575.webp",825,575,true],"chromenews-medium":["https:\/\/noticiasbahia360.com.br\/wp-content\/uploads\/2026\/04\/Fabrica-da-BYD-em-Camacari--590x410.webp",590,410,true]},"author_info":{"display_name":"noticiasbahia360.com.br","author_link":"https:\/\/noticiasbahia360.com.br\/?author=1"},"category_info":"<a href=\"https:\/\/noticiasbahia360.com.br\/?cat=8\" rel=\"category\">Bahia<\/a> <a href=\"https:\/\/noticiasbahia360.com.br\/?cat=9\" rel=\"category\">Brasil<\/a> <a href=\"https:\/\/noticiasbahia360.com.br\/?cat=6\" rel=\"category\">Feira de Santana<\/a> <a href=\"https:\/\/noticiasbahia360.com.br\/?cat=57\" rel=\"category\">Mundo<\/a> <a href=\"https:\/\/noticiasbahia360.com.br\/?cat=56\" rel=\"category\">Pol\u00edcia<\/a> <a href=\"https:\/\/noticiasbahia360.com.br\/?cat=10\" rel=\"category\">Pol\u00edtica<\/a>","tag_info":"Pol\u00edtica","comment_count":"0","_links":{"self":[{"href":"https:\/\/noticiasbahia360.com.br\/index.php?rest_route=\/wp\/v2\/posts\/128488","targetHints":{"allow":["GET"]}}],"collection":[{"href":"https:\/\/noticiasbahia360.com.br\/index.php?rest_route=\/wp\/v2\/posts"}],"about":[{"href":"https:\/\/noticiasbahia360.com.br\/index.php?rest_route=\/wp\/v2\/types\/post"}],"author":[{"embeddable":true,"href":"https:\/\/noticiasbahia360.com.br\/index.php?rest_route=\/wp\/v2\/users\/1"}],"replies":[{"embeddable":true,"href":"https:\/\/noticiasbahia360.com.br\/index.php?rest_route=%2Fwp%2Fv2%2Fcomments&post=128488"}],"version-history":[{"count":0,"href":"https:\/\/noticiasbahia360.com.br\/index.php?rest_route=\/wp\/v2\/posts\/128488\/revisions"}],"wp:featuredmedia":[{"embeddable":true,"href":"https:\/\/noticiasbahia360.com.br\/index.php?rest_route=\/wp\/v2\/media\/128489"}],"wp:attachment":[{"href":"https:\/\/noticiasbahia360.com.br\/index.php?rest_route=%2Fwp%2Fv2%2Fmedia&parent=128488"}],"wp:term":[{"taxonomy":"category","embeddable":true,"href":"https:\/\/noticiasbahia360.com.br\/index.php?rest_route=%2Fwp%2Fv2%2Fcategories&post=128488"},{"taxonomy":"post_tag","embeddable":true,"href":"https:\/\/noticiasbahia360.com.br\/index.php?rest_route=%2Fwp%2Fv2%2Ftags&post=128488"}],"curies":[{"name":"wp","href":"https:\/\/api.w.org\/{rel}","templated":true}]}} 