{"id":128490,"date":"2026-04-27T09:32:03","date_gmt":"2026-04-27T12:32:03","guid":{"rendered":"https:\/\/noticiasbahia360.com.br\/?p=128490"},"modified":"2026-04-27T09:32:03","modified_gmt":"2026-04-27T12:32:03","slug":"prefeitura-convoca-aprovados-em-concurso-realizado-em-2024","status":"publish","type":"post","link":"https:\/\/noticiasbahia360.com.br\/?p=128490","title":{"rendered":"Prefeitura convoca aprovados em concurso realizado em 2024"},"content":{"rendered":"<div>\n<div>\n<figure><img decoding=\"async\" src=\"http:\/\/noticiasbahia360.com.br\/wp-content\/uploads\/2026\/04\/Prefeitura-de-Feira-de-Santana-Foto-Reproducao-Secretaria-Municipal-de-Comunicacao-Social-de-Feira-de-Santana-1.jpg\" alt=\"precat\u00f3rios Prefeitura de Feira de Santana\"><figcaption>Foto: Reprodu\u00e7\u00e3o\/ Secretaria Municipal de Comunica\u00e7\u00e3o Social de Feira de Santana<\/figcaption><\/figure>\n<\/div>\n<p>Cerca de 80 candidatos aprovados no concurso realizado pela Prefeitura de Feira de Santana em 2024 e homologado em 2025 foram convocados para apresentar as documenta\u00e7\u00f5es e os exames m\u00e9dicos exigidos para a admiss\u00e3o no servi\u00e7o p\u00fablico.<\/p>\n<p>Foram chamados aprovados para os cargos permanentes de administrador, enfermeiro, psic\u00f3logo, t\u00e9cnico em enfermagem, engenheiro de seguran\u00e7a do trabalho, entre outros.<\/p>\n<p>Os candidatos dever\u00e3o entregar documentos e exames \u2014 originais e c\u00f3pias \u2014 at\u00e9 o dia 27 de maio, no Departamento de Gest\u00e3o de Pessoas da Secretaria de Administra\u00e7\u00e3o, na Avenida Sampaio, 344, Centro.<\/p>\n<p>A lista completa, inclusive com os documentos espec\u00edficos para alguns cargos, foi publicada na edi\u00e7\u00e3o deste s\u00e1bado (25) do site oficial da Prefeitura \u2014 <a href=\"https:\/\/diariooficial.feiradesantana.ba.gov.br\/atos\/executivo\/10LGFRUC24042026189.pdf\" target=\"_blank\" rel=\"noreferrer noopener\">www.diariooficial.feiradesantana.ba.gov.br<\/a>.<\/p>\n<p>Na sequ\u00eancia, ser\u00e1 feito o agendamento da inspe\u00e7\u00e3o m\u00e9dica, seguindo a ordem de comparecimento e respeitando o prazo de 30 dias corridos a contar da data de publica\u00e7\u00e3o do edital de convoca\u00e7\u00e3o dos aprovados.<\/p>\n<p>Caso o candidato n\u00e3o compare\u00e7a no prazo estipulado no edital de convoca\u00e7\u00e3o ou n\u00e3o apresente as documenta\u00e7\u00f5es exigidas, perder\u00e1 o direito \u00e0 nomea\u00e7\u00e3o e ao consequente ingresso no servi\u00e7o p\u00fablico.<\/p>\n<p><em>As informa\u00e7\u00f5es s\u00e3o da Secretaria de Comunica\u00e7\u00e3o Social<\/em><\/p>\n<p><em>Siga o Acorda Cidade no<\/em><a href=\"https:\/\/news.google.com\/search?q=acorda%20cidade&amp;hl=pt-BR&amp;gl=BR&amp;ceid=BR%3Apt-419\"><strong><em> Google Not\u00edcias<\/em><\/strong><\/a><em> e receba os principais destaques do dia. Participe tamb\u00e9m dos nossos canais no <\/em><a href=\"https:\/\/www.whatsapp.com\/channel\/0029Va6Rb4v3WHTNnsh8WI3N\"><strong><em>WhatsApp<\/em><\/strong><\/a><em> e <\/em><a href=\"https:\/\/www.youtube.com\/@acordacidadenoticias\/videos\"><strong>YouTube<\/strong><\/a><em> e grupo de <\/em><a href=\"https:\/\/t.me\/+sSz0khrgARA0ZmRh\"><strong><em>Telegram<\/em><\/strong><\/a><em>.<\/em><\/p>\n<\/div>\n","protected":false},"excerpt":{"rendered":"<div>\n<div>\n<figure><img decoding=\"async\" src=\"https:\/\/uploads.acordacidade.com.br\/2026\/03\/Prefeitura-de-Feira-de-Santana-Foto-Reproducao-Secretaria-Municipal-de-Comunicacao-Social-de-Feira-de-Santana.jpg\" alt=\"precat\u00f3rios Prefeitura de Feira de Santana\"><figcaption>Foto: Reprodu\u00e7\u00e3o\/ Secretaria Municipal de Comunica\u00e7\u00e3o Social de Feira de Santana<\/figcaption><\/figure>\n<\/div>\n<p>Os candidatos aprovados no concurso dever\u00e3o entregar documentos e exames \u2014 originais e c\u00f3pias \u2014 at\u00e9 o dia 27 de maio.<\/p><\/div>\n","protected":false},"author":1,"featured_media":128491,"comment_status":"closed","ping_status":"closed","sticky":false,"template":"","format":"gallery","meta":{"footnotes":""},"categories":[8,9,6,57,56,10],"tags":[],"class_list":["post-128490","post","type-post","status-publish","format-gallery","has-post-thumbnail","hentry","category-bahia","category-brasil","category-feira-de-santana","category-mundo","category-policia","category-politica","post_format-post-format-gallery"],"featured_image_urls":{"full":["https:\/\/noticiasbahia360.com.br\/wp-content\/uploads\/2026\/04\/Prefeitura-de-Feira-de-Santana-Foto-Reproducao-Secretaria-Municipal-de-Comunicacao-Social-de-Feira-de-Santana-1.jpg",1200,691,false],"thumbnail":["https:\/\/noticiasbahia360.com.br\/wp-content\/uploads\/2026\/04\/Prefeitura-de-Feira-de-Santana-Foto-Reproducao-Secretaria-Municipal-de-Comunicacao-Social-de-Feira-de-Santana-1-150x150.jpg",150,150,true],"medium":["https:\/\/noticiasbahia360.com.br\/wp-content\/uploads\/2026\/04\/Prefeitura-de-Feira-de-Santana-Foto-Reproducao-Secretaria-Municipal-de-Comunicacao-Social-de-Feira-de-Santana-1-300x173.jpg",300,173,true],"medium_large":["https:\/\/noticiasbahia360.com.br\/wp-content\/uploads\/2026\/04\/Prefeitura-de-Feira-de-Santana-Foto-Reproducao-Secretaria-Municipal-de-Comunicacao-Social-de-Feira-de-Santana-1-768x442.jpg",640,368,true],"large":["https:\/\/noticiasbahia360.com.br\/wp-content\/uploads\/2026\/04\/Prefeitura-de-Feira-de-Santana-Foto-Reproducao-Secretaria-Municipal-de-Comunicacao-Social-de-Feira-de-Santana-1-1024x590.jpg",640,369,true],"1536x1536":["https:\/\/noticiasbahia360.com.br\/wp-content\/uploads\/2026\/04\/Prefeitura-de-Feira-de-Santana-Foto-Reproducao-Secretaria-Municipal-de-Comunicacao-Social-de-Feira-de-Santana-1.jpg",1200,691,false],"2048x2048":["https:\/\/noticiasbahia360.com.br\/wp-content\/uploads\/2026\/04\/Prefeitura-de-Feira-de-Santana-Foto-Reproducao-Secretaria-Municipal-de-Comunicacao-Social-de-Feira-de-Santana-1.jpg",1200,691,false],"chromenews-featured":["https:\/\/noticiasbahia360.com.br\/wp-content\/uploads\/2026\/04\/Prefeitura-de-Feira-de-Santana-Foto-Reproducao-Secretaria-Municipal-de-Comunicacao-Social-de-Feira-de-Santana-1-1024x590.jpg",1024,590,true],"chromenews-large":["https:\/\/noticiasbahia360.com.br\/wp-content\/uploads\/2026\/04\/Prefeitura-de-Feira-de-Santana-Foto-Reproducao-Secretaria-Municipal-de-Comunicacao-Social-de-Feira-de-Santana-1-825x575.jpg",825,575,true],"chromenews-medium":["https:\/\/noticiasbahia360.com.br\/wp-content\/uploads\/2026\/04\/Prefeitura-de-Feira-de-Santana-Foto-Reproducao-Secretaria-Municipal-de-Comunicacao-Social-de-Feira-de-Santana-1-590x410.jpg",590,410,true]},"author_info":{"display_name":"noticiasbahia360.com.br","author_link":"https:\/\/noticiasbahia360.com.br\/?author=1"},"category_info":"<a href=\"https:\/\/noticiasbahia360.com.br\/?cat=8\" rel=\"category\">Bahia<\/a> <a href=\"https:\/\/noticiasbahia360.com.br\/?cat=9\" rel=\"category\">Brasil<\/a> <a href=\"https:\/\/noticiasbahia360.com.br\/?cat=6\" rel=\"category\">Feira de Santana<\/a> <a href=\"https:\/\/noticiasbahia360.com.br\/?cat=57\" rel=\"category\">Mundo<\/a> <a href=\"https:\/\/noticiasbahia360.com.br\/?cat=56\" rel=\"category\">Pol\u00edcia<\/a> <a href=\"https:\/\/noticiasbahia360.com.br\/?cat=10\" rel=\"category\">Pol\u00edtica<\/a>","tag_info":"Pol\u00edtica","comment_count":"0","_links":{"self":[{"href":"https:\/\/noticiasbahia360.com.br\/index.php?rest_route=\/wp\/v2\/posts\/128490","targetHints":{"allow":["GET"]}}],"collection":[{"href":"https:\/\/noticiasbahia360.com.br\/index.php?rest_route=\/wp\/v2\/posts"}],"about":[{"href":"https:\/\/noticiasbahia360.com.br\/index.php?rest_route=\/wp\/v2\/types\/post"}],"author":[{"embeddable":true,"href":"https:\/\/noticiasbahia360.com.br\/index.php?rest_route=\/wp\/v2\/users\/1"}],"replies":[{"embeddable":true,"href":"https:\/\/noticiasbahia360.com.br\/index.php?rest_route=%2Fwp%2Fv2%2Fcomments&post=128490"}],"version-history":[{"count":0,"href":"https:\/\/noticiasbahia360.com.br\/index.php?rest_route=\/wp\/v2\/posts\/128490\/revisions"}],"wp:featuredmedia":[{"embeddable":true,"href":"https:\/\/noticiasbahia360.com.br\/index.php?rest_route=\/wp\/v2\/media\/128491"}],"wp:attachment":[{"href":"https:\/\/noticiasbahia360.com.br\/index.php?rest_route=%2Fwp%2Fv2%2Fmedia&parent=128490"}],"wp:term":[{"taxonomy":"category","embeddable":true,"href":"https:\/\/noticiasbahia360.com.br\/index.php?rest_route=%2Fwp%2Fv2%2Fcategories&post=128490"},{"taxonomy":"post_tag","embeddable":true,"href":"https:\/\/noticiasbahia360.com.br\/index.php?rest_route=%2Fwp%2Fv2%2Ftags&post=128490"}],"curies":[{"name":"wp","href":"https:\/\/api.w.org\/{rel}","templated":true}]}}