{"id":128492,"date":"2026-04-27T09:51:25","date_gmt":"2026-04-27T12:51:25","guid":{"rendered":"https:\/\/noticiasbahia360.com.br\/?p=128492"},"modified":"2026-04-27T09:51:25","modified_gmt":"2026-04-27T12:51:25","slug":"policia-rodoviaria-federal-resgata-10-aves-silvestres-em-antonio-cardoso","status":"publish","type":"post","link":"https:\/\/noticiasbahia360.com.br\/?p=128492","title":{"rendered":"Pol\u00edcia Rodovi\u00e1ria Federal resgata 10 aves silvestres em Ant\u00f4nio Cardoso"},"content":{"rendered":"<div>\n<div>\n<figure><img decoding=\"async\" src=\"http:\/\/noticiasbahia360.com.br\/wp-content\/uploads\/2026\/04\/Resgate-de-aves-silvestres-em-Antonio-Cardoso.webp\" alt=\"Pol\u00edcia Rodovi\u00e1ria Federal resgata 10 aves silvestres em Ant\u00f4nio Cardoso\"><figcaption>Foto: Divulga\u00e7\u00e3o\/PRF<\/figcaption><\/figure>\n<\/div>\n<p>Na manh\u00e3 do \u00faltimo domingo (26), a Pol\u00edcia Rodovi\u00e1ria Federal (PRF) resgatou 10 esp\u00e9cies de aves silvestres durante uma fiscaliza\u00e7\u00e3o de rotina no quil\u00f4metro 452 da BR-116, no munic\u00edpio de Ant\u00f4nio Cardoso.<\/p>\n<p>As aves s\u00e3o popularmente conhecidas como papa-capim. Segundo a inspetora da PRF, L\u00edvia Marcelino, os animais eram transportados no interior de um carro de passeio.<\/p>\n<p>Durante a inspe\u00e7\u00e3o no ve\u00edculo, a equipe verificou que apenas uma das 10 aves possu\u00eda anilha de identifica\u00e7\u00e3o. Os outros nove animais n\u00e3o apresentavam qualquer sinal de registro ou marca\u00e7\u00e3o legal.<\/p>\n<p>Ao Acorda Cidade, Marcelino explicou a import\u00e2ncia da identifica\u00e7\u00e3o dos animais para evitar contrabando.<\/p>\n<p>\u201cA anilha \u00e9 que esse anel met\u00e1lico \u00e9 inviol\u00e1vel, colocado na pata da ave logo nos primeiros dias de vida. Ela funciona como um CPF do animal, contendo dados que permitem rastrear sua origem legal em criadores autorizados pelo Ibama ou \u00f3rg\u00e3o estadual competente. O animal anilhado, quando o registro est\u00e1 em dia e o transportador possui a guia de tr\u00e2nsito, \u00e9 legal. O animal sem anilha, que \u00e9 ausente al\u00e9m desse acess\u00f3rio, ou a presen\u00e7a de anilha com sinal de adultera\u00e7\u00e3o caracteriza o animal como fruto de tr\u00e1fico ou captura ilegal da natureza, o que impossibilita a comprova\u00e7\u00e3o de sua proced\u00eancia\u201d, explicou a inspetora.<\/p>\n<figure class=\"wp-block-image size-full\"><img fetchpriority=\"high\" fetchpriority=\"high\" decoding=\"async\" width=\"1200\" height=\"675\" src=\"http:\/\/noticiasbahia360.com.br\/wp-content\/uploads\/2026\/04\/Resgate-de-aves-silvestres-em-Antonio-Cardoso-.webp\" alt=\"Pol\u00edcia Rodovi\u00e1ria Federal resgata 10 aves silvestres em Ant\u00f4nio Cardoso\" class=\"wp-image-650268\" srcset=\"http:\/\/noticiasbahia360.com.br\/wp-content\/uploads\/2026\/04\/Resgate-de-aves-silvestres-em-Antonio-Cardoso-.webp 1200w, https:\/\/uploads.acordacidade.com.br\/2026\/04\/Resgate-de-aves-silvestres-em-Antonio-Cardoso--750x422.webp 750w, https:\/\/uploads.acordacidade.com.br\/2026\/04\/Resgate-de-aves-silvestres-em-Antonio-Cardoso--1000x563.webp 1000w, https:\/\/uploads.acordacidade.com.br\/2026\/04\/Resgate-de-aves-silvestres-em-Antonio-Cardoso--450x253.webp 450w, https:\/\/uploads.acordacidade.com.br\/2026\/04\/Resgate-de-aves-silvestres-em-Antonio-Cardoso--150x84.webp 150w\" sizes=\"(max-width: 1200px) 100vw, 1200px\"><figcaption class=\"wp-element-caption\">Foto: Divulga\u00e7\u00e3o\/PRF<\/figcaption><\/figure>\n<p>Vale refor\u00e7ar que a retirada de aves silvestres do seu habitat natural \u00e9 crime ambiental fundamentado pela Lei n\u00ba 9.605\/1998 e compromete o equil\u00edbrio do ecossistema.<\/p>\n<p>\u201cO papa-capim, embora comum em algumas regi\u00f5es, desempenha um papel ecol\u00f3gico vital na dispers\u00e3o de sementes e no controle de popula\u00e7\u00f5es de insetos.\u201d<\/p>\n<p>Os animais foram encaminhados para o Inema (Instituto do Meio Ambiente E Recursos H\u00eddricos), onde devem passar por avalia\u00e7\u00e3o e receber os cuidados necess\u00e1rios antes da possibilidade de serem reintroduzidos \u00e0 natureza.<\/p>\n<p>J\u00e1 o condutor do ve\u00edculo assinou um Termo Circunstanciado de Ocorr\u00eancia (TCO), comprometendo-se a responder perante a justi\u00e7a pelos crimes contra fauna e transporte regular de esp\u00e9cie silvestre.<\/p>\n<p><em>Com informa\u00e7\u00f5es do rep\u00f3rter Ed Santos, do Acorda Cidade<\/em><\/p>\n<p><em>Siga o Acorda Cidade no\u00a0<\/em><a href=\"https:\/\/news.google.com\/search?q=acorda%20cidade&amp;hl=pt-BR&amp;gl=BR&amp;ceid=BR%3Apt-419\"><strong><em>Google Not\u00edcias<\/em><\/strong><\/a><em>\u00a0e receba os principais destaques do dia. Participe tamb\u00e9m dos nossos canais no\u00a0<\/em><a href=\"https:\/\/www.whatsapp.com\/channel\/0029Va6Rb4v3WHTNnsh8WI3N\"><strong><em>WhatsApp<\/em><\/strong><\/a><em>\u00a0e\u00a0<\/em><a href=\"https:\/\/www.youtube.com\/@acordacidadenoticias\/videos\"><strong>YouTube<\/strong><\/a><em>e do grupo no\u00a0<\/em><a href=\"https:\/\/t.me\/+sSz0khrgARA0ZmRh\"><strong><em>Telegram<\/em><\/strong><\/a><em>.<\/em><\/p>\n<\/div>\n","protected":false},"excerpt":{"rendered":"<div>\n<div>\n<figure><img decoding=\"async\" src=\"https:\/\/uploads.acordacidade.com.br\/2026\/04\/Resgate-de-aves-silvestres-em-Antonio-Cardoso.webp\" alt=\"Pol\u00edcia Rodovi\u00e1ria Federal resgata 10 aves silvestres em Ant\u00f4nio Cardoso\"><figcaption>Foto: Divulga\u00e7\u00e3o\/PRF<\/figcaption><\/figure>\n<\/div>\n<p>Segundo a inspetora da PRF, L\u00edvia Marcelino, as aves silvestres eram transportadas no interior de um carro de passeio.<\/p><\/div>\n","protected":false},"author":1,"featured_media":128493,"comment_status":"closed","ping_status":"closed","sticky":false,"template":"","format":"gallery","meta":{"footnotes":""},"categories":[8,9,6,57,56,10],"tags":[],"class_list":["post-128492","post","type-post","status-publish","format-gallery","has-post-thumbnail","hentry","category-bahia","category-brasil","category-feira-de-santana","category-mundo","category-policia","category-politica","post_format-post-format-gallery"],"featured_image_urls":{"full":["https:\/\/noticiasbahia360.com.br\/wp-content\/uploads\/2026\/04\/Resgate-de-aves-silvestres-em-Antonio-Cardoso.webp",1200,824,false],"thumbnail":["https:\/\/noticiasbahia360.com.br\/wp-content\/uploads\/2026\/04\/Resgate-de-aves-silvestres-em-Antonio-Cardoso-150x150.webp",150,150,true],"medium":["https:\/\/noticiasbahia360.com.br\/wp-content\/uploads\/2026\/04\/Resgate-de-aves-silvestres-em-Antonio-Cardoso-300x206.webp",300,206,true],"medium_large":["https:\/\/noticiasbahia360.com.br\/wp-content\/uploads\/2026\/04\/Resgate-de-aves-silvestres-em-Antonio-Cardoso-768x527.webp",640,439,true],"large":["https:\/\/noticiasbahia360.com.br\/wp-content\/uploads\/2026\/04\/Resgate-de-aves-silvestres-em-Antonio-Cardoso-1024x703.webp",640,439,true],"1536x1536":["https:\/\/noticiasbahia360.com.br\/wp-content\/uploads\/2026\/04\/Resgate-de-aves-silvestres-em-Antonio-Cardoso.webp",1200,824,false],"2048x2048":["https:\/\/noticiasbahia360.com.br\/wp-content\/uploads\/2026\/04\/Resgate-de-aves-silvestres-em-Antonio-Cardoso.webp",1200,824,false],"chromenews-featured":["https:\/\/noticiasbahia360.com.br\/wp-content\/uploads\/2026\/04\/Resgate-de-aves-silvestres-em-Antonio-Cardoso-1024x703.webp",1024,703,true],"chromenews-large":["https:\/\/noticiasbahia360.com.br\/wp-content\/uploads\/2026\/04\/Resgate-de-aves-silvestres-em-Antonio-Cardoso-825x575.webp",825,575,true],"chromenews-medium":["https:\/\/noticiasbahia360.com.br\/wp-content\/uploads\/2026\/04\/Resgate-de-aves-silvestres-em-Antonio-Cardoso-590x410.webp",590,410,true]},"author_info":{"display_name":"noticiasbahia360.com.br","author_link":"https:\/\/noticiasbahia360.com.br\/?author=1"},"category_info":"<a href=\"https:\/\/noticiasbahia360.com.br\/?cat=8\" rel=\"category\">Bahia<\/a> <a href=\"https:\/\/noticiasbahia360.com.br\/?cat=9\" rel=\"category\">Brasil<\/a> <a href=\"https:\/\/noticiasbahia360.com.br\/?cat=6\" rel=\"category\">Feira de Santana<\/a> <a href=\"https:\/\/noticiasbahia360.com.br\/?cat=57\" rel=\"category\">Mundo<\/a> <a href=\"https:\/\/noticiasbahia360.com.br\/?cat=56\" rel=\"category\">Pol\u00edcia<\/a> <a href=\"https:\/\/noticiasbahia360.com.br\/?cat=10\" rel=\"category\">Pol\u00edtica<\/a>","tag_info":"Pol\u00edtica","comment_count":"0","_links":{"self":[{"href":"https:\/\/noticiasbahia360.com.br\/index.php?rest_route=\/wp\/v2\/posts\/128492","targetHints":{"allow":["GET"]}}],"collection":[{"href":"https:\/\/noticiasbahia360.com.br\/index.php?rest_route=\/wp\/v2\/posts"}],"about":[{"href":"https:\/\/noticiasbahia360.com.br\/index.php?rest_route=\/wp\/v2\/types\/post"}],"author":[{"embeddable":true,"href":"https:\/\/noticiasbahia360.com.br\/index.php?rest_route=\/wp\/v2\/users\/1"}],"replies":[{"embeddable":true,"href":"https:\/\/noticiasbahia360.com.br\/index.php?rest_route=%2Fwp%2Fv2%2Fcomments&post=128492"}],"version-history":[{"count":0,"href":"https:\/\/noticiasbahia360.com.br\/index.php?rest_route=\/wp\/v2\/posts\/128492\/revisions"}],"wp:featuredmedia":[{"embeddable":true,"href":"https:\/\/noticiasbahia360.com.br\/index.php?rest_route=\/wp\/v2\/media\/128493"}],"wp:attachment":[{"href":"https:\/\/noticiasbahia360.com.br\/index.php?rest_route=%2Fwp%2Fv2%2Fmedia&parent=128492"}],"wp:term":[{"taxonomy":"category","embeddable":true,"href":"https:\/\/noticiasbahia360.com.br\/index.php?rest_route=%2Fwp%2Fv2%2Fcategories&post=128492"},{"taxonomy":"post_tag","embeddable":true,"href":"https:\/\/noticiasbahia360.com.br\/index.php?rest_route=%2Fwp%2Fv2%2Ftags&post=128492"}],"curies":[{"name":"wp","href":"https:\/\/api.w.org\/{rel}","templated":true}]}}