{"id":128495,"date":"2026-04-27T10:26:45","date_gmt":"2026-04-27T13:26:45","guid":{"rendered":"https:\/\/noticiasbahia360.com.br\/?p=128495"},"modified":"2026-04-27T10:26:45","modified_gmt":"2026-04-27T13:26:45","slug":"moradores-enfrentam-longa-fila-para-quitar-pendencias-eleitorais-em-feira-de-santana-prazo-encerra-dia-6-de-maio","status":"publish","type":"post","link":"https:\/\/noticiasbahia360.com.br\/?p=128495","title":{"rendered":"Moradores enfrentam longa fila para quitar pend\u00eancias eleitorais em Feira de Santana; prazo encerra dia 6 de maio"},"content":{"rendered":"<div>\n<div>\n<figure><img decoding=\"async\" src=\"http:\/\/noticiasbahia360.com.br\/wp-content\/uploads\/2026\/04\/Fila-forum-eleitoral-Feira-de-Santana-foto-Paulo-Jose-Aocrda-Cidade-02.jpg\" alt=\"Fila\"><figcaption>Foto: Paulo Jos\u00e9 \/ Acorda Cidade <\/figcaption><\/figure>\n<\/div>\n<div class=\"wp-block-group\">\n<div class=\"wp-block-group__inner-container is-layout-constrained wp-block-group-is-layout-constrained\">\n<p>Moradores de Feira de Santana est\u00e3o enfrentando longas filas para regularizar pend\u00eancias com a Justi\u00e7a Eleitoral. Nesta segunda-feira (27), a exatos dez dias para o fim do prazo para quita\u00e7\u00e3o de demandas, muita gente confessou que teve que madrugar na esperan\u00e7a de conseguir uma senha.<\/p>\n<p>Em uma r\u00e1pida confer\u00eancia na fila, que dava volta no pr\u00e9dio do F\u00f3rum Eleitoral, no bairro Queimadinha, a reportagem do Acorda Cidade constatou que, apesar da presen\u00e7a de diversos perfis de eleitores, todos eles tinham dois sentimentos em comum: ansiedade e preocupa\u00e7\u00e3o.<\/p>\n<figure class=\"wp-block-image size-full\"><img fetchpriority=\"high\" fetchpriority=\"high\" decoding=\"async\" width=\"1200\" height=\"675\" src=\"http:\/\/noticiasbahia360.com.br\/wp-content\/uploads\/2026\/04\/Fila-forum-eleitoral-Feira-de-Santana-foto-Paulo-Jose-Aocrda-Cidade-00.jpg\" alt=\"\" class=\"wp-image-650284\" srcset=\"http:\/\/noticiasbahia360.com.br\/wp-content\/uploads\/2026\/04\/Fila-forum-eleitoral-Feira-de-Santana-foto-Paulo-Jose-Aocrda-Cidade-00.jpg 1200w, https:\/\/uploads.acordacidade.com.br\/2026\/04\/Fila-forum-eleitoral-Feira-de-Santana-foto-Paulo-Jose-Aocrda-Cidade-00-750x422.jpg 750w, https:\/\/uploads.acordacidade.com.br\/2026\/04\/Fila-forum-eleitoral-Feira-de-Santana-foto-Paulo-Jose-Aocrda-Cidade-00-1000x563.jpg 1000w, https:\/\/uploads.acordacidade.com.br\/2026\/04\/Fila-forum-eleitoral-Feira-de-Santana-foto-Paulo-Jose-Aocrda-Cidade-00-450x253.jpg 450w, https:\/\/uploads.acordacidade.com.br\/2026\/04\/Fila-forum-eleitoral-Feira-de-Santana-foto-Paulo-Jose-Aocrda-Cidade-00-150x84.jpg 150w\" sizes=\"(max-width: 1200px) 100vw, 1200px\"><figcaption class=\"wp-element-caption\">Foto: Paulo Jos\u00e9 \/ Acorda Cidade <\/figcaption><\/figure>\n<p>Rebeca Mariana explicou que teve que acordar bem cedo para conseguir um dos primeiros lugares na fila e que, mesmo sacrificando muitas horas de sono, s\u00f3 conseguiu chegar ao f\u00f3rum por volta das 6h.<\/p>\n<p>J\u00e1 um morador do distrito de Tiquaru\u00e7u, que preferiu n\u00e3o ser identificado, contou para a reportagem do Acorda Cidade que fez o mesmo: dormiu poucas horas nesta madrugada para chegar bem cedo ao local.<\/p>\n<p>\u201cEu vim acompanhar um companheiro idoso porque ele est\u00e1 precisando fazer a transfer\u00eancia do t\u00edtulo. Ele mora na zona rural, mas o t\u00edtulo dele \u00e9 de Salvador. Ent\u00e3o, hoje, ele quer fazer a transfer\u00eancia para Feira de Santana\u201d, disse o morador.<\/p>\n<figure class=\"wp-block-image size-full\"><img decoding=\"async\" width=\"1200\" height=\"675\" src=\"http:\/\/noticiasbahia360.com.br\/wp-content\/uploads\/2026\/04\/Fila-forum-eleitoral-Feira-de-Santana-foto-Paulo-Jose-Aocrda-Cidade-01.jpg\" alt=\"\" class=\"wp-image-650283\" srcset=\"http:\/\/noticiasbahia360.com.br\/wp-content\/uploads\/2026\/04\/Fila-forum-eleitoral-Feira-de-Santana-foto-Paulo-Jose-Aocrda-Cidade-01.jpg 1200w, https:\/\/uploads.acordacidade.com.br\/2026\/04\/Fila-forum-eleitoral-Feira-de-Santana-foto-Paulo-Jose-Aocrda-Cidade-01-750x422.jpg 750w, https:\/\/uploads.acordacidade.com.br\/2026\/04\/Fila-forum-eleitoral-Feira-de-Santana-foto-Paulo-Jose-Aocrda-Cidade-01-1000x563.jpg 1000w, https:\/\/uploads.acordacidade.com.br\/2026\/04\/Fila-forum-eleitoral-Feira-de-Santana-foto-Paulo-Jose-Aocrda-Cidade-01-450x253.jpg 450w, https:\/\/uploads.acordacidade.com.br\/2026\/04\/Fila-forum-eleitoral-Feira-de-Santana-foto-Paulo-Jose-Aocrda-Cidade-01-150x84.jpg 150w\" sizes=\"(max-width: 1200px) 100vw, 1200px\"><figcaption class=\"wp-element-caption\">Foto: Paulo Jos\u00e9 \/ Acorda Cidade <\/figcaption><\/figure>\n<\/div>\n<\/div>\n<div class=\"wp-block-group\">\n<div class=\"wp-block-group__inner-container is-layout-constrained wp-block-group-is-layout-constrained\">\n<h3 class=\"wp-block-heading\" id=\"h-lingua-cocando\">L\u00edngua co\u00e7ando<\/h3>\n<p>Durante a intera\u00e7\u00e3o com as pessoas que aguardavam na fila, Cremilda Carvalho solicitou que a reportagem do Acorda Cidade conferisse os primeiros lugares da fila. Segundo a moradora, os cinco primeiros chegaram depois e trocaram de lugar com pessoas que j\u00e1 estavam no local.<\/p>\n<p>\u201cEu estou aqui desde cedo. Cheguei aqui \u00e0s 4h. Aquelas pessoas n\u00e3o estavam [l\u00e1 na frente]. Pe\u00e7a justificativa de como eles apareceram ali. Vai l\u00e1 perguntar \u00e0quelas cinco pessoas para elas justificarem como foi que elas brotaram [l\u00e1 naquele lugar] \u00e0s 6h\u201d, disse Cremilda.<\/p>\n<figure class=\"wp-block-image size-full\"><img decoding=\"async\" width=\"1200\" height=\"675\" src=\"http:\/\/noticiasbahia360.com.br\/wp-content\/uploads\/2026\/04\/Fila-forum-eleitoral-Feira-de-Santana-foto-Paulo-Jose-Aocrda-Cidade-.jpg\" alt=\"\" class=\"wp-image-650285\" srcset=\"http:\/\/noticiasbahia360.com.br\/wp-content\/uploads\/2026\/04\/Fila-forum-eleitoral-Feira-de-Santana-foto-Paulo-Jose-Aocrda-Cidade-.jpg 1200w, https:\/\/uploads.acordacidade.com.br\/2026\/04\/Fila-forum-eleitoral-Feira-de-Santana-foto-Paulo-Jose-Aocrda-Cidade--750x422.jpg 750w, https:\/\/uploads.acordacidade.com.br\/2026\/04\/Fila-forum-eleitoral-Feira-de-Santana-foto-Paulo-Jose-Aocrda-Cidade--1000x563.jpg 1000w, https:\/\/uploads.acordacidade.com.br\/2026\/04\/Fila-forum-eleitoral-Feira-de-Santana-foto-Paulo-Jose-Aocrda-Cidade--450x253.jpg 450w, https:\/\/uploads.acordacidade.com.br\/2026\/04\/Fila-forum-eleitoral-Feira-de-Santana-foto-Paulo-Jose-Aocrda-Cidade--150x84.jpg 150w\" sizes=\"(max-width: 1200px) 100vw, 1200px\"><figcaption class=\"wp-element-caption\">Foto: Paulo Jos\u00e9 \/ Acorda Cidade <\/figcaption><\/figure>\n<p>J\u00e1 Marizete Santana contou que teve que acordar por volta de 3h para conseguir um bom lugar. A moradora, que foi at\u00e9 o f\u00f3rum acompanhada pelo pr\u00f3prio esposo, disse que estava enfrentando a fila por um bom motivo. \u201cEu vou fazer uma transfer\u00eancia de nome. Eu sou casada e o meu t\u00edtulo ainda consta que eu estou solteira\u201d.<\/p>\n<\/div>\n<\/div>\n<div class=\"wp-block-group\">\n<div class=\"wp-block-group__inner-container is-layout-constrained wp-block-group-is-layout-constrained\">\n<h3 class=\"wp-block-heading\" id=\"h-compasso-de-espera\">Compasso de espera<\/h3>\n<p><strong>O prazo para quita\u00e7\u00e3o de pend\u00eancias com a Justi\u00e7a Eleitoral encerra em 6 de maio.<\/strong> Segundo uma estimativa, ao menos 300 pessoas est\u00e3o na fila nesta segunda (27), n\u00famero que, segundo a moradora Ronize Santana, \u00e9 muito superior ao de senhas distribu\u00eddas diariamente na unidade.<\/p>\n<p>\u201cEu at\u00e9 comentei que, pela demanda, pelo fato de ser ano de elei\u00e7\u00e3o, estarem exigindo que os jovens hoje, para manterem seus benef\u00edcios, tenham que tirar o primeiro t\u00edtulo, eu acharia que ele deveria expandir mais, colocar mais senhas ou aumentar o hor\u00e1rio de atendimento. Estamos no compasso de espera\u201d, concluiu a moradora.<\/p>\n<\/div>\n<\/div>\n<p><em>Com informa\u00e7\u00f5es do rep\u00f3rter Paulo Jos\u00e9, do Acorda Cidade<\/em><\/p>\n<p><em>Siga o Acorda Cidade no\u00a0<\/em><a href=\"https:\/\/news.google.com\/search?q=acorda%20cidade&amp;hl=pt-BR&amp;gl=BR&amp;ceid=BR%3Apt-419\"><strong><em>Google Not\u00edcias<\/em><\/strong><\/a><em> e receba os principais destaques do dia. Participe tamb\u00e9m dos nossos canais no\u00a0<\/em><a href=\"https:\/\/www.whatsapp.com\/channel\/0029Va6Rb4v3WHTNnsh8WI3N\"><strong><em>WhatsApp<\/em><\/strong><\/a><em> e\u00a0<\/em><a href=\"https:\/\/www.youtube.com\/@acordacidadenoticias\/videos\"><strong>YouTube<\/strong><\/a><em> e grupo de\u00a0<\/em><a href=\"https:\/\/t.me\/+sSz0khrgARA0ZmRh\"><strong><em>Telegram<\/em><\/strong><\/a><em>.<\/em><\/p>\n<\/div>\n","protected":false},"excerpt":{"rendered":"<div>\n<div>\n<figure><img decoding=\"async\" src=\"https:\/\/uploads.acordacidade.com.br\/2026\/04\/Fila-forum-eleitoral-Feira-de-Santana-foto-Paulo-Jose-Aocrda-Cidade-02.jpg\" alt=\"Fila\"><figcaption>Foto: Paulo Jos\u00e9 \/ Acorda Cidade <\/figcaption><\/figure>\n<\/div>\n<p>Nesta segunda (27), a exatos dez dias para o fim do prazo, muita gente confessou que teve que madrugar na fila.<\/p><\/div>\n","protected":false},"author":1,"featured_media":128496,"comment_status":"closed","ping_status":"closed","sticky":false,"template":"","format":"gallery","meta":{"footnotes":""},"categories":[8,9,6,57,56,10],"tags":[],"class_list":["post-128495","post","type-post","status-publish","format-gallery","has-post-thumbnail","hentry","category-bahia","category-brasil","category-feira-de-santana","category-mundo","category-policia","category-politica","post_format-post-format-gallery"],"featured_image_urls":{"full":["https:\/\/noticiasbahia360.com.br\/wp-content\/uploads\/2026\/04\/Fila-forum-eleitoral-Feira-de-Santana-foto-Paulo-Jose-Aocrda-Cidade-02.jpg",1200,675,false],"thumbnail":["https:\/\/noticiasbahia360.com.br\/wp-content\/uploads\/2026\/04\/Fila-forum-eleitoral-Feira-de-Santana-foto-Paulo-Jose-Aocrda-Cidade-02-150x150.jpg",150,150,true],"medium":["https:\/\/noticiasbahia360.com.br\/wp-content\/uploads\/2026\/04\/Fila-forum-eleitoral-Feira-de-Santana-foto-Paulo-Jose-Aocrda-Cidade-02-300x169.jpg",300,169,true],"medium_large":["https:\/\/noticiasbahia360.com.br\/wp-content\/uploads\/2026\/04\/Fila-forum-eleitoral-Feira-de-Santana-foto-Paulo-Jose-Aocrda-Cidade-02-768x432.jpg",640,360,true],"large":["https:\/\/noticiasbahia360.com.br\/wp-content\/uploads\/2026\/04\/Fila-forum-eleitoral-Feira-de-Santana-foto-Paulo-Jose-Aocrda-Cidade-02-1024x576.jpg",640,360,true],"1536x1536":["https:\/\/noticiasbahia360.com.br\/wp-content\/uploads\/2026\/04\/Fila-forum-eleitoral-Feira-de-Santana-foto-Paulo-Jose-Aocrda-Cidade-02.jpg",1200,675,false],"2048x2048":["https:\/\/noticiasbahia360.com.br\/wp-content\/uploads\/2026\/04\/Fila-forum-eleitoral-Feira-de-Santana-foto-Paulo-Jose-Aocrda-Cidade-02.jpg",1200,675,false],"chromenews-featured":["https:\/\/noticiasbahia360.com.br\/wp-content\/uploads\/2026\/04\/Fila-forum-eleitoral-Feira-de-Santana-foto-Paulo-Jose-Aocrda-Cidade-02-1024x576.jpg",1024,576,true],"chromenews-large":["https:\/\/noticiasbahia360.com.br\/wp-content\/uploads\/2026\/04\/Fila-forum-eleitoral-Feira-de-Santana-foto-Paulo-Jose-Aocrda-Cidade-02-825x575.jpg",825,575,true],"chromenews-medium":["https:\/\/noticiasbahia360.com.br\/wp-content\/uploads\/2026\/04\/Fila-forum-eleitoral-Feira-de-Santana-foto-Paulo-Jose-Aocrda-Cidade-02-590x410.jpg",590,410,true]},"author_info":{"display_name":"noticiasbahia360.com.br","author_link":"https:\/\/noticiasbahia360.com.br\/?author=1"},"category_info":"<a href=\"https:\/\/noticiasbahia360.com.br\/?cat=8\" rel=\"category\">Bahia<\/a> <a href=\"https:\/\/noticiasbahia360.com.br\/?cat=9\" rel=\"category\">Brasil<\/a> <a href=\"https:\/\/noticiasbahia360.com.br\/?cat=6\" rel=\"category\">Feira de Santana<\/a> <a href=\"https:\/\/noticiasbahia360.com.br\/?cat=57\" rel=\"category\">Mundo<\/a> <a href=\"https:\/\/noticiasbahia360.com.br\/?cat=56\" rel=\"category\">Pol\u00edcia<\/a> <a href=\"https:\/\/noticiasbahia360.com.br\/?cat=10\" rel=\"category\">Pol\u00edtica<\/a>","tag_info":"Pol\u00edtica","comment_count":"0","_links":{"self":[{"href":"https:\/\/noticiasbahia360.com.br\/index.php?rest_route=\/wp\/v2\/posts\/128495","targetHints":{"allow":["GET"]}}],"collection":[{"href":"https:\/\/noticiasbahia360.com.br\/index.php?rest_route=\/wp\/v2\/posts"}],"about":[{"href":"https:\/\/noticiasbahia360.com.br\/index.php?rest_route=\/wp\/v2\/types\/post"}],"author":[{"embeddable":true,"href":"https:\/\/noticiasbahia360.com.br\/index.php?rest_route=\/wp\/v2\/users\/1"}],"replies":[{"embeddable":true,"href":"https:\/\/noticiasbahia360.com.br\/index.php?rest_route=%2Fwp%2Fv2%2Fcomments&post=128495"}],"version-history":[{"count":0,"href":"https:\/\/noticiasbahia360.com.br\/index.php?rest_route=\/wp\/v2\/posts\/128495\/revisions"}],"wp:featuredmedia":[{"embeddable":true,"href":"https:\/\/noticiasbahia360.com.br\/index.php?rest_route=\/wp\/v2\/media\/128496"}],"wp:attachment":[{"href":"https:\/\/noticiasbahia360.com.br\/index.php?rest_route=%2Fwp%2Fv2%2Fmedia&parent=128495"}],"wp:term":[{"taxonomy":"category","embeddable":true,"href":"https:\/\/noticiasbahia360.com.br\/index.php?rest_route=%2Fwp%2Fv2%2Fcategories&post=128495"},{"taxonomy":"post_tag","embeddable":true,"href":"https:\/\/noticiasbahia360.com.br\/index.php?rest_route=%2Fwp%2Fv2%2Ftags&post=128495"}],"curies":[{"name":"wp","href":"https:\/\/api.w.org\/{rel}","templated":true}]}}