{"id":128500,"date":"2026-04-27T10:53:00","date_gmt":"2026-04-27T13:53:00","guid":{"rendered":"https:\/\/noticiasbahia360.com.br\/?p=128500"},"modified":"2026-04-27T10:53:00","modified_gmt":"2026-04-27T13:53:00","slug":"direito-de-trabalhar","status":"publish","type":"post","link":"https:\/\/noticiasbahia360.com.br\/?p=128500","title":{"rendered":"Direito de trabalhar"},"content":{"rendered":"<div>\n<div>\n<figure><img decoding=\"async\" src=\"http:\/\/noticiasbahia360.com.br\/wp-content\/uploads\/2026\/04\/aFDjeQrJ-saude-mental-no-trabalho-freepik.webp\" alt=\"sa\u00fade mental no trabalho -\"><figcaption>Foto: Divulga\u00e7\u00e3o <\/figcaption><\/figure>\n<\/div>\n<p><strong>No dia primeiro de maio celebramos o <a href=\"https:\/\/www.acordacidade.com.br\/tag\/dia-do-trabalho\/\" type=\"post_tag\" id=\"42982\">Dia do Trabalho<\/a>.\u00a0 Numa borracharia, junto \u00e0 Estrada do Mar, Salvador-Aracaju, \u00e9 poss\u00edvel ler: \u201cAquele que \u00e9 pago, deve trabalhar; aquele que trabalha deve ser pago\u201d. No Brasil, muitos podem ser enquadrados num outro \u00e2ngulo: h\u00e1 os que ganham muito trabalhando pouco e os que trabalham muito ganhando pouco<\/strong>.<\/p>\n<p><strong>TRABALHO, <\/strong>o emprego e a justa remunera\u00e7\u00e3o s\u00e3o necess\u00e1rios para que os trabalhadores possam sustentar dignamente a si e a seus dependentes. Sem trabalho, a pessoa vai caminhando diretamente para a fome e a mis\u00e9ria. Sem trabalho, a assist\u00eancia \u00e0 sa\u00fade, a aposentadoria e todos os direitos humanos e sociais s\u00e3o prejudicados e afetam a dignidade do trabalhador. O sal\u00e1rio justo \u00e9, tamb\u00e9m, fruto leg\u00edtimo do trabalho e ret\u00ea-lo \u00e9 uma grave injusti\u00e7a.<\/p>\n<p><strong>NO BRASIL <\/strong>e em muitos pa\u00edses existe o grave problema do desemprego. Quantas pessoas, hoje, s\u00e3o v\u00edtimas do desemprego! A atitude de pedir emprego, muitas vezes, se assemelha a um pedido de esmola ou um favor. A pessoa solicita emprego de forma constrangida, como se fosse uma coisa errada, ou tivesse culpa de n\u00e3o estar empregada. Na realidade, ela est\u00e1 exigindo um direito fundamental: o direito de trabalhar. O trabalho \u00e9 um direito de todos!<\/p>\n<p><strong>DEUS <\/strong>podia criar tudo sozinho, mas Ele nos d\u00e1 a oportunidade de ajud\u00e1-lo na constru\u00e7\u00e3o do Universo, contribuindo com nossos talentos e qualidades. As m\u00e3os dos trabalhadores e trabalhadoras cultivam a terra, erguem edif\u00edcios, preparam alimentos, fabricam bens, curam, constroem, limpam, ensinam, educam\u2026 Enfim, convertem a mat\u00e9ria bruta da natureza em bens de uso que servem para uma vida de qualidade. Por isso, trabalhar, antes de tudo, \u00e9 uma gra\u00e7a!<\/p>\n<p><strong>O TRABALHO<\/strong>, feito com prazer, rende muito mais e cansa pouco. H\u00e1 pessoas que nunca est\u00e3o satisfeitas com aquilo que fazem na vida. Mas, h\u00e1 outras, que fazem de sua profiss\u00e3o e de seu trabalho, uma festa e, at\u00e9 mesmo, afirmam: \u201cN\u00e3o tenho tudo o que quero, mas amo tudo o que fa\u00e7o\u201d. O trabalho<strong>, <\/strong>qualquer que seja, precisa ser realizado com alegria. Certamente essa atitude ajuda a produtividade,<\/p>\n<p><strong>O AP\u00d3STOLO <\/strong>Paulo, ao referir-se ao trabalho, estabelece uma lei dura: \u201cQuem n\u00e3o quer trabalhar, tamb\u00e9m n\u00e3o deve comer\u201d (2 Ts 3,10). O pr\u00f3prio Jesus quis ser um trabalhador manual, passando grande parte de sua vida na carpintaria com S\u00e3o Jos\u00e9. Por intercess\u00e3o de S\u00e3o Jos\u00e9 Oper\u00e1rio e de Nossa Senhora Aparecida, padroeira do Brasil, invocamos a prote\u00e7\u00e3o de Deus sobre os trabalhadores e suas fam\u00edlias.<\/p>\n<p class=\"has-text-align-center\"><strong>Dom Itamar Vian<\/strong><br \/><strong>Arcebispo Em\u00e9rito<\/strong><br \/><strong><a href=\"mailto:di.vianfs@ig.com.br\">di.vianfs@ig.com.br<\/a><\/strong><\/p>\n<p><em>Siga o Acorda Cidade no\u00a0<\/em><a href=\"https:\/\/news.google.com\/search?q=acorda%20cidade&amp;hl=pt-BR&amp;gl=BR&amp;ceid=BR%3Apt-419\"><strong><em>Google Not\u00edcias<\/em><\/strong><\/a><em>\u00a0e receba os principais destaques do dia. Participe tamb\u00e9m dos nossos canais no\u00a0<\/em><a href=\"https:\/\/www.whatsapp.com\/channel\/0029Va6Rb4v3WHTNnsh8WI3N\"><strong><em>WhatsApp<\/em><\/strong><\/a><em>\u00a0e\u00a0<\/em><a href=\"https:\/\/www.youtube.com\/@acordacidadenoticias\/videos\"><strong>YouTube<\/strong><\/a><em>e do grupo no\u00a0<\/em><a href=\"https:\/\/t.me\/+sSz0khrgARA0ZmRh\"><strong><em>Telegram<\/em><\/strong><\/a><em>.<\/em><\/p>\n<\/div>\n","protected":false},"excerpt":{"rendered":"<div>\n<div>\n<figure><img decoding=\"async\" src=\"https:\/\/www.acordacidade.com.br\/wp-content\/uploads\/2025\/05\/aFDjeQrJ-saude-mental-no-trabalho-freepik.webp\" alt=\"sa\u00fade mental no trabalho -\"><figcaption>Foto: Divulga\u00e7\u00e3o <\/figcaption><\/figure>\n<\/div>\n<p>O trabalho, qualquer que seja, precisa ser realizado com alegria. Certamente essa atitude ajuda a produtividade.<\/p><\/div>\n","protected":false},"author":1,"featured_media":128501,"comment_status":"closed","ping_status":"closed","sticky":false,"template":"","format":"gallery","meta":{"footnotes":""},"categories":[8,9,6,57,56,10],"tags":[],"class_list":["post-128500","post","type-post","status-publish","format-gallery","has-post-thumbnail","hentry","category-bahia","category-brasil","category-feira-de-santana","category-mundo","category-policia","category-politica","post_format-post-format-gallery"],"featured_image_urls":{"full":["https:\/\/noticiasbahia360.com.br\/wp-content\/uploads\/2026\/04\/aFDjeQrJ-saude-mental-no-trabalho-freepik.webp",1200,800,false],"thumbnail":["https:\/\/noticiasbahia360.com.br\/wp-content\/uploads\/2026\/04\/aFDjeQrJ-saude-mental-no-trabalho-freepik-150x150.webp",150,150,true],"medium":["https:\/\/noticiasbahia360.com.br\/wp-content\/uploads\/2026\/04\/aFDjeQrJ-saude-mental-no-trabalho-freepik-300x200.webp",300,200,true],"medium_large":["https:\/\/noticiasbahia360.com.br\/wp-content\/uploads\/2026\/04\/aFDjeQrJ-saude-mental-no-trabalho-freepik-768x512.webp",640,427,true],"large":["https:\/\/noticiasbahia360.com.br\/wp-content\/uploads\/2026\/04\/aFDjeQrJ-saude-mental-no-trabalho-freepik-1024x683.webp",640,427,true],"1536x1536":["https:\/\/noticiasbahia360.com.br\/wp-content\/uploads\/2026\/04\/aFDjeQrJ-saude-mental-no-trabalho-freepik.webp",1200,800,false],"2048x2048":["https:\/\/noticiasbahia360.com.br\/wp-content\/uploads\/2026\/04\/aFDjeQrJ-saude-mental-no-trabalho-freepik.webp",1200,800,false],"chromenews-featured":["https:\/\/noticiasbahia360.com.br\/wp-content\/uploads\/2026\/04\/aFDjeQrJ-saude-mental-no-trabalho-freepik-1024x683.webp",1024,683,true],"chromenews-large":["https:\/\/noticiasbahia360.com.br\/wp-content\/uploads\/2026\/04\/aFDjeQrJ-saude-mental-no-trabalho-freepik-825x575.webp",825,575,true],"chromenews-medium":["https:\/\/noticiasbahia360.com.br\/wp-content\/uploads\/2026\/04\/aFDjeQrJ-saude-mental-no-trabalho-freepik-590x410.webp",590,410,true]},"author_info":{"display_name":"noticiasbahia360.com.br","author_link":"https:\/\/noticiasbahia360.com.br\/?author=1"},"category_info":"<a href=\"https:\/\/noticiasbahia360.com.br\/?cat=8\" rel=\"category\">Bahia<\/a> <a href=\"https:\/\/noticiasbahia360.com.br\/?cat=9\" rel=\"category\">Brasil<\/a> <a href=\"https:\/\/noticiasbahia360.com.br\/?cat=6\" rel=\"category\">Feira de Santana<\/a> <a href=\"https:\/\/noticiasbahia360.com.br\/?cat=57\" rel=\"category\">Mundo<\/a> <a href=\"https:\/\/noticiasbahia360.com.br\/?cat=56\" rel=\"category\">Pol\u00edcia<\/a> <a href=\"https:\/\/noticiasbahia360.com.br\/?cat=10\" rel=\"category\">Pol\u00edtica<\/a>","tag_info":"Pol\u00edtica","comment_count":"0","_links":{"self":[{"href":"https:\/\/noticiasbahia360.com.br\/index.php?rest_route=\/wp\/v2\/posts\/128500","targetHints":{"allow":["GET"]}}],"collection":[{"href":"https:\/\/noticiasbahia360.com.br\/index.php?rest_route=\/wp\/v2\/posts"}],"about":[{"href":"https:\/\/noticiasbahia360.com.br\/index.php?rest_route=\/wp\/v2\/types\/post"}],"author":[{"embeddable":true,"href":"https:\/\/noticiasbahia360.com.br\/index.php?rest_route=\/wp\/v2\/users\/1"}],"replies":[{"embeddable":true,"href":"https:\/\/noticiasbahia360.com.br\/index.php?rest_route=%2Fwp%2Fv2%2Fcomments&post=128500"}],"version-history":[{"count":0,"href":"https:\/\/noticiasbahia360.com.br\/index.php?rest_route=\/wp\/v2\/posts\/128500\/revisions"}],"wp:featuredmedia":[{"embeddable":true,"href":"https:\/\/noticiasbahia360.com.br\/index.php?rest_route=\/wp\/v2\/media\/128501"}],"wp:attachment":[{"href":"https:\/\/noticiasbahia360.com.br\/index.php?rest_route=%2Fwp%2Fv2%2Fmedia&parent=128500"}],"wp:term":[{"taxonomy":"category","embeddable":true,"href":"https:\/\/noticiasbahia360.com.br\/index.php?rest_route=%2Fwp%2Fv2%2Fcategories&post=128500"},{"taxonomy":"post_tag","embeddable":true,"href":"https:\/\/noticiasbahia360.com.br\/index.php?rest_route=%2Fwp%2Fv2%2Ftags&post=128500"}],"curies":[{"name":"wp","href":"https:\/\/api.w.org\/{rel}","templated":true}]}}