{"id":128502,"date":"2026-04-27T10:53:01","date_gmt":"2026-04-27T13:53:01","guid":{"rendered":"https:\/\/noticiasbahia360.com.br\/?p=128502"},"modified":"2026-04-27T10:53:01","modified_gmt":"2026-04-27T13:53:01","slug":"marcacoes-para-atendimentos-gratuitos-do-dia-das-maes-sao-das-8h-ao-meio-dia","status":"publish","type":"post","link":"https:\/\/noticiasbahia360.com.br\/?p=128502","title":{"rendered":"Marca\u00e7\u00f5es para atendimentos gratuitos do Dia das M\u00e3es s\u00e3o das 8h ao meio-dia"},"content":{"rendered":"<div>\n<div>\n<figure><img decoding=\"async\" src=\"http:\/\/noticiasbahia360.com.br\/wp-content\/uploads\/2026\/04\/VSVGQoq8-20-Anos-do-CMPC-Foto-ACM-51.jpg\" alt=\"CMPC\"><figcaption>Foto: ACM\/Secom<\/figcaption><\/figure>\n<\/div>\n<p>A partir das 8h desta segunda-feira (27), at\u00e9 o meio-dia, ter\u00e3o in\u00edcio as marca\u00e7\u00f5es para atendimentos especiais em comemora\u00e7\u00e3o ao <a href=\"https:\/\/www.acordacidade.com.br\/tag\/dia-das-maes\/\" type=\"post_tag\" id=\"42969\">Dia das M\u00e3es<\/a>. A a\u00e7\u00e3o \u00e9 voltada \u00e0 sa\u00fade da mulher e oferece uma s\u00e9rie de consultas e exames gratuitos. Os agendamentos s\u00e3o no CMPC e no CMDI ll. <\/p>\n<p>Entre os servi\u00e7os disponibilizados est\u00e3o exames de ultrassonografia \u2014 incluindo abd\u00f4men total, transvaginal, mam\u00e1ria, vias urin\u00e1rias e p\u00e9lvica \u2014, al\u00e9m de eletrocardiograma e exame preventivo. Tamb\u00e9m ser\u00e3o ofertadas consultas nas especialidades de ginecologia, cardiologia e gastroenterologia para pacientes do Sistema \u00danico de Sa\u00fade (SUS).<\/p>\n<p>O Centro Municipal de Diagn\u00f3stico por Imagem (CMDI) segue ampliando sua capacidade de atendimento. Em 2025, j\u00e1 foram realizados 58.317 procedimentos. Somente nos \u00faltimos quatro meses, o n\u00famero chegou a 13.056 atendimentos.<\/p>\n<p>De acordo com Kenia Lasse, os avan\u00e7os na unidade t\u00eam sido constantes e refletem diretamente no aumento da procura pelos servi\u00e7os. \u201cSomente nesses quatro meses j\u00e1 realizamos mais de 13 mil procedimentos. Isso se deve \u00e0s in\u00fameras interven\u00e7\u00f5es da Funda\u00e7\u00e3o Hospitalar, que vem ampliando a oferta de atendimentos especializados, al\u00e9m dos investimentos em equipamentos que viabilizam a realiza\u00e7\u00e3o de mais exames\u201d, destacou.<\/p>\n<p><strong>A diretora ressalta que \u00e9 fundamental a apresenta\u00e7\u00e3o de documentos pessoais, cart\u00e3o do SUS e telefone de contato atualizado para a realiza\u00e7\u00e3o do pr\u00e9-agendamento.<\/strong><\/p>\n<p>O Centro Municipal de Preven\u00e7\u00e3o ao C\u00e2ncer Romilda Maltez (CMPC), em Feira de Santana, est\u00e1 localizado na Rua Bar\u00e3o do Rio Branco, n\u00ba 621, no Centro, pr\u00f3ximo \u00e0 Avenida Presidente Dutra. A unidade funciona de segunda a sexta-feira, das 7h \u00e0s 18h, oferecendo exames e consultas \u00e0 popula\u00e7\u00e3o.<\/p>\n<p>Mais informa\u00e7\u00f5es podem ser obtidas pelos telefones: (75) 3602-7338 \/ 3602-7339 \/ 3602-7340.<\/p>\n<p>A iniciativa refor\u00e7a o compromisso com a sa\u00fade preventiva e o cuidado integral da mulher, especialmente em um per\u00edodo simb\u00f3lico como o Dia das M\u00e3es.<\/p>\n<p><em>Com informa\u00e7\u00f5es da Secretaria Municipal de Comunica\u00e7\u00e3o Social (Secom)<\/em><\/p>\n<p><em>Siga o Acorda Cidade no\u00a0<\/em><a href=\"https:\/\/news.google.com\/search?q=acorda%20cidade&amp;hl=pt-BR&amp;gl=BR&amp;ceid=BR%3Apt-419\"><strong><em>Google Not\u00edcias<\/em><\/strong><\/a><em>\u00a0e receba os principais destaques do dia. Participe tamb\u00e9m dos nossos canais no\u00a0<\/em><a href=\"https:\/\/www.whatsapp.com\/channel\/0029Va6Rb4v3WHTNnsh8WI3N\"><strong><em>WhatsApp<\/em><\/strong><\/a><em>\u00a0e\u00a0<\/em><a href=\"https:\/\/www.youtube.com\/@acordacidadenoticias\/videos\"><strong>YouTube<\/strong><\/a><em>e do grupo no\u00a0<\/em><a href=\"https:\/\/t.me\/+sSz0khrgARA0ZmRh\"><strong><em>Telegram<\/em><\/strong><\/a><em>.<\/em><\/p>\n<\/div>\n","protected":false},"excerpt":{"rendered":"<div>\n<div>\n<figure><img decoding=\"async\" src=\"https:\/\/www.acordacidade.com.br\/wp-content\/uploads\/2024\/11\/VSVGQoq8-20-Anos-do-CMPC-Foto-ACM-51.jpg\" alt=\"CMPC\"><figcaption>Foto: ACM\/Secom<\/figcaption><\/figure>\n<\/div>\n<p>A iniciativa refor\u00e7a o compromisso com a sa\u00fade preventiva e o cuidado integral da mulher, especialmente em um per\u00edodo como o Dia das M\u00e3es.<\/p><\/div>\n","protected":false},"author":1,"featured_media":128503,"comment_status":"closed","ping_status":"closed","sticky":false,"template":"","format":"gallery","meta":{"footnotes":""},"categories":[8,9,6,57,56,10],"tags":[],"class_list":["post-128502","post","type-post","status-publish","format-gallery","has-post-thumbnail","hentry","category-bahia","category-brasil","category-feira-de-santana","category-mundo","category-policia","category-politica","post_format-post-format-gallery"],"featured_image_urls":{"full":["https:\/\/noticiasbahia360.com.br\/wp-content\/uploads\/2026\/04\/VSVGQoq8-20-Anos-do-CMPC-Foto-ACM-51.jpg",640,427,false],"thumbnail":["https:\/\/noticiasbahia360.com.br\/wp-content\/uploads\/2026\/04\/VSVGQoq8-20-Anos-do-CMPC-Foto-ACM-51-150x150.jpg",150,150,true],"medium":["https:\/\/noticiasbahia360.com.br\/wp-content\/uploads\/2026\/04\/VSVGQoq8-20-Anos-do-CMPC-Foto-ACM-51-300x200.jpg",300,200,true],"medium_large":["https:\/\/noticiasbahia360.com.br\/wp-content\/uploads\/2026\/04\/VSVGQoq8-20-Anos-do-CMPC-Foto-ACM-51.jpg",640,427,false],"large":["https:\/\/noticiasbahia360.com.br\/wp-content\/uploads\/2026\/04\/VSVGQoq8-20-Anos-do-CMPC-Foto-ACM-51.jpg",640,427,false],"1536x1536":["https:\/\/noticiasbahia360.com.br\/wp-content\/uploads\/2026\/04\/VSVGQoq8-20-Anos-do-CMPC-Foto-ACM-51.jpg",640,427,false],"2048x2048":["https:\/\/noticiasbahia360.com.br\/wp-content\/uploads\/2026\/04\/VSVGQoq8-20-Anos-do-CMPC-Foto-ACM-51.jpg",640,427,false],"chromenews-featured":["https:\/\/noticiasbahia360.com.br\/wp-content\/uploads\/2026\/04\/VSVGQoq8-20-Anos-do-CMPC-Foto-ACM-51.jpg",640,427,false],"chromenews-large":["https:\/\/noticiasbahia360.com.br\/wp-content\/uploads\/2026\/04\/VSVGQoq8-20-Anos-do-CMPC-Foto-ACM-51.jpg",640,427,false],"chromenews-medium":["https:\/\/noticiasbahia360.com.br\/wp-content\/uploads\/2026\/04\/VSVGQoq8-20-Anos-do-CMPC-Foto-ACM-51-590x410.jpg",590,410,true]},"author_info":{"display_name":"noticiasbahia360.com.br","author_link":"https:\/\/noticiasbahia360.com.br\/?author=1"},"category_info":"<a href=\"https:\/\/noticiasbahia360.com.br\/?cat=8\" rel=\"category\">Bahia<\/a> <a href=\"https:\/\/noticiasbahia360.com.br\/?cat=9\" rel=\"category\">Brasil<\/a> <a href=\"https:\/\/noticiasbahia360.com.br\/?cat=6\" rel=\"category\">Feira de Santana<\/a> <a href=\"https:\/\/noticiasbahia360.com.br\/?cat=57\" rel=\"category\">Mundo<\/a> <a href=\"https:\/\/noticiasbahia360.com.br\/?cat=56\" rel=\"category\">Pol\u00edcia<\/a> <a href=\"https:\/\/noticiasbahia360.com.br\/?cat=10\" rel=\"category\">Pol\u00edtica<\/a>","tag_info":"Pol\u00edtica","comment_count":"0","_links":{"self":[{"href":"https:\/\/noticiasbahia360.com.br\/index.php?rest_route=\/wp\/v2\/posts\/128502","targetHints":{"allow":["GET"]}}],"collection":[{"href":"https:\/\/noticiasbahia360.com.br\/index.php?rest_route=\/wp\/v2\/posts"}],"about":[{"href":"https:\/\/noticiasbahia360.com.br\/index.php?rest_route=\/wp\/v2\/types\/post"}],"author":[{"embeddable":true,"href":"https:\/\/noticiasbahia360.com.br\/index.php?rest_route=\/wp\/v2\/users\/1"}],"replies":[{"embeddable":true,"href":"https:\/\/noticiasbahia360.com.br\/index.php?rest_route=%2Fwp%2Fv2%2Fcomments&post=128502"}],"version-history":[{"count":0,"href":"https:\/\/noticiasbahia360.com.br\/index.php?rest_route=\/wp\/v2\/posts\/128502\/revisions"}],"wp:featuredmedia":[{"embeddable":true,"href":"https:\/\/noticiasbahia360.com.br\/index.php?rest_route=\/wp\/v2\/media\/128503"}],"wp:attachment":[{"href":"https:\/\/noticiasbahia360.com.br\/index.php?rest_route=%2Fwp%2Fv2%2Fmedia&parent=128502"}],"wp:term":[{"taxonomy":"category","embeddable":true,"href":"https:\/\/noticiasbahia360.com.br\/index.php?rest_route=%2Fwp%2Fv2%2Fcategories&post=128502"},{"taxonomy":"post_tag","embeddable":true,"href":"https:\/\/noticiasbahia360.com.br\/index.php?rest_route=%2Fwp%2Fv2%2Ftags&post=128502"}],"curies":[{"name":"wp","href":"https:\/\/api.w.org\/{rel}","templated":true}]}}