{"id":128504,"date":"2026-04-27T11:41:50","date_gmt":"2026-04-27T14:41:50","guid":{"rendered":"https:\/\/noticiasbahia360.com.br\/?p=128504"},"modified":"2026-04-27T11:41:50","modified_gmt":"2026-04-27T14:41:50","slug":"estoque-de-o-negativo-esta-zerado-em-feira-de-santana-hgca-pede-doacao-urgente-de-sangue","status":"publish","type":"post","link":"https:\/\/noticiasbahia360.com.br\/?p=128504","title":{"rendered":"Estoque de \u201cO\u201d negativo est\u00e1 zerado em Feira de Santana; HGCA pede doa\u00e7\u00e3o urgente de sangue"},"content":{"rendered":"<div>\n<div>\n<figure><img decoding=\"async\" src=\"http:\/\/noticiasbahia360.com.br\/wp-content\/uploads\/2026\/04\/doacao-de-sangue.jpg\" alt=\"doa\u00e7\u00e3o de sangue - HGCA\"><figcaption>Foto: Matheus Souza\/GOV-BA<\/figcaption><\/figure>\n<\/div>\n<p>O Hospital Geral Cl\u00e9riston Andrade faz um apelo \u00e0 popula\u00e7\u00e3o de Feira de Santana e regi\u00e3o para a doa\u00e7\u00e3o urgente de sangue, especialmente do tipo O negativo. De acordo com a coordena\u00e7\u00e3o da Ag\u00eancia Transfusional da unidade, o estoque desse tipo sangu\u00edneo encontra-se zerado, o que compromete o atendimento a pacientes em situa\u00e7\u00e3o de emerg\u00eancia.<\/p>\n<p>Diante da situa\u00e7\u00e3o, o hospital solicita o apoio e a mobiliza\u00e7\u00e3o dos ve\u00edculos de comunica\u00e7\u00e3o para ampliar o alcance do chamado e incentivar a popula\u00e7\u00e3o a comparecer aos pontos de coleta nos pr\u00f3ximos dias.<\/p>\n<p>As doa\u00e7\u00f5es devem ser realizadas no Hemoba de Feira de Santana, localizado na Avenida Presidente Dutra, cruzamento com a Avenida Maria Quit\u00e9ria, em frente \u00e0 TV Suba\u00e9. No momento da doa\u00e7\u00e3o, \u00e9 fundamental informar que a doa\u00e7\u00e3o \u00e9 destinada ao Hospital Geral Cl\u00e9riston Andrade.<\/p>\n<p><strong>Quem pode doar:<\/strong><\/p>\n<p>Podem doar pessoas entre 16 e 69 anos (menores de 18 anos com autoriza\u00e7\u00e3o dos respons\u00e1veis), com peso acima de 50 kg, em boas condi\u00e7\u00f5es de sa\u00fade e alimentadas.<\/p>\n<p>O HGCA destaca que a doa\u00e7\u00e3o de sangue \u00e9 um gesto simples, seguro e que pode salvar vidas. A participa\u00e7\u00e3o da comunidade \u00e9 essencial para garantir a continuidade dos atendimentos hospitalares.<\/p>\n<p><strong>Servi\u00e7o:<br \/>Doa\u00e7\u00e3o de sangue \u2013 Hemoba Feira de Santana<br \/>Endere\u00e7o: Avenida Presidente Dutra, cruzamento com Maria Quit\u00e9ria (em frente \u00e0 TV Suba\u00e9)<br \/>Hor\u00e1rio de funcionamento: consultar unidade<\/strong><\/p>\n<p>Mais informa\u00e7\u00f5es podem ser obtidas diretamente no Hemoba.<\/p>\n<p><em>Siga o Acorda Cidade no\u00a0<\/em><a href=\"https:\/\/news.google.com\/search?q=acorda%20cidade&amp;hl=pt-BR&amp;gl=BR&amp;ceid=BR%3Apt-419\"><strong><em>Google Not\u00edcias<\/em><\/strong><\/a><em>\u00a0e receba os principais destaques do dia. Participe tamb\u00e9m dos nossos canais no\u00a0<\/em><a href=\"https:\/\/www.whatsapp.com\/channel\/0029Va6Rb4v3WHTNnsh8WI3N\"><strong><em>WhatsApp<\/em><\/strong><\/a><em>\u00a0e\u00a0<\/em><a href=\"https:\/\/www.youtube.com\/@acordacidadenoticias\/videos\"><strong>YouTube<\/strong><\/a><em>e do grupo no\u00a0<\/em><a href=\"https:\/\/t.me\/+sSz0khrgARA0ZmRh\"><strong><em>Telegram<\/em><\/strong><\/a><em>.<\/em><\/p>\n<\/div>\n","protected":false},"excerpt":{"rendered":"<div>\n<div>\n<figure><img decoding=\"async\" src=\"https:\/\/www.acordacidade.com.br\/wp-content\/uploads\/2025\/02\/doacao-de-sangue.jpg\" alt=\"doa\u00e7\u00e3o de sangue - HGCA\"><figcaption>Foto: Matheus Souza\/GOV-BA<\/figcaption><\/figure>\n<\/div>\n<p>Segundo o HGCA, a participa\u00e7\u00e3o da comunidade \u00e9 essencial para garantir a continuidade dos atendimentos hospitalares.<\/p><\/div>\n","protected":false},"author":1,"featured_media":128505,"comment_status":"closed","ping_status":"closed","sticky":false,"template":"","format":"gallery","meta":{"footnotes":""},"categories":[8,9,6,57,56,10],"tags":[],"class_list":["post-128504","post","type-post","status-publish","format-gallery","has-post-thumbnail","hentry","category-bahia","category-brasil","category-feira-de-santana","category-mundo","category-policia","category-politica","post_format-post-format-gallery"],"featured_image_urls":{"full":["https:\/\/noticiasbahia360.com.br\/wp-content\/uploads\/2026\/04\/doacao-de-sangue.jpg",1920,1366,false],"thumbnail":["https:\/\/noticiasbahia360.com.br\/wp-content\/uploads\/2026\/04\/doacao-de-sangue-150x150.jpg",150,150,true],"medium":["https:\/\/noticiasbahia360.com.br\/wp-content\/uploads\/2026\/04\/doacao-de-sangue-300x213.jpg",300,213,true],"medium_large":["https:\/\/noticiasbahia360.com.br\/wp-content\/uploads\/2026\/04\/doacao-de-sangue-768x546.jpg",640,455,true],"large":["https:\/\/noticiasbahia360.com.br\/wp-content\/uploads\/2026\/04\/doacao-de-sangue-1024x729.jpg",640,456,true],"1536x1536":["https:\/\/noticiasbahia360.com.br\/wp-content\/uploads\/2026\/04\/doacao-de-sangue-1536x1093.jpg",1536,1093,true],"2048x2048":["https:\/\/noticiasbahia360.com.br\/wp-content\/uploads\/2026\/04\/doacao-de-sangue.jpg",1920,1366,false],"chromenews-featured":["https:\/\/noticiasbahia360.com.br\/wp-content\/uploads\/2026\/04\/doacao-de-sangue-1024x729.jpg",1024,729,true],"chromenews-large":["https:\/\/noticiasbahia360.com.br\/wp-content\/uploads\/2026\/04\/doacao-de-sangue-825x575.jpg",825,575,true],"chromenews-medium":["https:\/\/noticiasbahia360.com.br\/wp-content\/uploads\/2026\/04\/doacao-de-sangue-590x410.jpg",590,410,true]},"author_info":{"display_name":"noticiasbahia360.com.br","author_link":"https:\/\/noticiasbahia360.com.br\/?author=1"},"category_info":"<a href=\"https:\/\/noticiasbahia360.com.br\/?cat=8\" rel=\"category\">Bahia<\/a> <a href=\"https:\/\/noticiasbahia360.com.br\/?cat=9\" rel=\"category\">Brasil<\/a> <a href=\"https:\/\/noticiasbahia360.com.br\/?cat=6\" rel=\"category\">Feira de Santana<\/a> <a href=\"https:\/\/noticiasbahia360.com.br\/?cat=57\" rel=\"category\">Mundo<\/a> <a href=\"https:\/\/noticiasbahia360.com.br\/?cat=56\" rel=\"category\">Pol\u00edcia<\/a> <a href=\"https:\/\/noticiasbahia360.com.br\/?cat=10\" rel=\"category\">Pol\u00edtica<\/a>","tag_info":"Pol\u00edtica","comment_count":"0","_links":{"self":[{"href":"https:\/\/noticiasbahia360.com.br\/index.php?rest_route=\/wp\/v2\/posts\/128504","targetHints":{"allow":["GET"]}}],"collection":[{"href":"https:\/\/noticiasbahia360.com.br\/index.php?rest_route=\/wp\/v2\/posts"}],"about":[{"href":"https:\/\/noticiasbahia360.com.br\/index.php?rest_route=\/wp\/v2\/types\/post"}],"author":[{"embeddable":true,"href":"https:\/\/noticiasbahia360.com.br\/index.php?rest_route=\/wp\/v2\/users\/1"}],"replies":[{"embeddable":true,"href":"https:\/\/noticiasbahia360.com.br\/index.php?rest_route=%2Fwp%2Fv2%2Fcomments&post=128504"}],"version-history":[{"count":0,"href":"https:\/\/noticiasbahia360.com.br\/index.php?rest_route=\/wp\/v2\/posts\/128504\/revisions"}],"wp:featuredmedia":[{"embeddable":true,"href":"https:\/\/noticiasbahia360.com.br\/index.php?rest_route=\/wp\/v2\/media\/128505"}],"wp:attachment":[{"href":"https:\/\/noticiasbahia360.com.br\/index.php?rest_route=%2Fwp%2Fv2%2Fmedia&parent=128504"}],"wp:term":[{"taxonomy":"category","embeddable":true,"href":"https:\/\/noticiasbahia360.com.br\/index.php?rest_route=%2Fwp%2Fv2%2Fcategories&post=128504"},{"taxonomy":"post_tag","embeddable":true,"href":"https:\/\/noticiasbahia360.com.br\/index.php?rest_route=%2Fwp%2Fv2%2Ftags&post=128504"}],"curies":[{"name":"wp","href":"https:\/\/api.w.org\/{rel}","templated":true}]}}