{"id":128506,"date":"2026-04-27T11:41:52","date_gmt":"2026-04-27T14:41:52","guid":{"rendered":"https:\/\/noticiasbahia360.com.br\/?p=128506"},"modified":"2026-04-27T11:41:52","modified_gmt":"2026-04-27T14:41:52","slug":"corpo-de-estudante-de-medicina-morta-no-paraguai-e-velado-em-santa-catarina","status":"publish","type":"post","link":"https:\/\/noticiasbahia360.com.br\/?p=128506","title":{"rendered":"Corpo de estudante de medicina morta no Paraguai \u00e9 velado em Santa Catarina"},"content":{"rendered":"<div>\n<div>\n<figure><img decoding=\"async\" src=\"http:\/\/noticiasbahia360.com.br\/wp-content\/uploads\/2026\/04\/estudante-de-medicina-foto-producao-redes-sociais-.png\" alt=\"estudante\"><figcaption>Foto: Reprodu\u00e7\u00e3o \/ Redes Sociais<\/figcaption><\/figure>\n<\/div>\n<p>O corpo da estudante de medicina\u00a0Julia Vitoria Sobierai Cardoso,\u00a0morta a facadas no Paraguai, foi velado nesta segunda-feira (27) em\u00a0Navegantes, no Litoral Norte de\u00a0Santa Catarina. <\/p>\n<p>O assassinato aconteceu na sexta-feira (24) em Cidade do Leste, na fronteira com o Paran\u00e1. O\u00a0ex-companheiro da v\u00edtima, suspeito do crime,<strong>\u00a0<\/strong>est\u00e1 foragido.<\/p>\n<p>O vel\u00f3rio de Julia, que tinha 23 anos, teve in\u00edcio nesta madrugada e a cerim\u00f4nia f\u00fanebre ocorreu as 9h, no cemit\u00e9rio Parque Jardim dos Florais.<\/p>\n<p>A jovem estudava na Universidad de la Integraci\u00f3n de las Am\u00e9ricas (Unida) e foi encontrada em um apartamento no bairro Obrero com ferimentos de faca e tesoura em diversas partes do corpo. Ela dividia o espa\u00e7o com uma amiga, que a encontrou sem vida.<\/p>\n<p>Em nota, a universidade lamentou a morte da brasileira e desejou for\u00e7a \u00e0 fam\u00edlia da v\u00edtima e aos amigos.<\/p>\n<p>\u201cSua mem\u00f3ria permanecer\u00e1 viva na comunidade universit\u00e1ria e em todos que compartilharam sua trajet\u00f3ria. Que o amor e a lembran\u00e7a tragam conforto neste momento dif\u00edcil\u201d, afirmou a institui\u00e7\u00e3o.<\/p>\n<h2 class=\"wp-block-heading\" id=\"h-natural-de-navegantes-e-estudante-no-paraguai\">Natural de Navegantes e estudante no Paraguai<\/h2>\n<p>A estudante nasceu em\u00a0Chapec\u00f3, no Oeste catarinense, mas morou por muitos anos em Navegantes com a fam\u00edlia. O suspeito do crime, tratado como feminic\u00eddio, tamb\u00e9m \u00e9 estudante de medicina. <\/p>\n<p>Segundo a fam\u00edlia, J\u00falia se mudou recentemente para o Paraguai para realizar um sonho de adolesc\u00eancia:\u00a0cursar medicina\u00a0e, depois, se tornar\u00a0pediatra, contou a amiga Sara Cazarotto.<\/p>\n<p>O Minist\u00e9rio P\u00fablico do pa\u00eds informou, no s\u00e1bado (25), que deve formalizar em breve um pedido de captura internacional do suspeito, mas j\u00e1 h\u00e1 um protocolo de pris\u00e3o ao n\u00edvel nacional por feminic\u00eddio.<\/p>\n<p>O corpo da estudante foi encaminhado para aut\u00f3psia em Assun\u00e7\u00e3o, capital do Paraguai, para confirmar a causa da morte.<\/p>\n<p><em>Fonte: g1<\/em><\/p>\n<p><em>Siga o Acorda Cidade no\u00a0<\/em><a href=\"https:\/\/news.google.com\/search?q=acorda%20cidade&amp;hl=pt-BR&amp;gl=BR&amp;ceid=BR%3Apt-419\"><strong><em>Google Not\u00edcias<\/em><\/strong><\/a><em>\u00a0e receba os principais destaques do dia. Participe tamb\u00e9m dos nossos canais no\u00a0<\/em><a href=\"https:\/\/www.whatsapp.com\/channel\/0029Va6Rb4v3WHTNnsh8WI3N\"><strong><em>WhatsApp<\/em><\/strong><\/a><em>\u00a0e\u00a0<\/em><a href=\"https:\/\/www.youtube.com\/@acordacidadenoticias\/videos\"><strong>YouTube<\/strong><\/a><em>\u00a0e grupo de\u00a0<\/em><a href=\"https:\/\/t.me\/+sSz0khrgARA0ZmRh\"><strong><em>Telegram<\/em><\/strong><\/a><em>.<\/em><\/p>\n<\/div>\n","protected":false},"excerpt":{"rendered":"<div>\n<div>\n<figure><img decoding=\"async\" src=\"https:\/\/uploads.acordacidade.com.br\/2026\/04\/estudante-de-medicina-foto-producao-redes-sociais-.png\" alt=\"estudante\"><figcaption>Foto: Reprodu\u00e7\u00e3o \/ Redes Sociais<\/figcaption><\/figure>\n<\/div>\n<p>O assassinato aconteceu na sexta (24) em Cidade do Leste, na fronteira com o Paran\u00e1. O\u00a0ex-companheiro da v\u00edtima \u00e9 suspeito do crime.<\/p><\/div>\n","protected":false},"author":1,"featured_media":128507,"comment_status":"closed","ping_status":"closed","sticky":false,"template":"","format":"gallery","meta":{"footnotes":""},"categories":[8,9,6,57,56,10],"tags":[],"class_list":["post-128506","post","type-post","status-publish","format-gallery","has-post-thumbnail","hentry","category-bahia","category-brasil","category-feira-de-santana","category-mundo","category-policia","category-politica","post_format-post-format-gallery"],"featured_image_urls":{"full":["https:\/\/noticiasbahia360.com.br\/wp-content\/uploads\/2026\/04\/estudante-de-medicina-foto-producao-redes-sociais-.png",1200,630,false],"thumbnail":["https:\/\/noticiasbahia360.com.br\/wp-content\/uploads\/2026\/04\/estudante-de-medicina-foto-producao-redes-sociais--150x150.png",150,150,true],"medium":["https:\/\/noticiasbahia360.com.br\/wp-content\/uploads\/2026\/04\/estudante-de-medicina-foto-producao-redes-sociais--300x158.png",300,158,true],"medium_large":["https:\/\/noticiasbahia360.com.br\/wp-content\/uploads\/2026\/04\/estudante-de-medicina-foto-producao-redes-sociais--768x403.png",640,336,true],"large":["https:\/\/noticiasbahia360.com.br\/wp-content\/uploads\/2026\/04\/estudante-de-medicina-foto-producao-redes-sociais--1024x538.png",640,336,true],"1536x1536":["https:\/\/noticiasbahia360.com.br\/wp-content\/uploads\/2026\/04\/estudante-de-medicina-foto-producao-redes-sociais-.png",1200,630,false],"2048x2048":["https:\/\/noticiasbahia360.com.br\/wp-content\/uploads\/2026\/04\/estudante-de-medicina-foto-producao-redes-sociais-.png",1200,630,false],"chromenews-featured":["https:\/\/noticiasbahia360.com.br\/wp-content\/uploads\/2026\/04\/estudante-de-medicina-foto-producao-redes-sociais--1024x538.png",1024,538,true],"chromenews-large":["https:\/\/noticiasbahia360.com.br\/wp-content\/uploads\/2026\/04\/estudante-de-medicina-foto-producao-redes-sociais--825x575.png",825,575,true],"chromenews-medium":["https:\/\/noticiasbahia360.com.br\/wp-content\/uploads\/2026\/04\/estudante-de-medicina-foto-producao-redes-sociais--590x410.png",590,410,true]},"author_info":{"display_name":"noticiasbahia360.com.br","author_link":"https:\/\/noticiasbahia360.com.br\/?author=1"},"category_info":"<a href=\"https:\/\/noticiasbahia360.com.br\/?cat=8\" rel=\"category\">Bahia<\/a> <a href=\"https:\/\/noticiasbahia360.com.br\/?cat=9\" rel=\"category\">Brasil<\/a> <a href=\"https:\/\/noticiasbahia360.com.br\/?cat=6\" rel=\"category\">Feira de Santana<\/a> <a href=\"https:\/\/noticiasbahia360.com.br\/?cat=57\" rel=\"category\">Mundo<\/a> <a href=\"https:\/\/noticiasbahia360.com.br\/?cat=56\" rel=\"category\">Pol\u00edcia<\/a> <a href=\"https:\/\/noticiasbahia360.com.br\/?cat=10\" rel=\"category\">Pol\u00edtica<\/a>","tag_info":"Pol\u00edtica","comment_count":"0","_links":{"self":[{"href":"https:\/\/noticiasbahia360.com.br\/index.php?rest_route=\/wp\/v2\/posts\/128506","targetHints":{"allow":["GET"]}}],"collection":[{"href":"https:\/\/noticiasbahia360.com.br\/index.php?rest_route=\/wp\/v2\/posts"}],"about":[{"href":"https:\/\/noticiasbahia360.com.br\/index.php?rest_route=\/wp\/v2\/types\/post"}],"author":[{"embeddable":true,"href":"https:\/\/noticiasbahia360.com.br\/index.php?rest_route=\/wp\/v2\/users\/1"}],"replies":[{"embeddable":true,"href":"https:\/\/noticiasbahia360.com.br\/index.php?rest_route=%2Fwp%2Fv2%2Fcomments&post=128506"}],"version-history":[{"count":0,"href":"https:\/\/noticiasbahia360.com.br\/index.php?rest_route=\/wp\/v2\/posts\/128506\/revisions"}],"wp:featuredmedia":[{"embeddable":true,"href":"https:\/\/noticiasbahia360.com.br\/index.php?rest_route=\/wp\/v2\/media\/128507"}],"wp:attachment":[{"href":"https:\/\/noticiasbahia360.com.br\/index.php?rest_route=%2Fwp%2Fv2%2Fmedia&parent=128506"}],"wp:term":[{"taxonomy":"category","embeddable":true,"href":"https:\/\/noticiasbahia360.com.br\/index.php?rest_route=%2Fwp%2Fv2%2Fcategories&post=128506"},{"taxonomy":"post_tag","embeddable":true,"href":"https:\/\/noticiasbahia360.com.br\/index.php?rest_route=%2Fwp%2Fv2%2Ftags&post=128506"}],"curies":[{"name":"wp","href":"https:\/\/api.w.org\/{rel}","templated":true}]}}