{"id":128508,"date":"2026-04-27T12:01:34","date_gmt":"2026-04-27T15:01:34","guid":{"rendered":"https:\/\/noticiasbahia360.com.br\/?p=128508"},"modified":"2026-04-27T12:01:34","modified_gmt":"2026-04-27T15:01:34","slug":"musical-escola-dos-bichos-anima-feira-de-santana-neste-sabado-e-domingo","status":"publish","type":"post","link":"https:\/\/noticiasbahia360.com.br\/?p=128508","title":{"rendered":"Musical \u201cEscola dos Bichos\u201d anima Feira de Santana neste s\u00e1bado e domingo"},"content":{"rendered":"<div>\n<div>\n<figure><img decoding=\"async\" src=\"http:\/\/noticiasbahia360.com.br\/wp-content\/uploads\/2026\/04\/Musical-Escola-dos-Bichos-Foto-Divulgacao-270426.jpg\" alt=\"Musical \" escola dos bichos><figcaption>Musical &#8220;Escola dos Bichos&#8221; | Foto: Divulga\u00e7\u00e3o <\/figcaption><\/figure>\n<\/div>\n<p>O musical \u201cEscola dos Bichos\u201d alegra o teatro Margarida Ribeiro, nos dias 2 e 3 de maio, \u00e0s 15h. Entre falas, miados e can\u00e7\u00f5es, cada \u201cbichinho\u201d precisa lidar com suas pr\u00f3prias inseguran\u00e7as e aprender a conviver com as diferen\u00e7as num ambiente l\u00fadico. O conte\u00fado, que \u00e9 livre para todos os p\u00fablicos, conecta crian\u00e7as e adultos em uma trama surpreendente, enquanto revela a hist\u00f3ria de cada animal.<\/p>\n<p>Com personagens cativantes e uma hist\u00f3ria envolvente, o espet\u00e1culo acompanha os desafios vividos dentro de uma escola muito diferente, mas que cont\u00e9m obst\u00e1culos n\u00e3o t\u00e3o distantes dos vividos por cada um de n\u00f3s. H\u00e1 uma jornada de descoberta quanto ao valor do amor, respeito, amizade e do prop\u00f3sito que Deus desenhou para cada um.<\/p>\n<figure class=\"wp-block-image size-full\"><img fetchpriority=\"high\" fetchpriority=\"high\" decoding=\"async\" width=\"1200\" height=\"925\" src=\"http:\/\/noticiasbahia360.com.br\/wp-content\/uploads\/2026\/04\/Musical-Escola-dos-Bichos-Foto-Divulgacao-2-270426.jpg\" alt='Musical \"Escola dos Bichos\"' class=\"wp-image-650309\" srcset=\"http:\/\/noticiasbahia360.com.br\/wp-content\/uploads\/2026\/04\/Musical-Escola-dos-Bichos-Foto-Divulgacao-2-270426.jpg 1200w, https:\/\/uploads.acordacidade.com.br\/2026\/04\/Musical-Escola-dos-Bichos-Foto-Divulgacao-2-270426-750x578.jpg 750w, https:\/\/uploads.acordacidade.com.br\/2026\/04\/Musical-Escola-dos-Bichos-Foto-Divulgacao-2-270426-1000x771.jpg 1000w, https:\/\/uploads.acordacidade.com.br\/2026\/04\/Musical-Escola-dos-Bichos-Foto-Divulgacao-2-270426-450x347.jpg 450w, https:\/\/uploads.acordacidade.com.br\/2026\/04\/Musical-Escola-dos-Bichos-Foto-Divulgacao-2-270426-150x116.jpg 150w\" sizes=\"(max-width: 1200px) 100vw, 1200px\"><figcaption class=\"wp-element-caption\">Foto: Divulga\u00e7\u00e3o <\/figcaption><\/figure>\n<p>\u201cCada personagem vivencia dilemas e problemas que foram inspirados em hist\u00f3rias dos pr\u00f3prios atores originais que fizeram o musical. E ela lida sobre v\u00e1rias quest\u00f5es, como: racismo, bullying, preconceito, identidade, e a necessidade de ter que se parecer com os outros pra se ter amigos. \u00c9 sempre bom relembrar que o amor e a esperan\u00e7a podem vencer todos esses desafios\u201d, refor\u00e7a Abra\u00e3o Melo, produtor cultural.<\/p>\n<p>A produ\u00e7\u00e3o do grupo Conex traz cenas leves, m\u00fasicas marcantes e situa\u00e7\u00f5es do cotidiano. Ludicamente, apresenta mensagens profundas de forma simples e acess\u00edvel, tocando pessoas de todas as idades.<\/p>\n<figure class=\"wp-block-image size-full\"><img decoding=\"async\" width=\"1200\" height=\"943\" src=\"http:\/\/noticiasbahia360.com.br\/wp-content\/uploads\/2026\/04\/Musical-Escola-dos-Bichos-Foto-Divulgacao-25-270426.jpg\" alt='Musical \"Escola dos Bichos\"' class=\"wp-image-650310\" srcset=\"http:\/\/noticiasbahia360.com.br\/wp-content\/uploads\/2026\/04\/Musical-Escola-dos-Bichos-Foto-Divulgacao-25-270426.jpg 1200w, https:\/\/uploads.acordacidade.com.br\/2026\/04\/Musical-Escola-dos-Bichos-Foto-Divulgacao-25-270426-750x589.jpg 750w, https:\/\/uploads.acordacidade.com.br\/2026\/04\/Musical-Escola-dos-Bichos-Foto-Divulgacao-25-270426-1000x786.jpg 1000w, https:\/\/uploads.acordacidade.com.br\/2026\/04\/Musical-Escola-dos-Bichos-Foto-Divulgacao-25-270426-450x354.jpg 450w, https:\/\/uploads.acordacidade.com.br\/2026\/04\/Musical-Escola-dos-Bichos-Foto-Divulgacao-25-270426-150x118.jpg 150w\" sizes=\"(max-width: 1200px) 100vw, 1200px\"><figcaption class=\"wp-element-caption\">Foto: Divulga\u00e7\u00e3o <\/figcaption><\/figure>\n<h2 class=\"wp-block-heading\" id=\"h-servico\">Servi\u00e7o<\/h2>\n<p><strong>O que:<\/strong> Musical \u201cEscola dos Bichos\u201d<\/p>\n<p><strong>Quando:<\/strong> 2 e 3 de maio<\/p>\n<p><strong>Hor\u00e1rio: <\/strong>15h<\/p>\n<p><strong>Onde:<\/strong> Teatro Margarida Ribeiro<\/p>\n<p><strong>Classifica\u00e7\u00e3o:<\/strong> Livre<\/p>\n<p><strong>Entrada:<\/strong> R$ 10,00 <a href=\"https:\/\/uticket.com.br\/evento\/musical-escola-dos-bichos\/01LZJZ2NY7L83K\" type=\"link\" id=\"https:\/\/uticket.com.br\/evento\/musical-escola-dos-bichos\/01LZJZ2NY7L83K\" target=\"_blank\" rel=\"noreferrer noopener\">(ingressos no link<\/a>)<\/p>\n<p><em>Siga o Acorda Cidade no\u00a0<\/em><a href=\"https:\/\/news.google.com\/search?q=acorda%20cidade&amp;hl=pt-BR&amp;gl=BR&amp;ceid=BR%3Apt-419\"><strong><em>Google Not\u00edcias<\/em><\/strong><\/a><em>\u00a0e receba os principais destaques do dia. Participe tamb\u00e9m dos nossos canais no\u00a0<\/em><a href=\"https:\/\/www.whatsapp.com\/channel\/0029Va6Rb4v3WHTNnsh8WI3N\"><strong><em>WhatsApp<\/em><\/strong><\/a><em>\u00a0e\u00a0<\/em><a href=\"https:\/\/www.youtube.com\/@acordacidadenoticias\/videos\"><strong>YouTube<\/strong><\/a><em>\u00a0e grupo de\u00a0<\/em><a href=\"https:\/\/t.me\/+sSz0khrgARA0ZmRh\"><strong><em>Telegram<\/em><\/strong><\/a><em>.<\/em><\/p>\n<\/div>\n","protected":false},"excerpt":{"rendered":"<div>\n<div>\n<figure><img decoding=\"async\" src=\"https:\/\/uploads.acordacidade.com.br\/2026\/04\/Musical-Escola-dos-Bichos-Foto-Divulgacao-270426.jpg\" alt=\"Musical \"><figcaption>Musical &#8220;Escola dos Bichos&#8221; | Foto: Divulga\u00e7\u00e3o <\/figcaption><\/figure>\n<\/div>\n<p>A produ\u00e7\u00e3o &#8220;Escola dos Bichos&#8221;, do grupo Conex, traz cenas leves, m\u00fasicas marcantes e situa\u00e7\u00f5es do cotidiano.<\/p><\/div>\n","protected":false},"author":1,"featured_media":128509,"comment_status":"closed","ping_status":"closed","sticky":false,"template":"","format":"gallery","meta":{"footnotes":""},"categories":[8,9,6,57,56,10],"tags":[],"class_list":["post-128508","post","type-post","status-publish","format-gallery","has-post-thumbnail","hentry","category-bahia","category-brasil","category-feira-de-santana","category-mundo","category-policia","category-politica","post_format-post-format-gallery"],"featured_image_urls":{"full":["https:\/\/noticiasbahia360.com.br\/wp-content\/uploads\/2026\/04\/Musical-Escola-dos-Bichos-Foto-Divulgacao-270426.jpg",1200,800,false],"thumbnail":["https:\/\/noticiasbahia360.com.br\/wp-content\/uploads\/2026\/04\/Musical-Escola-dos-Bichos-Foto-Divulgacao-270426-150x150.jpg",150,150,true],"medium":["https:\/\/noticiasbahia360.com.br\/wp-content\/uploads\/2026\/04\/Musical-Escola-dos-Bichos-Foto-Divulgacao-270426-300x200.jpg",300,200,true],"medium_large":["https:\/\/noticiasbahia360.com.br\/wp-content\/uploads\/2026\/04\/Musical-Escola-dos-Bichos-Foto-Divulgacao-270426-768x512.jpg",640,427,true],"large":["https:\/\/noticiasbahia360.com.br\/wp-content\/uploads\/2026\/04\/Musical-Escola-dos-Bichos-Foto-Divulgacao-270426-1024x683.jpg",640,427,true],"1536x1536":["https:\/\/noticiasbahia360.com.br\/wp-content\/uploads\/2026\/04\/Musical-Escola-dos-Bichos-Foto-Divulgacao-270426.jpg",1200,800,false],"2048x2048":["https:\/\/noticiasbahia360.com.br\/wp-content\/uploads\/2026\/04\/Musical-Escola-dos-Bichos-Foto-Divulgacao-270426.jpg",1200,800,false],"chromenews-featured":["https:\/\/noticiasbahia360.com.br\/wp-content\/uploads\/2026\/04\/Musical-Escola-dos-Bichos-Foto-Divulgacao-270426-1024x683.jpg",1024,683,true],"chromenews-large":["https:\/\/noticiasbahia360.com.br\/wp-content\/uploads\/2026\/04\/Musical-Escola-dos-Bichos-Foto-Divulgacao-270426-825x575.jpg",825,575,true],"chromenews-medium":["https:\/\/noticiasbahia360.com.br\/wp-content\/uploads\/2026\/04\/Musical-Escola-dos-Bichos-Foto-Divulgacao-270426-590x410.jpg",590,410,true]},"author_info":{"display_name":"noticiasbahia360.com.br","author_link":"https:\/\/noticiasbahia360.com.br\/?author=1"},"category_info":"<a href=\"https:\/\/noticiasbahia360.com.br\/?cat=8\" rel=\"category\">Bahia<\/a> <a href=\"https:\/\/noticiasbahia360.com.br\/?cat=9\" rel=\"category\">Brasil<\/a> <a href=\"https:\/\/noticiasbahia360.com.br\/?cat=6\" rel=\"category\">Feira de Santana<\/a> <a href=\"https:\/\/noticiasbahia360.com.br\/?cat=57\" rel=\"category\">Mundo<\/a> <a href=\"https:\/\/noticiasbahia360.com.br\/?cat=56\" rel=\"category\">Pol\u00edcia<\/a> <a href=\"https:\/\/noticiasbahia360.com.br\/?cat=10\" rel=\"category\">Pol\u00edtica<\/a>","tag_info":"Pol\u00edtica","comment_count":"0","_links":{"self":[{"href":"https:\/\/noticiasbahia360.com.br\/index.php?rest_route=\/wp\/v2\/posts\/128508","targetHints":{"allow":["GET"]}}],"collection":[{"href":"https:\/\/noticiasbahia360.com.br\/index.php?rest_route=\/wp\/v2\/posts"}],"about":[{"href":"https:\/\/noticiasbahia360.com.br\/index.php?rest_route=\/wp\/v2\/types\/post"}],"author":[{"embeddable":true,"href":"https:\/\/noticiasbahia360.com.br\/index.php?rest_route=\/wp\/v2\/users\/1"}],"replies":[{"embeddable":true,"href":"https:\/\/noticiasbahia360.com.br\/index.php?rest_route=%2Fwp%2Fv2%2Fcomments&post=128508"}],"version-history":[{"count":0,"href":"https:\/\/noticiasbahia360.com.br\/index.php?rest_route=\/wp\/v2\/posts\/128508\/revisions"}],"wp:featuredmedia":[{"embeddable":true,"href":"https:\/\/noticiasbahia360.com.br\/index.php?rest_route=\/wp\/v2\/media\/128509"}],"wp:attachment":[{"href":"https:\/\/noticiasbahia360.com.br\/index.php?rest_route=%2Fwp%2Fv2%2Fmedia&parent=128508"}],"wp:term":[{"taxonomy":"category","embeddable":true,"href":"https:\/\/noticiasbahia360.com.br\/index.php?rest_route=%2Fwp%2Fv2%2Fcategories&post=128508"},{"taxonomy":"post_tag","embeddable":true,"href":"https:\/\/noticiasbahia360.com.br\/index.php?rest_route=%2Fwp%2Fv2%2Ftags&post=128508"}],"curies":[{"name":"wp","href":"https:\/\/api.w.org\/{rel}","templated":true}]}}