{"id":128512,"date":"2026-04-27T12:15:54","date_gmt":"2026-04-27T15:15:54","guid":{"rendered":"https:\/\/noticiasbahia360.com.br\/?p=128512"},"modified":"2026-04-27T12:15:54","modified_gmt":"2026-04-27T15:15:54","slug":"devinho-calcinha-preta-e-leo-santana-sao-as-primeiras-atracoes-dos-festejos-de-sao-goncalo-dos-campos","status":"publish","type":"post","link":"https:\/\/noticiasbahia360.com.br\/?p=128512","title":{"rendered":"Devinho, Calcinha Preta e L\u00e9o Santana s\u00e3o as primeiras atra\u00e7\u00f5es dos festejos de S\u00e3o Gon\u00e7alo dos Campos\u00a0"},"content":{"rendered":"<div>\n<div>\n<figure><img decoding=\"async\" src=\"http:\/\/noticiasbahia360.com.br\/wp-content\/uploads\/2026\/04\/Atracoes-de-Sao-Goncalo.webp\" alt=\"Devinho, Calcinha Preta e L\u00e9o Santana s\u00e3o as primeiras atra\u00e7\u00f5es dos festejos de S\u00e3o Gon\u00e7alo dos Campos\u00a0\"><figcaption>Foto: Reprodu\u00e7\u00e3o\/Redes Sociais <\/figcaption><\/figure>\n<\/div>\n<p>O prefeito de S\u00e3o Gon\u00e7alo dos Campos, Tarc\u00edsio Pedreira, anunciou as primeiras atra\u00e7\u00f5es confirmadas para o Jardim do Forr\u00f3 2026, durante o evento de escolha da Rainha e das Princesas da Cavalgada #PartiuSonga. A revela\u00e7\u00e3o movimentou o p\u00fablico presente e j\u00e1 coloca o munic\u00edpio no clima dos festejos juninos.<\/p>\n<p>Entre os nomes anunciados est\u00e3o grandes artistas que prometem animar o <a href=\"https:\/\/www.acordacidade.com.br\/tag\/sao-joao-da-bahia\/\" type=\"post_tag\" id=\"43580\">S\u00e3o Jo\u00e3o<\/a> da cidade: Calcinha Preta, Filho do Piseiro, Deivinho Novais e L\u00e9o Santana. A expectativa \u00e9 de que novas atra\u00e7\u00f5es sejam divulgadas nas pr\u00f3ximas semanas, ampliando ainda mais a programa\u00e7\u00e3o.<\/p>\n<p>O Jardim do Forr\u00f3, considerado um dos S\u00e3o Jo\u00e3o mais bonitos e bem organizados da Bahia, ser\u00e1 realizado entre os dias 19 e 27 de junho, na Pra\u00e7a da Esta\u00e7\u00e3o, reunindo tradi\u00e7\u00e3o, cultura nordestina e grandes shows.<\/p>\n<p>Durante o an\u00fancio, o prefeito destacou a import\u00e2ncia do evento para a cidade. \u201cEstamos preparando um S\u00e3o Jo\u00e3o ainda maior, com grandes atra\u00e7\u00f5es e toda a estrutura que o nosso povo e os visitantes merecem. \u00c9 um evento que valoriza a nossa cultura e movimenta a economia local,\u201d afirmou Tarc\u00edsio.<\/p>\n<p>O S\u00e3o Jo\u00e3o de S\u00e3o Gon\u00e7alo dos Campos integra o calend\u00e1rio do Cidade Jardim Festival, consolidando o munic\u00edpio como um dos principais destinos juninos do interior da Bahia.<\/p>\n<p><em>Siga o Acorda Cidade no\u00a0<\/em><a href=\"https:\/\/news.google.com\/search?q=acorda%20cidade&amp;hl=pt-BR&amp;gl=BR&amp;ceid=BR%3Apt-419\"><strong><em>Google Not\u00edcias<\/em><\/strong><\/a><em>\u00a0e receba os principais destaques do dia. Participe tamb\u00e9m dos nossos canais no\u00a0<\/em><a href=\"https:\/\/www.whatsapp.com\/channel\/0029Va6Rb4v3WHTNnsh8WI3N\"><strong><em>WhatsApp<\/em><\/strong><\/a><em>\u00a0e\u00a0<\/em><a href=\"https:\/\/www.youtube.com\/@acordacidadenoticias\/videos\"><strong>YouTube<\/strong><\/a><em>e do grupo no\u00a0<\/em><a href=\"https:\/\/t.me\/+sSz0khrgARA0ZmRh\"><strong><em>Telegram<\/em><\/strong><\/a><em>.<\/em><\/p>\n<\/div>\n","protected":false},"excerpt":{"rendered":"<div>\n<div>\n<figure><img decoding=\"async\" src=\"https:\/\/uploads.acordacidade.com.br\/2026\/04\/Atracoes-de-Sao-Goncalo.webp\" alt=\"Devinho, Calcinha Preta e L\u00e9o Santana s\u00e3o as primeiras atra\u00e7\u00f5es dos festejos de S\u00e3o Gon\u00e7alo dos Campos\u00a0\"><figcaption>Foto: Reprodu\u00e7\u00e3o\/Redes Sociais <\/figcaption><\/figure>\n<\/div>\n<p>Entre os nomes anunciados est\u00e3o grandes artistas que prometem animar o S\u00e3o Jo\u00e3o como Filho do Piseiro, Deivinho Novais e Calcinha Preta.<\/p><\/div>\n","protected":false},"author":1,"featured_media":128513,"comment_status":"closed","ping_status":"closed","sticky":false,"template":"","format":"gallery","meta":{"footnotes":""},"categories":[8,9,6,57,56,10],"tags":[],"class_list":["post-128512","post","type-post","status-publish","format-gallery","has-post-thumbnail","hentry","category-bahia","category-brasil","category-feira-de-santana","category-mundo","category-policia","category-politica","post_format-post-format-gallery"],"featured_image_urls":{"full":["https:\/\/noticiasbahia360.com.br\/wp-content\/uploads\/2026\/04\/Atracoes-de-Sao-Goncalo.webp",1200,800,false],"thumbnail":["https:\/\/noticiasbahia360.com.br\/wp-content\/uploads\/2026\/04\/Atracoes-de-Sao-Goncalo-150x150.webp",150,150,true],"medium":["https:\/\/noticiasbahia360.com.br\/wp-content\/uploads\/2026\/04\/Atracoes-de-Sao-Goncalo-300x200.webp",300,200,true],"medium_large":["https:\/\/noticiasbahia360.com.br\/wp-content\/uploads\/2026\/04\/Atracoes-de-Sao-Goncalo-768x512.webp",640,427,true],"large":["https:\/\/noticiasbahia360.com.br\/wp-content\/uploads\/2026\/04\/Atracoes-de-Sao-Goncalo-1024x683.webp",640,427,true],"1536x1536":["https:\/\/noticiasbahia360.com.br\/wp-content\/uploads\/2026\/04\/Atracoes-de-Sao-Goncalo.webp",1200,800,false],"2048x2048":["https:\/\/noticiasbahia360.com.br\/wp-content\/uploads\/2026\/04\/Atracoes-de-Sao-Goncalo.webp",1200,800,false],"chromenews-featured":["https:\/\/noticiasbahia360.com.br\/wp-content\/uploads\/2026\/04\/Atracoes-de-Sao-Goncalo-1024x683.webp",1024,683,true],"chromenews-large":["https:\/\/noticiasbahia360.com.br\/wp-content\/uploads\/2026\/04\/Atracoes-de-Sao-Goncalo-825x575.webp",825,575,true],"chromenews-medium":["https:\/\/noticiasbahia360.com.br\/wp-content\/uploads\/2026\/04\/Atracoes-de-Sao-Goncalo-590x410.webp",590,410,true]},"author_info":{"display_name":"noticiasbahia360.com.br","author_link":"https:\/\/noticiasbahia360.com.br\/?author=1"},"category_info":"<a href=\"https:\/\/noticiasbahia360.com.br\/?cat=8\" rel=\"category\">Bahia<\/a> <a href=\"https:\/\/noticiasbahia360.com.br\/?cat=9\" rel=\"category\">Brasil<\/a> <a href=\"https:\/\/noticiasbahia360.com.br\/?cat=6\" rel=\"category\">Feira de Santana<\/a> <a href=\"https:\/\/noticiasbahia360.com.br\/?cat=57\" rel=\"category\">Mundo<\/a> <a href=\"https:\/\/noticiasbahia360.com.br\/?cat=56\" rel=\"category\">Pol\u00edcia<\/a> <a href=\"https:\/\/noticiasbahia360.com.br\/?cat=10\" rel=\"category\">Pol\u00edtica<\/a>","tag_info":"Pol\u00edtica","comment_count":"0","_links":{"self":[{"href":"https:\/\/noticiasbahia360.com.br\/index.php?rest_route=\/wp\/v2\/posts\/128512","targetHints":{"allow":["GET"]}}],"collection":[{"href":"https:\/\/noticiasbahia360.com.br\/index.php?rest_route=\/wp\/v2\/posts"}],"about":[{"href":"https:\/\/noticiasbahia360.com.br\/index.php?rest_route=\/wp\/v2\/types\/post"}],"author":[{"embeddable":true,"href":"https:\/\/noticiasbahia360.com.br\/index.php?rest_route=\/wp\/v2\/users\/1"}],"replies":[{"embeddable":true,"href":"https:\/\/noticiasbahia360.com.br\/index.php?rest_route=%2Fwp%2Fv2%2Fcomments&post=128512"}],"version-history":[{"count":0,"href":"https:\/\/noticiasbahia360.com.br\/index.php?rest_route=\/wp\/v2\/posts\/128512\/revisions"}],"wp:featuredmedia":[{"embeddable":true,"href":"https:\/\/noticiasbahia360.com.br\/index.php?rest_route=\/wp\/v2\/media\/128513"}],"wp:attachment":[{"href":"https:\/\/noticiasbahia360.com.br\/index.php?rest_route=%2Fwp%2Fv2%2Fmedia&parent=128512"}],"wp:term":[{"taxonomy":"category","embeddable":true,"href":"https:\/\/noticiasbahia360.com.br\/index.php?rest_route=%2Fwp%2Fv2%2Fcategories&post=128512"},{"taxonomy":"post_tag","embeddable":true,"href":"https:\/\/noticiasbahia360.com.br\/index.php?rest_route=%2Fwp%2Fv2%2Ftags&post=128512"}],"curies":[{"name":"wp","href":"https:\/\/api.w.org\/{rel}","templated":true}]}} 