{"id":128514,"date":"2026-04-27T12:32:05","date_gmt":"2026-04-27T15:32:05","guid":{"rendered":"https:\/\/noticiasbahia360.com.br\/?p=128514"},"modified":"2026-04-27T12:32:05","modified_gmt":"2026-04-27T15:32:05","slug":"obra-sobre-ancestralidade-e-feminismo-negro-sera-lancada-no-dia-5-de-maio","status":"publish","type":"post","link":"https:\/\/noticiasbahia360.com.br\/?p=128514","title":{"rendered":"Obra sobre ancestralidade e feminismo negro ser\u00e1 lan\u00e7ada no dia 5 de maio"},"content":{"rendered":"<div>\n<div>\n<figure><img decoding=\"async\" src=\"http:\/\/noticiasbahia360.com.br\/wp-content\/uploads\/2026\/04\/lancamento-do-livro-.jpg\" alt=\"lan\u00e7amento do livro\"><figcaption>Foto: Divulga\u00e7\u00e3o<\/figcaption><\/figure>\n<\/div>\n<p>Entre mem\u00f3rias, hist\u00f3rias e saberes que se recusam ao silenciamento, nasce a colet\u00e2nea \u201c\u00c1guas passadas movem moinhos: discuss\u00f5es afrodiasp\u00f3ricas em educa\u00e7\u00e3o e mem\u00f3ria\u201d. A obra, que tem lan\u00e7amento marcado para o dia 5 de maio, afirma a educa\u00e7\u00e3o como territ\u00f3rio de re-exist\u00eancia, onde ancestralidade, feminismo negro e experi\u00eancias locais tecem pr\u00e1ticas antirracistas e libertadoras. <\/p>\n<p>A obra \u00e9 tecida por trajet\u00f3rias comprometidas com a ruptura das epistemologias coloniais e tem autoria de Adriana Dantas e Sirlene Bispo.<\/p>\n<p>Adriana Dantas \u00e9 historiadora formada pela Universidade Federal da Bahia (Ufba), com mestrado em Hist\u00f3ria Social pela mesma institui\u00e7\u00e3o e doutorado pela Universidade Federal Fluminense (UFF). Realizou p\u00f3s-doutorado na Universidade de Lisboa e \u00e9 professora plena da Universidade Estadual de Feira de Santana (Uefs). <\/p>\n<p>Fundadora do Lecadia, sua produ\u00e7\u00e3o atravessa os s\u00e9culos XVIII e XIX da Bahia para iluminar experi\u00eancias de mulheres da di\u00e1spora africana, tensionando temas como escravid\u00e3o, g\u00eanero, ra\u00e7a\/cor e mobilidade social. Sua escrita se ancora nas teorias feministas negras e decoloniais, deslocando o olhar hist\u00f3rico para al\u00e9m das narrativas hegem\u00f4nicas.<\/p>\n<p>Sirlene Bispo \u00e9 psic\u00f3loga, Graduada pela Uefs, Mestra em Educa\u00e7\u00e3o tamb\u00e9m pela Uefs e pesquisadora do Laborat\u00f3rio de Estudos Conex\u00f5es Atl\u00e2nticas e Di\u00e1spora Africana: Cultura Afro-brasileira e Ind\u00edgena. Atua tamb\u00e9m na internacionaliza\u00e7\u00e3o da educa\u00e7\u00e3o atrav\u00e9s da coordena\u00e7\u00e3o de Mobilidade In da Assessoria Especial de Rela\u00e7\u00f5es Institucionais da Uefs , onde \u00e9 servidora t\u00e9cnica.<\/p>\n<p><strong>Data:<\/strong> 5 de maio<br \/><strong>Data:<\/strong> 15h \u00e0s 17h<br \/><strong>Local: <\/strong>Foyer do Teatro da UEFS<\/p>\n<p><em>Siga o Acorda Cidade no\u00a0<\/em><a href=\"https:\/\/news.google.com\/search?q=acorda%20cidade&amp;hl=pt-BR&amp;gl=BR&amp;ceid=BR%3Apt-419\"><strong><em>Google Not\u00edcias<\/em><\/strong><\/a><em>\u00a0e receba os principais destaques do dia. Participe tamb\u00e9m dos nossos canais no\u00a0<\/em><a href=\"https:\/\/www.whatsapp.com\/channel\/0029Va6Rb4v3WHTNnsh8WI3N\"><strong><em>WhatsApp<\/em><\/strong><\/a><em>\u00a0e\u00a0<\/em><a href=\"https:\/\/www.youtube.com\/@acordacidadenoticias\/videos\"><strong>YouTube<\/strong><\/a><em>\u00a0e grupo de\u00a0<\/em><a href=\"https:\/\/t.me\/+sSz0khrgARA0ZmRh\"><strong><em>Telegram<\/em><\/strong><\/a><em>.<\/em><\/p>\n<\/div>\n","protected":false},"excerpt":{"rendered":"<div>\n<div>\n<figure><img decoding=\"async\" src=\"https:\/\/uploads.acordacidade.com.br\/2026\/04\/lancamento-do-livro-.jpg\" alt=\"lan\u00e7amento do livro\"><figcaption>Foto: Divulga\u00e7\u00e3o<\/figcaption><\/figure>\n<\/div>\n<p>A obra &#8220;\u00c1guas passadas movem Moinhos&#8221; \u00e9 tecida por trajet\u00f3rias comprometidas com a ruptura das epistemologias coloniais.<\/p><\/div>\n","protected":false},"author":1,"featured_media":128515,"comment_status":"closed","ping_status":"closed","sticky":false,"template":"","format":"gallery","meta":{"footnotes":""},"categories":[8,9,6,57,56,10],"tags":[],"class_list":["post-128514","post","type-post","status-publish","format-gallery","has-post-thumbnail","hentry","category-bahia","category-brasil","category-feira-de-santana","category-mundo","category-policia","category-politica","post_format-post-format-gallery"],"featured_image_urls":{"full":["https:\/\/noticiasbahia360.com.br\/wp-content\/uploads\/2026\/04\/lancamento-do-livro-.jpg",1200,768,false],"thumbnail":["https:\/\/noticiasbahia360.com.br\/wp-content\/uploads\/2026\/04\/lancamento-do-livro--150x150.jpg",150,150,true],"medium":["https:\/\/noticiasbahia360.com.br\/wp-content\/uploads\/2026\/04\/lancamento-do-livro--300x192.jpg",300,192,true],"medium_large":["https:\/\/noticiasbahia360.com.br\/wp-content\/uploads\/2026\/04\/lancamento-do-livro--768x492.jpg",640,410,true],"large":["https:\/\/noticiasbahia360.com.br\/wp-content\/uploads\/2026\/04\/lancamento-do-livro--1024x655.jpg",640,409,true],"1536x1536":["https:\/\/noticiasbahia360.com.br\/wp-content\/uploads\/2026\/04\/lancamento-do-livro-.jpg",1200,768,false],"2048x2048":["https:\/\/noticiasbahia360.com.br\/wp-content\/uploads\/2026\/04\/lancamento-do-livro-.jpg",1200,768,false],"chromenews-featured":["https:\/\/noticiasbahia360.com.br\/wp-content\/uploads\/2026\/04\/lancamento-do-livro--1024x655.jpg",1024,655,true],"chromenews-large":["https:\/\/noticiasbahia360.com.br\/wp-content\/uploads\/2026\/04\/lancamento-do-livro--825x575.jpg",825,575,true],"chromenews-medium":["https:\/\/noticiasbahia360.com.br\/wp-content\/uploads\/2026\/04\/lancamento-do-livro--590x410.jpg",590,410,true]},"author_info":{"display_name":"noticiasbahia360.com.br","author_link":"https:\/\/noticiasbahia360.com.br\/?author=1"},"category_info":"<a href=\"https:\/\/noticiasbahia360.com.br\/?cat=8\" rel=\"category\">Bahia<\/a> <a href=\"https:\/\/noticiasbahia360.com.br\/?cat=9\" rel=\"category\">Brasil<\/a> <a href=\"https:\/\/noticiasbahia360.com.br\/?cat=6\" rel=\"category\">Feira de Santana<\/a> <a href=\"https:\/\/noticiasbahia360.com.br\/?cat=57\" rel=\"category\">Mundo<\/a> <a href=\"https:\/\/noticiasbahia360.com.br\/?cat=56\" rel=\"category\">Pol\u00edcia<\/a> <a href=\"https:\/\/noticiasbahia360.com.br\/?cat=10\" rel=\"category\">Pol\u00edtica<\/a>","tag_info":"Pol\u00edtica","comment_count":"0","_links":{"self":[{"href":"https:\/\/noticiasbahia360.com.br\/index.php?rest_route=\/wp\/v2\/posts\/128514","targetHints":{"allow":["GET"]}}],"collection":[{"href":"https:\/\/noticiasbahia360.com.br\/index.php?rest_route=\/wp\/v2\/posts"}],"about":[{"href":"https:\/\/noticiasbahia360.com.br\/index.php?rest_route=\/wp\/v2\/types\/post"}],"author":[{"embeddable":true,"href":"https:\/\/noticiasbahia360.com.br\/index.php?rest_route=\/wp\/v2\/users\/1"}],"replies":[{"embeddable":true,"href":"https:\/\/noticiasbahia360.com.br\/index.php?rest_route=%2Fwp%2Fv2%2Fcomments&post=128514"}],"version-history":[{"count":0,"href":"https:\/\/noticiasbahia360.com.br\/index.php?rest_route=\/wp\/v2\/posts\/128514\/revisions"}],"wp:featuredmedia":[{"embeddable":true,"href":"https:\/\/noticiasbahia360.com.br\/index.php?rest_route=\/wp\/v2\/media\/128515"}],"wp:attachment":[{"href":"https:\/\/noticiasbahia360.com.br\/index.php?rest_route=%2Fwp%2Fv2%2Fmedia&parent=128514"}],"wp:term":[{"taxonomy":"category","embeddable":true,"href":"https:\/\/noticiasbahia360.com.br\/index.php?rest_route=%2Fwp%2Fv2%2Fcategories&post=128514"},{"taxonomy":"post_tag","embeddable":true,"href":"https:\/\/noticiasbahia360.com.br\/index.php?rest_route=%2Fwp%2Fv2%2Ftags&post=128514"}],"curies":[{"name":"wp","href":"https:\/\/api.w.org\/{rel}","templated":true}]}}