{"id":128516,"date":"2026-04-27T12:32:07","date_gmt":"2026-04-27T15:32:07","guid":{"rendered":"https:\/\/noticiasbahia360.com.br\/?p=128516"},"modified":"2026-04-27T12:32:07","modified_gmt":"2026-04-27T15:32:07","slug":"acidente-entre-carro-carreta-e-caminhao-na-br-116-deixa-dois-mortos-e-outros-dois-feridos","status":"publish","type":"post","link":"https:\/\/noticiasbahia360.com.br\/?p=128516","title":{"rendered":"Acidente entre carro, carreta e caminh\u00e3o na BR-116 deixa dois mortos e outros dois feridos"},"content":{"rendered":"<div>\n<div>\n<figure><img decoding=\"async\" src=\"http:\/\/noticiasbahia360.com.br\/wp-content\/uploads\/2026\/04\/acidente-na-BR-116-2.webp\" alt=\"Acidente entre carro, carreta e caminh\u00e3o na BR-116 deixa dois mortos e outros dois feridos\"><figcaption>Foto: Reprodu\u00e7\u00e3o\/Redes Sociais<\/figcaption><\/figure>\n<\/div>\n<p>Um acidente entre um carro, uma carreta e um caminh\u00e3o deixou dois jovens mortos na BR-116, regi\u00e3o entre o entroncamento dos munic\u00edpios de Jaguaquara e Irajuba, na altura do KM 631, no povoado do Tatu. A colis\u00e3o aconteceu nas primeiras horas da manh\u00e3 desta segunda-feira (27).<\/p>\n<p>Segundo divulgou o Blog Marcos Frahm, as v\u00edtimas que vieram a \u00f3bito foram identificadas como Ricardo Santos Santana, de 20 anos, e Fabiana Gomes Santos, de 18. Os dois residiam nos bairros KM 03 e Amaralina, em Jequi\u00e9.<\/p>\n<p>Os corpos de Ricardo e Fabiana foram resgatados por integrantes do 8\u00ba Batalh\u00e3o de Bombeiros Militar e encaminhados ao Instituto M\u00e9dico Legal de Jequi\u00e9 pelo Departamento de Pol\u00edcia T\u00e9cnica.<\/p>\n<figure class=\"wp-block-image size-full\"><img fetchpriority=\"high\" fetchpriority=\"high\" decoding=\"async\" width=\"1200\" height=\"814\" src=\"http:\/\/noticiasbahia360.com.br\/wp-content\/uploads\/2026\/04\/acidente-na-BR-116-.webp\" alt=\"Acidente entre carro, carreta e caminh\u00e3o na BR-116 deixa dois mortos e outros dois feridos\" class=\"wp-image-650316\" srcset=\"http:\/\/noticiasbahia360.com.br\/wp-content\/uploads\/2026\/04\/acidente-na-BR-116-.webp 1200w, https:\/\/uploads.acordacidade.com.br\/2026\/04\/acidente-na-BR-116--750x509.webp 750w, https:\/\/uploads.acordacidade.com.br\/2026\/04\/acidente-na-BR-116--1000x678.webp 1000w, https:\/\/uploads.acordacidade.com.br\/2026\/04\/acidente-na-BR-116--450x305.webp 450w, https:\/\/uploads.acordacidade.com.br\/2026\/04\/acidente-na-BR-116--150x102.webp 150w\" sizes=\"(max-width: 1200px) 100vw, 1200px\"><figcaption class=\"wp-element-caption\">Foto: Reprodu\u00e7\u00e3o\/Redes Sociais<\/figcaption><\/figure>\n<p>Ainda segundo o site, o ve\u00edculo VW Gol, que seguia de Milagres para Jequi\u00e9, colidiu de frente com uma carreta cegonha e, com o impacto, dois dos quatro ocupantes morreram no local.<\/p>\n<p>As outras duas v\u00edtimas que tamb\u00e9m estavam no carro de passeio foram socorridas em estado grave para o Hospital Geral Prado Valadares (HGPV), em Jequi\u00e9. Elas permanecem internadas, mas n\u00e3o h\u00e1 atualiza\u00e7\u00f5es sobre o estado de sa\u00fade.<\/p>\n<figure class=\"wp-block-image size-full\"><img decoding=\"async\" width=\"1200\" height=\"757\" src=\"http:\/\/noticiasbahia360.com.br\/wp-content\/uploads\/2026\/04\/acidente-na-BR-116.webp\" alt=\"Acidente entre carro, carreta e caminh\u00e3o na BR-116 deixa dois mortos e outros dois feridos\" class=\"wp-image-650317\" srcset=\"http:\/\/noticiasbahia360.com.br\/wp-content\/uploads\/2026\/04\/acidente-na-BR-116.webp 1200w, https:\/\/uploads.acordacidade.com.br\/2026\/04\/acidente-na-BR-116-750x473.webp 750w, https:\/\/uploads.acordacidade.com.br\/2026\/04\/acidente-na-BR-116-1000x631.webp 1000w, https:\/\/uploads.acordacidade.com.br\/2026\/04\/acidente-na-BR-116-450x284.webp 450w, https:\/\/uploads.acordacidade.com.br\/2026\/04\/acidente-na-BR-116-150x95.webp 150w\" sizes=\"(max-width: 1200px) 100vw, 1200px\"><figcaption class=\"wp-element-caption\">Foto: Reprodu\u00e7\u00e3o\/Redes Sociais<\/figcaption><\/figure>\n<p>Ao site, a Pol\u00edcia Rodovi\u00e1ria Federal (PRF), tamb\u00e9m confirmou que o acidente envolveu um terceiro ve\u00edculo, um caminh\u00e3o.<\/p>\n<p>A Pol\u00edcia Rodovi\u00e1ria Federal (PRF) investiga as causas do acidente que ainda s\u00e3o desconhecidas. Por conta da colis\u00e3o, a BR-116 ficou parcialmente interditada nesta manh\u00e3.<\/p>\n<p><em>Siga o Acorda Cidade no\u00a0<\/em><a href=\"https:\/\/news.google.com\/search?q=acorda%20cidade&amp;hl=pt-BR&amp;gl=BR&amp;ceid=BR%3Apt-419\"><strong><em>Google Not\u00edcias<\/em><\/strong><\/a><em>\u00a0e receba os principais destaques do dia. Participe tamb\u00e9m dos nossos canais no\u00a0<\/em><a href=\"https:\/\/www.whatsapp.com\/channel\/0029Va6Rb4v3WHTNnsh8WI3N\"><strong><em>WhatsApp<\/em><\/strong><\/a><em>\u00a0e\u00a0<\/em><a href=\"https:\/\/www.youtube.com\/@acordacidadenoticias\/videos\"><strong>YouTube<\/strong><\/a><em>e do grupo no\u00a0<\/em><a href=\"https:\/\/t.me\/+sSz0khrgARA0ZmRh\"><strong><em>Telegram<\/em><\/strong><\/a><em>.<\/em><\/p>\n<\/div>\n","protected":false},"excerpt":{"rendered":"<div>\n<div>\n<figure><img decoding=\"async\" src=\"https:\/\/uploads.acordacidade.com.br\/2026\/04\/acidente-na-BR-116-2.webp\" alt=\"Acidente entre carro, carreta e caminh\u00e3o na BR-116 deixa dois mortos e outros dois feridos\"><figcaption>Foto: Reprodu\u00e7\u00e3o\/Redes Sociais<\/figcaption><\/figure>\n<\/div>\n<p>As v\u00edtimas do acidente que vieram a \u00f3bito foram identificadas como Ricardo Santos Santana, de 20 anos, e Fabiana Gomes Santos, de 18.<\/p><\/div>\n","protected":false},"author":1,"featured_media":128517,"comment_status":"closed","ping_status":"closed","sticky":false,"template":"","format":"gallery","meta":{"footnotes":""},"categories":[8,9,6,57,56,10],"tags":[],"class_list":["post-128516","post","type-post","status-publish","format-gallery","has-post-thumbnail","hentry","category-bahia","category-brasil","category-feira-de-santana","category-mundo","category-policia","category-politica","post_format-post-format-gallery"],"featured_image_urls":{"full":["https:\/\/noticiasbahia360.com.br\/wp-content\/uploads\/2026\/04\/acidente-na-BR-116-2.webp",1200,873,false],"thumbnail":["https:\/\/noticiasbahia360.com.br\/wp-content\/uploads\/2026\/04\/acidente-na-BR-116-2-150x150.webp",150,150,true],"medium":["https:\/\/noticiasbahia360.com.br\/wp-content\/uploads\/2026\/04\/acidente-na-BR-116-2-300x218.webp",300,218,true],"medium_large":["https:\/\/noticiasbahia360.com.br\/wp-content\/uploads\/2026\/04\/acidente-na-BR-116-2-768x559.webp",640,466,true],"large":["https:\/\/noticiasbahia360.com.br\/wp-content\/uploads\/2026\/04\/acidente-na-BR-116-2-1024x745.webp",640,466,true],"1536x1536":["https:\/\/noticiasbahia360.com.br\/wp-content\/uploads\/2026\/04\/acidente-na-BR-116-2.webp",1200,873,false],"2048x2048":["https:\/\/noticiasbahia360.com.br\/wp-content\/uploads\/2026\/04\/acidente-na-BR-116-2.webp",1200,873,false],"chromenews-featured":["https:\/\/noticiasbahia360.com.br\/wp-content\/uploads\/2026\/04\/acidente-na-BR-116-2-1024x745.webp",1024,745,true],"chromenews-large":["https:\/\/noticiasbahia360.com.br\/wp-content\/uploads\/2026\/04\/acidente-na-BR-116-2-825x575.webp",825,575,true],"chromenews-medium":["https:\/\/noticiasbahia360.com.br\/wp-content\/uploads\/2026\/04\/acidente-na-BR-116-2-590x410.webp",590,410,true]},"author_info":{"display_name":"noticiasbahia360.com.br","author_link":"https:\/\/noticiasbahia360.com.br\/?author=1"},"category_info":"<a href=\"https:\/\/noticiasbahia360.com.br\/?cat=8\" rel=\"category\">Bahia<\/a> <a href=\"https:\/\/noticiasbahia360.com.br\/?cat=9\" rel=\"category\">Brasil<\/a> <a href=\"https:\/\/noticiasbahia360.com.br\/?cat=6\" rel=\"category\">Feira de Santana<\/a> <a href=\"https:\/\/noticiasbahia360.com.br\/?cat=57\" rel=\"category\">Mundo<\/a> <a href=\"https:\/\/noticiasbahia360.com.br\/?cat=56\" rel=\"category\">Pol\u00edcia<\/a> <a href=\"https:\/\/noticiasbahia360.com.br\/?cat=10\" rel=\"category\">Pol\u00edtica<\/a>","tag_info":"Pol\u00edtica","comment_count":"0","_links":{"self":[{"href":"https:\/\/noticiasbahia360.com.br\/index.php?rest_route=\/wp\/v2\/posts\/128516","targetHints":{"allow":["GET"]}}],"collection":[{"href":"https:\/\/noticiasbahia360.com.br\/index.php?rest_route=\/wp\/v2\/posts"}],"about":[{"href":"https:\/\/noticiasbahia360.com.br\/index.php?rest_route=\/wp\/v2\/types\/post"}],"author":[{"embeddable":true,"href":"https:\/\/noticiasbahia360.com.br\/index.php?rest_route=\/wp\/v2\/users\/1"}],"replies":[{"embeddable":true,"href":"https:\/\/noticiasbahia360.com.br\/index.php?rest_route=%2Fwp%2Fv2%2Fcomments&post=128516"}],"version-history":[{"count":0,"href":"https:\/\/noticiasbahia360.com.br\/index.php?rest_route=\/wp\/v2\/posts\/128516\/revisions"}],"wp:featuredmedia":[{"embeddable":true,"href":"https:\/\/noticiasbahia360.com.br\/index.php?rest_route=\/wp\/v2\/media\/128517"}],"wp:attachment":[{"href":"https:\/\/noticiasbahia360.com.br\/index.php?rest_route=%2Fwp%2Fv2%2Fmedia&parent=128516"}],"wp:term":[{"taxonomy":"category","embeddable":true,"href":"https:\/\/noticiasbahia360.com.br\/index.php?rest_route=%2Fwp%2Fv2%2Fcategories&post=128516"},{"taxonomy":"post_tag","embeddable":true,"href":"https:\/\/noticiasbahia360.com.br\/index.php?rest_route=%2Fwp%2Fv2%2Ftags&post=128516"}],"curies":[{"name":"wp","href":"https:\/\/api.w.org\/{rel}","templated":true}]}}