{"id":128520,"date":"2026-04-27T12:46:10","date_gmt":"2026-04-27T15:46:10","guid":{"rendered":"https:\/\/noticiasbahia360.com.br\/?p=128520"},"modified":"2026-04-27T12:46:10","modified_gmt":"2026-04-27T15:46:10","slug":"inscricoes-para-o-festival-de-musica-da-radio-educadora-fm-seguem-ate-8-de-maio","status":"publish","type":"post","link":"https:\/\/noticiasbahia360.com.br\/?p=128520","title":{"rendered":"Inscri\u00e7\u00f5es para o Festival de M\u00fasica da R\u00e1dio Educadora FM seguem at\u00e9 8 de maio"},"content":{"rendered":"<div>\n<div>\n<figure><img decoding=\"async\" src=\"http:\/\/noticiasbahia360.com.br\/wp-content\/uploads\/2026\/04\/radio-educadora.jpg\" alt=\"r\u00e1dio educadora fm\"><figcaption>Foto Divulga\u00e7\u00e3o<\/figcaption><\/figure>\n<\/div>\n<p>Ainda d\u00e1 tempo de participar do 24\u00ba Festival de M\u00fasica da R\u00e1dio Educadora FM e concorrrer a maior premia\u00e7\u00e3o em dinheiro de um festival de m\u00fasicas in\u00e9ditas do Pa\u00eds. As inscri\u00e7\u00f5es seguem abertas at\u00e9 o dia 8 de maio, e cada participante pode concorrer com uma m\u00fasica. Neste ano, o valor total em pr\u00eamios foi ampliado, passando de R$ 408 mil para R$ 530 mil.<\/p>\n<p>Podem se inscrever na categoria profissional m\u00fasicos, int\u00e9rpretes, autores, compositores, instrumentistas, arranjadores e integrantes de grupos ou bandas, com uma can\u00e7\u00e3o. Um dos crit\u00e9rios de sele\u00e7\u00e3o \u00e9 que o participante seja natural de um munic\u00edpio baiano ou resida no estado h\u00e1, no m\u00ednimo, dois anos.<\/p>\n<p>J\u00e1 os estudantes devem estar devidamente matriculados no Sistema de Educa\u00e7\u00e3o do Estado da Bahia, gerido pela Secretaria da Educa\u00e7\u00e3o (SEC). Eles ter\u00e3o seus trabalhos musicais inscritos por meio da dire\u00e7\u00e3o da escola em que estudam. Cada unidade escolar ser\u00e1 representada por uma can\u00e7\u00e3o.<\/p>\n<p>O edital e o formul\u00e1rio de inscri\u00e7\u00e3o est\u00e3o dispon\u00edveis no site\u00a0<a href=\"https:\/\/festivaleducadora.ba.gov.br\/\" target=\"_blank\" rel=\"noreferrer noopener\">https:\/\/festivaleducadora.ba.gov.br<\/a>\u00a0at\u00e9 8 de maio, para a categoria profissional, e at\u00e9 8 de junho, para a categoria estudantil.<\/p>\n<p>O festival vai selecionar 55 m\u00fasicas, que ser\u00e3o premiadas em dinheiro e far\u00e3o parte da programa\u00e7\u00e3o da R\u00e1dio Educadora FM. Dessas, 15 ser\u00e3o can\u00e7\u00f5es instrumentais e 35 m\u00fasicas com letra, na categoria profissional. Outras cinco m\u00fasicas ser\u00e3o vencedoras da categoria estudantil.<\/p>\n<p>Na categoria profissional, a Comiss\u00e3o Julgadora vai selecionar dois vencedores para receberem R$ 22 mil como pr\u00eamios de melhor m\u00fasica com letra e melhor m\u00fasica instrumental. Outros quatro participantes receber\u00e3o pr\u00eamios de R$ 16 mil nas categorias melhor arranjo de m\u00fasica com letra, melhor arranjo de m\u00fasica instrumental, melhor int\u00e9rprete vocal e melhor int\u00e9rprete instrumental.<\/p>\n<p>O voto do p\u00fablico eleger\u00e1 os vencedores de melhor m\u00fasica com letra e melhor m\u00fasica instrumental. Cada um dos eleitos pelo voto popular receber\u00e1 R$ 13 mil. Os demais 42 finalistas da categoria profissional receber\u00e3o R$ 8 mil cada.<\/p>\n<p>J\u00e1 na categoria estudantil, ser\u00e3o premiados cinco estudantes. Os pr\u00eamios ser\u00e3o de R$ 10 mil para o primeiro lugar; R$ 8 mil para o segundo; R$ 6 mil para o terceiro; R$ 4 mil para o quarto; e R$ 2 mil para o quinto lugar. As escolas dos vencedores tamb\u00e9m receber\u00e3o premia\u00e7\u00f5es nos mesmos valores dos estudantes, totalizando R$ 30 mil, concedidos pela Secretaria da Educa\u00e7\u00e3o do Estado da Bahia (SEC).<\/p>\n<p>A premia\u00e7\u00e3o ser\u00e1 transmitida pela TVE e pela R\u00e1dio Educadora FM, em novembro, e contar\u00e1 com show de um artista homenageado. Nos \u00faltimos anos, os homenageados foram Tom Z\u00e9, Elza Soares, Caetano Veloso, Gilberto Gil, Mateus Aleluia, Maria Beth\u00e2nia, Gal Costa, Nelson Rufino, Novos Baianos e Simone.<\/p>\n<p><em>Siga o Acorda Cidade no\u00a0<\/em><a href=\"https:\/\/news.google.com\/search?q=acorda%20cidade&amp;hl=pt-BR&amp;gl=BR&amp;ceid=BR%3Apt-419\"><strong><em>Google Not\u00edcias<\/em><\/strong><\/a><em>\u00a0e receba os principais destaques do dia. Participe tamb\u00e9m dos nossos canais no\u00a0<\/em><a href=\"https:\/\/www.whatsapp.com\/channel\/0029Va6Rb4v3WHTNnsh8WI3N\"><strong><em>WhatsApp<\/em><\/strong><\/a><em>\u00a0e\u00a0<\/em><a href=\"https:\/\/www.youtube.com\/@acordacidadenoticias\/videos\"><strong>YouTube<\/strong><\/a><em>e do grupo no\u00a0<\/em><a href=\"https:\/\/t.me\/+sSz0khrgARA0ZmRh\"><strong><em>Telegram<\/em><\/strong><\/a><em>.<\/em><\/p>\n<\/div>\n","protected":false},"excerpt":{"rendered":"<div>\n<div>\n<figure><img decoding=\"async\" src=\"https:\/\/uploads.acordacidade.com.br\/2026\/04\/radio-educadora.jpg\" alt=\"r\u00e1dio educadora fm\"><figcaption>Foto Divulga\u00e7\u00e3o<\/figcaption><\/figure>\n<\/div>\n<p>Um dos crit\u00e9rios de sele\u00e7\u00e3o \u00e9 que o participante seja natural de um munic\u00edpio baiano ou resida no estado h\u00e1, no m\u00ednimo, dois anos.<\/p><\/div>\n","protected":false},"author":1,"featured_media":128521,"comment_status":"closed","ping_status":"closed","sticky":false,"template":"","format":"gallery","meta":{"footnotes":""},"categories":[8,9,6,57,56,10],"tags":[],"class_list":["post-128520","post","type-post","status-publish","format-gallery","has-post-thumbnail","hentry","category-bahia","category-brasil","category-feira-de-santana","category-mundo","category-policia","category-politica","post_format-post-format-gallery"],"featured_image_urls":{"full":["https:\/\/noticiasbahia360.com.br\/wp-content\/uploads\/2026\/04\/radio-educadora.jpg",1200,807,false],"thumbnail":["https:\/\/noticiasbahia360.com.br\/wp-content\/uploads\/2026\/04\/radio-educadora-150x150.jpg",150,150,true],"medium":["https:\/\/noticiasbahia360.com.br\/wp-content\/uploads\/2026\/04\/radio-educadora-300x202.jpg",300,202,true],"medium_large":["https:\/\/noticiasbahia360.com.br\/wp-content\/uploads\/2026\/04\/radio-educadora-768x516.jpg",640,430,true],"large":["https:\/\/noticiasbahia360.com.br\/wp-content\/uploads\/2026\/04\/radio-educadora-1024x689.jpg",640,431,true],"1536x1536":["https:\/\/noticiasbahia360.com.br\/wp-content\/uploads\/2026\/04\/radio-educadora.jpg",1200,807,false],"2048x2048":["https:\/\/noticiasbahia360.com.br\/wp-content\/uploads\/2026\/04\/radio-educadora.jpg",1200,807,false],"chromenews-featured":["https:\/\/noticiasbahia360.com.br\/wp-content\/uploads\/2026\/04\/radio-educadora-1024x689.jpg",1024,689,true],"chromenews-large":["https:\/\/noticiasbahia360.com.br\/wp-content\/uploads\/2026\/04\/radio-educadora-825x575.jpg",825,575,true],"chromenews-medium":["https:\/\/noticiasbahia360.com.br\/wp-content\/uploads\/2026\/04\/radio-educadora-590x410.jpg",590,410,true]},"author_info":{"display_name":"noticiasbahia360.com.br","author_link":"https:\/\/noticiasbahia360.com.br\/?author=1"},"category_info":"<a href=\"https:\/\/noticiasbahia360.com.br\/?cat=8\" rel=\"category\">Bahia<\/a> <a href=\"https:\/\/noticiasbahia360.com.br\/?cat=9\" rel=\"category\">Brasil<\/a> <a href=\"https:\/\/noticiasbahia360.com.br\/?cat=6\" rel=\"category\">Feira de Santana<\/a> <a href=\"https:\/\/noticiasbahia360.com.br\/?cat=57\" rel=\"category\">Mundo<\/a> <a href=\"https:\/\/noticiasbahia360.com.br\/?cat=56\" rel=\"category\">Pol\u00edcia<\/a> <a href=\"https:\/\/noticiasbahia360.com.br\/?cat=10\" rel=\"category\">Pol\u00edtica<\/a>","tag_info":"Pol\u00edtica","comment_count":"0","_links":{"self":[{"href":"https:\/\/noticiasbahia360.com.br\/index.php?rest_route=\/wp\/v2\/posts\/128520","targetHints":{"allow":["GET"]}}],"collection":[{"href":"https:\/\/noticiasbahia360.com.br\/index.php?rest_route=\/wp\/v2\/posts"}],"about":[{"href":"https:\/\/noticiasbahia360.com.br\/index.php?rest_route=\/wp\/v2\/types\/post"}],"author":[{"embeddable":true,"href":"https:\/\/noticiasbahia360.com.br\/index.php?rest_route=\/wp\/v2\/users\/1"}],"replies":[{"embeddable":true,"href":"https:\/\/noticiasbahia360.com.br\/index.php?rest_route=%2Fwp%2Fv2%2Fcomments&post=128520"}],"version-history":[{"count":0,"href":"https:\/\/noticiasbahia360.com.br\/index.php?rest_route=\/wp\/v2\/posts\/128520\/revisions"}],"wp:featuredmedia":[{"embeddable":true,"href":"https:\/\/noticiasbahia360.com.br\/index.php?rest_route=\/wp\/v2\/media\/128521"}],"wp:attachment":[{"href":"https:\/\/noticiasbahia360.com.br\/index.php?rest_route=%2Fwp%2Fv2%2Fmedia&parent=128520"}],"wp:term":[{"taxonomy":"category","embeddable":true,"href":"https:\/\/noticiasbahia360.com.br\/index.php?rest_route=%2Fwp%2Fv2%2Fcategories&post=128520"},{"taxonomy":"post_tag","embeddable":true,"href":"https:\/\/noticiasbahia360.com.br\/index.php?rest_route=%2Fwp%2Fv2%2Ftags&post=128520"}],"curies":[{"name":"wp","href":"https:\/\/api.w.org\/{rel}","templated":true}]}}