{"id":128524,"date":"2026-04-27T13:05:58","date_gmt":"2026-04-27T16:05:58","guid":{"rendered":"https:\/\/noticiasbahia360.com.br\/?p=128524"},"modified":"2026-04-27T13:05:58","modified_gmt":"2026-04-27T16:05:58","slug":"sac-amplia-atendimento-do-tre-em-feira-de-santana-confira","status":"publish","type":"post","link":"https:\/\/noticiasbahia360.com.br\/?p=128524","title":{"rendered":"SAC amplia atendimento do TRE em Feira de Santana; confira"},"content":{"rendered":"<div>\n<div>\n<figure><img decoding=\"async\" src=\"http:\/\/noticiasbahia360.com.br\/wp-content\/uploads\/2026\/04\/SAC-Feira-I-Foto-Reproducao-Google-Street-View-270426.jpg\" alt=\"SAC Feira I\"><figcaption>SAC Feira I | Foto: Reprodu\u00e7\u00e3o\/ Google Street View <\/figcaption><\/figure>\n<\/div>\n<p>A Rede SAC ampliou o atendimento do Tribunal Regional Eleitoral (TRE), em parceria com a Justi\u00e7a Eleitoral do Estado. Nove postos do SAC passam a funcionar com hor\u00e1rio estendido e com maior oferta de senhas no per\u00edodo entre 28 deste m\u00eas e 6 de maio. A iniciativa visa ampliar a oferta de servi\u00e7os do TRE para a popula\u00e7\u00e3o, em virtude do fim do prazo de encerramento do cadastro eleitoral (06).<\/p>\n<p>Tr\u00eas postos na capital e seis no interior do estado passar\u00e3o a funcionar com hor\u00e1rios ampliados e com maior n\u00famero de senhas di\u00e1rias. Em Salvador, as unidades s\u00e3o: SAC Barra, Bela Vista e Shopping da Bahia. Os postos do interior s\u00e3o os de Barreiras, Eun\u00e1polis, Feira de Santana (SAC Feira I), Guanambi, Irec\u00ea e Porto Seguro.<\/p>\n<p>O atendimento \u00e9 por ordem de chegada nos postos, sem a necessidade de agendamento pr\u00e9vio. Neste hor\u00e1rio estendido, as unidades do SAC v\u00e3o realizar os servi\u00e7os de emiss\u00e3o da primeira via do t\u00edtulo, regulariza\u00e7\u00e3o da situa\u00e7\u00e3o eleitoral, atualiza\u00e7\u00e3o de dados, transfer\u00eancia de local de vota\u00e7\u00e3o e cadastro de biometria.<\/p>\n<h2 class=\"wp-block-heading\" id=\"h-horarios\">Hor\u00e1rios <\/h2>\n<p>O SAC Barra vai funcionar das 7h \u00e0s 21h para realizar servi\u00e7os do Tribunal Regional Eleitoral, com 228 senhas di\u00e1rias. J\u00e1 os postos SAC Bela Vista e Shopping da Bahia estar\u00e3o atendendo das 7h30 \u00e0s 21h, com 84 senhas di\u00e1rias em cada unidade. No interior do estado, as unidades v\u00e3o funcionar das 7h \u00e0s 21h: Barreiras (63), Eun\u00e1polis (48), Feira I (95), Guanambi (143), Irec\u00ea (158) e Porto Seguro (63).<\/p>\n<p><em>Siga o Acorda Cidade no\u00a0<\/em><a href=\"https:\/\/news.google.com\/search?q=acorda%20cidade&amp;hl=pt-BR&amp;gl=BR&amp;ceid=BR%3Apt-419\"><strong><em>Google Not\u00edcias<\/em><\/strong><\/a><em>\u00a0e receba os principais destaques do dia. Participe tamb\u00e9m dos nossos canais no\u00a0<\/em><a href=\"https:\/\/www.whatsapp.com\/channel\/0029Va6Rb4v3WHTNnsh8WI3N\"><strong><em>WhatsApp<\/em><\/strong><\/a><em>\u00a0e\u00a0<\/em><a href=\"https:\/\/www.youtube.com\/@acordacidadenoticias\/videos\"><strong>YouTube<\/strong><\/a><em>\u00a0e grupo de\u00a0<\/em><a href=\"https:\/\/t.me\/+sSz0khrgARA0ZmRh\"><strong><em>Telegram<\/em><\/strong><\/a><em>.<\/em><\/p>\n<\/div>\n","protected":false},"excerpt":{"rendered":"<div>\n<div>\n<figure><img decoding=\"async\" src=\"https:\/\/uploads.acordacidade.com.br\/2026\/04\/SAC-Feira-I-Foto-Reproducao-Google-Street-View-270426.jpg\" alt=\"SAC Feira I\"><figcaption>SAC Feira I | Foto: Reprodu\u00e7\u00e3o\/ Google Street View <\/figcaption><\/figure>\n<\/div>\n<p>O atendimento \u00e9 por ordem de chegada nos postos SAC, sem a necessidade de agendamento. No interior, as unidades v\u00e3o funcionar das 7h \u00e0s 21h.<\/p><\/div>\n","protected":false},"author":1,"featured_media":128525,"comment_status":"closed","ping_status":"closed","sticky":false,"template":"","format":"gallery","meta":{"footnotes":""},"categories":[8,9,6,57,56,10],"tags":[],"class_list":["post-128524","post","type-post","status-publish","format-gallery","has-post-thumbnail","hentry","category-bahia","category-brasil","category-feira-de-santana","category-mundo","category-policia","category-politica","post_format-post-format-gallery"],"featured_image_urls":{"full":["https:\/\/noticiasbahia360.com.br\/wp-content\/uploads\/2026\/04\/SAC-Feira-I-Foto-Reproducao-Google-Street-View-270426.jpg",1200,846,false],"thumbnail":["https:\/\/noticiasbahia360.com.br\/wp-content\/uploads\/2026\/04\/SAC-Feira-I-Foto-Reproducao-Google-Street-View-270426-150x150.jpg",150,150,true],"medium":["https:\/\/noticiasbahia360.com.br\/wp-content\/uploads\/2026\/04\/SAC-Feira-I-Foto-Reproducao-Google-Street-View-270426-300x212.jpg",300,212,true],"medium_large":["https:\/\/noticiasbahia360.com.br\/wp-content\/uploads\/2026\/04\/SAC-Feira-I-Foto-Reproducao-Google-Street-View-270426-768x541.jpg",640,451,true],"large":["https:\/\/noticiasbahia360.com.br\/wp-content\/uploads\/2026\/04\/SAC-Feira-I-Foto-Reproducao-Google-Street-View-270426-1024x722.jpg",640,451,true],"1536x1536":["https:\/\/noticiasbahia360.com.br\/wp-content\/uploads\/2026\/04\/SAC-Feira-I-Foto-Reproducao-Google-Street-View-270426.jpg",1200,846,false],"2048x2048":["https:\/\/noticiasbahia360.com.br\/wp-content\/uploads\/2026\/04\/SAC-Feira-I-Foto-Reproducao-Google-Street-View-270426.jpg",1200,846,false],"chromenews-featured":["https:\/\/noticiasbahia360.com.br\/wp-content\/uploads\/2026\/04\/SAC-Feira-I-Foto-Reproducao-Google-Street-View-270426-1024x722.jpg",1024,722,true],"chromenews-large":["https:\/\/noticiasbahia360.com.br\/wp-content\/uploads\/2026\/04\/SAC-Feira-I-Foto-Reproducao-Google-Street-View-270426-825x575.jpg",825,575,true],"chromenews-medium":["https:\/\/noticiasbahia360.com.br\/wp-content\/uploads\/2026\/04\/SAC-Feira-I-Foto-Reproducao-Google-Street-View-270426-590x410.jpg",590,410,true]},"author_info":{"display_name":"noticiasbahia360.com.br","author_link":"https:\/\/noticiasbahia360.com.br\/?author=1"},"category_info":"<a href=\"https:\/\/noticiasbahia360.com.br\/?cat=8\" rel=\"category\">Bahia<\/a> <a href=\"https:\/\/noticiasbahia360.com.br\/?cat=9\" rel=\"category\">Brasil<\/a> <a href=\"https:\/\/noticiasbahia360.com.br\/?cat=6\" rel=\"category\">Feira de Santana<\/a> <a href=\"https:\/\/noticiasbahia360.com.br\/?cat=57\" rel=\"category\">Mundo<\/a> <a href=\"https:\/\/noticiasbahia360.com.br\/?cat=56\" rel=\"category\">Pol\u00edcia<\/a> <a href=\"https:\/\/noticiasbahia360.com.br\/?cat=10\" rel=\"category\">Pol\u00edtica<\/a>","tag_info":"Pol\u00edtica","comment_count":"0","_links":{"self":[{"href":"https:\/\/noticiasbahia360.com.br\/index.php?rest_route=\/wp\/v2\/posts\/128524","targetHints":{"allow":["GET"]}}],"collection":[{"href":"https:\/\/noticiasbahia360.com.br\/index.php?rest_route=\/wp\/v2\/posts"}],"about":[{"href":"https:\/\/noticiasbahia360.com.br\/index.php?rest_route=\/wp\/v2\/types\/post"}],"author":[{"embeddable":true,"href":"https:\/\/noticiasbahia360.com.br\/index.php?rest_route=\/wp\/v2\/users\/1"}],"replies":[{"embeddable":true,"href":"https:\/\/noticiasbahia360.com.br\/index.php?rest_route=%2Fwp%2Fv2%2Fcomments&post=128524"}],"version-history":[{"count":0,"href":"https:\/\/noticiasbahia360.com.br\/index.php?rest_route=\/wp\/v2\/posts\/128524\/revisions"}],"wp:featuredmedia":[{"embeddable":true,"href":"https:\/\/noticiasbahia360.com.br\/index.php?rest_route=\/wp\/v2\/media\/128525"}],"wp:attachment":[{"href":"https:\/\/noticiasbahia360.com.br\/index.php?rest_route=%2Fwp%2Fv2%2Fmedia&parent=128524"}],"wp:term":[{"taxonomy":"category","embeddable":true,"href":"https:\/\/noticiasbahia360.com.br\/index.php?rest_route=%2Fwp%2Fv2%2Fcategories&post=128524"},{"taxonomy":"post_tag","embeddable":true,"href":"https:\/\/noticiasbahia360.com.br\/index.php?rest_route=%2Fwp%2Fv2%2Ftags&post=128524"}],"curies":[{"name":"wp","href":"https:\/\/api.w.org\/{rel}","templated":true}]}}