{"id":128526,"date":"2026-04-27T13:11:45","date_gmt":"2026-04-27T16:11:45","guid":{"rendered":"https:\/\/noticiasbahia360.com.br\/?p=128526"},"modified":"2026-04-27T13:11:45","modified_gmt":"2026-04-27T16:11:45","slug":"inema-classifica-praias-de-madre-de-deus-bom-jesus-dos-pobres-cabucu-e-itapema-como-improprias-para-banho","status":"publish","type":"post","link":"https:\/\/noticiasbahia360.com.br\/?p=128526","title":{"rendered":"Inema classifica praias de Madre de Deus, Bom Jesus dos Pobres, Cabu\u00e7u e Itapema como impr\u00f3prias para banho"},"content":{"rendered":"<div>\n<div>\n<figure><img decoding=\"async\" src=\"http:\/\/noticiasbahia360.com.br\/wp-content\/uploads\/2026\/04\/foto-da-praia.jpg\" alt=\"p\u00f4r do sol na praia\"><figcaption>Foto: Matheus Lemos\/ASCOM<br \/>\n<\/figcaption><\/figure>\n<\/div>\n<p>O Instituto do Meio Ambiente e Recursos H\u00eddricos (Inema), por meio da Coordena\u00e7\u00e3o de Estudos de Clima e Projetos Especiais (Cocep), divulga nesta sexta-feira (24) o mais recente Boletim de Balneabilidade, com a atualiza\u00e7\u00e3o das condi\u00e7\u00f5es de banho nas praias de Salvador e do litoral baiano. O levantamento classifica os trechos monitorados como pr\u00f3prios ou impr\u00f3prios para recrea\u00e7\u00e3o de contato prim\u00e1rio, a partir de an\u00e1lises da qualidade da \u00e1gua.<\/p>\n<p>A avalia\u00e7\u00e3o segue os crit\u00e9rios definidos pela Resolu\u00e7\u00e3o n\u00ba 274\/2000 do Conselho Nacional do Meio Ambiente (Conama), que considera, entre outros par\u00e2metros, a concentra\u00e7\u00e3o de\u00a0<em>Escherichia coli<\/em>\u00a0em amostras coletadas ao longo de cinco semanas consecutivas. As \u00e1guas s\u00e3o classificadas como impr\u00f3prias quando n\u00e3o atendem aos limites estabelecidos ou quando a amostragem mais recente apresenta n\u00edveis elevados de contamina\u00e7\u00e3o.<\/p>\n<p>Al\u00e9m da classifica\u00e7\u00e3o, o boletim refor\u00e7a recomenda\u00e7\u00f5es \u00e0 popula\u00e7\u00e3o para reduzir riscos \u00e0 sa\u00fade. A orienta\u00e7\u00e3o \u00e9 evitar o banho de mar em per\u00edodos chuvosos, quando h\u00e1 maior possibilidade de contamina\u00e7\u00e3o por detritos carreados pelas galerias pluviais. Tamb\u00e9m n\u00e3o \u00e9 indicado entrar na \u00e1gua em \u00e1reas pr\u00f3ximas a sa\u00eddas de esgoto, rios urbanos, canais de drenagem ou em locais com manchas de colora\u00e7\u00e3o suspeita.<\/p>\n<p>Em Salvador, o monitoramento aponta varia\u00e7\u00e3o nas condi\u00e7\u00f5es de balneabilidade ao longo da orla. Trechos como Porto da Barra, Farol da Barra, Ondina, Pituba, Itapu\u00e3 e Praia do Flamengo est\u00e3o classificados como pr\u00f3prios para banho. Por outro lado, \u00e1reas como S\u00e3o Tom\u00e9 de Paripe, Tubar\u00e3o, Periperi, Penha, Bonfim, Boa Viagem, Rio Vermelho (em dois pontos), Boca do Rio e Patamares aparecem como impr\u00f3prias.<\/p>\n<h2 class=\"wp-block-heading\" id=\"h-extremo-sul-e-sul-concentram-maioria-de-pontos-proprios\">Extremo Sul e Sul concentram maioria de pontos pr\u00f3prios<\/h2>\n<p>No Extremo Sul, tanto na Costa das Baleias quanto na Costa do Descobrimento, todos os pontos analisados foram classificados como pr\u00f3prios para banho. Na Costa das Baleias, isso inclui localidades como Mucuri, Caravelas, Alcoba\u00e7a, Prado, Nova Vi\u00e7osa, Cumuruxatiba, Pontal da Barra e Guaratiba. J\u00e1 na Costa do Descobrimento, trechos como Ara\u00e7a\u00edpe, Nativos (em Trancoso), Mucug\u00ea (em Arraial d\u2019Ajuda), Munda\u00ed, Coqueiros, Taperapu\u00e3, Len\u00e7\u00f3is e Coroa Vermelha tamb\u00e9m apresentam condi\u00e7\u00f5es adequadas.<\/p>\n<p>Na Costa do Cacau, no litoral sul do estado, o cen\u00e1rio \u00e9 mais variado. Enquanto pontos como P\u00e9 de Serra, Ponta da Tulha, Barra de S\u00e3o Miguel, Sul, Opaba, Milion\u00e1rios, Corurupe, Canavieiras e Itacar\u00e9 est\u00e3o pr\u00f3prios para banho, outros trechos aparecem como impr\u00f3prios, a exemplo de Concha, Marciano, Malhado, Avenida, Cristo e Oliven\u00e7a.<\/p>\n<p>J\u00e1 na Costa do Dend\u00ea, no Baixo Sul, todos os pontos monitorados foram classificados como pr\u00f3prios. Est\u00e3o nessa condi\u00e7\u00e3o as quatro praias de Morro de S\u00e3o Paulo (1\u00aa, 2\u00aa, 3\u00aa e 4\u00aa praias), al\u00e9m de Gamboa, Guaibim, Pratigi e a \u00e1rea da Cachoeira de Pancada Grande.<\/p>\n<h2 class=\"wp-block-heading\" id=\"h-outros-destaques-no-litoral-baiano\">Outros destaques no litoral baiano<\/h2>\n<p>Na Ba\u00eda de Todos-os-Santos (BTS), o boletim tamb\u00e9m indica altern\u00e2ncia entre trechos pr\u00f3prios e impr\u00f3prios. Foram classificados como impr\u00f3prios pontos em localidades como Madre de Deus (em dois trechos), Bom Jesus dos Pobres, Cabu\u00e7u, Itapema, Aratuba, Barra Grande, Concei\u00e7\u00e3o, Barra do Pote, Coroa, Mar Grande e Gameleira. Em condi\u00e7\u00f5es adequadas para banho est\u00e3o, entre outros, Salinas, Mut\u00e1, Ca\u00e7\u00f5es, Berlinque, Itaparica e Ponta de Areia.<\/p>\n<p>No Litoral Norte, a maior parte dos pontos monitorados apresenta condi\u00e7\u00f5es pr\u00f3prias, incluindo praias como Vilas do Atl\u00e2ntico, Guarajuba, Itacimirim, Praia do Forte, Imbassa\u00ed e Costa do Sau\u00edpe. Ainda assim, alguns trechos permanecem impr\u00f3prios, a exemplo de Buraquinho, Busca Vida e Jau\u00e1.<\/p>\n<p>O Inema segue realizando o acompanhamento sistem\u00e1tico das condi\u00e7\u00f5es das praias para identificar poss\u00edveis varia\u00e7\u00f5es na qualidade da \u00e1gua e orientar a popula\u00e7\u00e3o sobre os riscos associados ao banho em determinados locais. As informa\u00e7\u00f5es s\u00e3o atualizadas todas as semanas no site do \u00f3rg\u00e3o e no aplicativo Vai dar Praia, dispon\u00edvel para Android e iOS, contribuindo para a preven\u00e7\u00e3o de doen\u00e7as e para o uso seguro dos ambientes costeiros.<\/p>\n<p><em>Siga o Acorda Cidade no\u00a0<\/em><a href=\"https:\/\/news.google.com\/search?q=acorda%20cidade&amp;hl=pt-BR&amp;gl=BR&amp;ceid=BR%3Apt-419\"><strong><em>Google Not\u00edcias<\/em><\/strong><\/a><em>\u00a0e receba os principais destaques do dia. Participe tamb\u00e9m dos nossos canais no\u00a0<\/em><a href=\"https:\/\/www.whatsapp.com\/channel\/0029Va6Rb4v3WHTNnsh8WI3N\"><strong><em>WhatsApp<\/em><\/strong><\/a><em>\u00a0e\u00a0<\/em><a href=\"https:\/\/www.youtube.com\/@acordacidadenoticias\/videos\"><strong>YouTube<\/strong><\/a><em>e do grupo no\u00a0<\/em><a href=\"https:\/\/t.me\/+sSz0khrgARA0ZmRh\"><strong><em>Telegram<\/em><\/strong><\/a><em>.<\/em><\/p>\n<\/div>\n","protected":false},"excerpt":{"rendered":"<div>\n<div>\n<figure><img decoding=\"async\" src=\"https:\/\/uploads.acordacidade.com.br\/2026\/04\/foto-da-praia.jpg\" alt=\"p\u00f4r do sol na praia\"><figcaption>Foto: Matheus Lemos\/ASCOM<br \/>\n<\/figcaption><\/figure>\n<\/div>\n<p>S\u00e3o impr\u00f3prias quando n\u00e3o atendem aos limites estabelecidos ou quando a amostragem mais recente apresenta n\u00edveis elevados de contamina\u00e7\u00e3o.<\/p><\/div>\n","protected":false},"author":1,"featured_media":128527,"comment_status":"closed","ping_status":"closed","sticky":false,"template":"","format":"gallery","meta":{"footnotes":""},"categories":[8,9,6,57,56,10],"tags":[],"class_list":["post-128526","post","type-post","status-publish","format-gallery","has-post-thumbnail","hentry","category-bahia","category-brasil","category-feira-de-santana","category-mundo","category-policia","category-politica","post_format-post-format-gallery"],"featured_image_urls":{"full":["https:\/\/noticiasbahia360.com.br\/wp-content\/uploads\/2026\/04\/foto-da-praia.jpg",1200,800,false],"thumbnail":["https:\/\/noticiasbahia360.com.br\/wp-content\/uploads\/2026\/04\/foto-da-praia-150x150.jpg",150,150,true],"medium":["https:\/\/noticiasbahia360.com.br\/wp-content\/uploads\/2026\/04\/foto-da-praia-300x200.jpg",300,200,true],"medium_large":["https:\/\/noticiasbahia360.com.br\/wp-content\/uploads\/2026\/04\/foto-da-praia-768x512.jpg",640,427,true],"large":["https:\/\/noticiasbahia360.com.br\/wp-content\/uploads\/2026\/04\/foto-da-praia-1024x683.jpg",640,427,true],"1536x1536":["https:\/\/noticiasbahia360.com.br\/wp-content\/uploads\/2026\/04\/foto-da-praia.jpg",1200,800,false],"2048x2048":["https:\/\/noticiasbahia360.com.br\/wp-content\/uploads\/2026\/04\/foto-da-praia.jpg",1200,800,false],"chromenews-featured":["https:\/\/noticiasbahia360.com.br\/wp-content\/uploads\/2026\/04\/foto-da-praia-1024x683.jpg",1024,683,true],"chromenews-large":["https:\/\/noticiasbahia360.com.br\/wp-content\/uploads\/2026\/04\/foto-da-praia-825x575.jpg",825,575,true],"chromenews-medium":["https:\/\/noticiasbahia360.com.br\/wp-content\/uploads\/2026\/04\/foto-da-praia-590x410.jpg",590,410,true]},"author_info":{"display_name":"noticiasbahia360.com.br","author_link":"https:\/\/noticiasbahia360.com.br\/?author=1"},"category_info":"<a href=\"https:\/\/noticiasbahia360.com.br\/?cat=8\" rel=\"category\">Bahia<\/a> <a href=\"https:\/\/noticiasbahia360.com.br\/?cat=9\" rel=\"category\">Brasil<\/a> <a href=\"https:\/\/noticiasbahia360.com.br\/?cat=6\" rel=\"category\">Feira de Santana<\/a> <a href=\"https:\/\/noticiasbahia360.com.br\/?cat=57\" rel=\"category\">Mundo<\/a> <a href=\"https:\/\/noticiasbahia360.com.br\/?cat=56\" rel=\"category\">Pol\u00edcia<\/a> <a href=\"https:\/\/noticiasbahia360.com.br\/?cat=10\" rel=\"category\">Pol\u00edtica<\/a>","tag_info":"Pol\u00edtica","comment_count":"0","_links":{"self":[{"href":"https:\/\/noticiasbahia360.com.br\/index.php?rest_route=\/wp\/v2\/posts\/128526","targetHints":{"allow":["GET"]}}],"collection":[{"href":"https:\/\/noticiasbahia360.com.br\/index.php?rest_route=\/wp\/v2\/posts"}],"about":[{"href":"https:\/\/noticiasbahia360.com.br\/index.php?rest_route=\/wp\/v2\/types\/post"}],"author":[{"embeddable":true,"href":"https:\/\/noticiasbahia360.com.br\/index.php?rest_route=\/wp\/v2\/users\/1"}],"replies":[{"embeddable":true,"href":"https:\/\/noticiasbahia360.com.br\/index.php?rest_route=%2Fwp%2Fv2%2Fcomments&post=128526"}],"version-history":[{"count":0,"href":"https:\/\/noticiasbahia360.com.br\/index.php?rest_route=\/wp\/v2\/posts\/128526\/revisions"}],"wp:featuredmedia":[{"embeddable":true,"href":"https:\/\/noticiasbahia360.com.br\/index.php?rest_route=\/wp\/v2\/media\/128527"}],"wp:attachment":[{"href":"https:\/\/noticiasbahia360.com.br\/index.php?rest_route=%2Fwp%2Fv2%2Fmedia&parent=128526"}],"wp:term":[{"taxonomy":"category","embeddable":true,"href":"https:\/\/noticiasbahia360.com.br\/index.php?rest_route=%2Fwp%2Fv2%2Fcategories&post=128526"},{"taxonomy":"post_tag","embeddable":true,"href":"https:\/\/noticiasbahia360.com.br\/index.php?rest_route=%2Fwp%2Fv2%2Ftags&post=128526"}],"curies":[{"name":"wp","href":"https:\/\/api.w.org\/{rel}","templated":true}]}}