{"id":128528,"date":"2026-04-27T14:12:56","date_gmt":"2026-04-27T17:12:56","guid":{"rendered":"https:\/\/noticiasbahia360.com.br\/?p=128528"},"modified":"2026-04-27T14:12:56","modified_gmt":"2026-04-27T17:12:56","slug":"cinema-da-prf-percorre-cidades-da-bahia-com-sessoes-gratuitas-sobre-educacao-no-transito-feira-de-santana-esta-na-lista","status":"publish","type":"post","link":"https:\/\/noticiasbahia360.com.br\/?p=128528","title":{"rendered":"Cinema da PRF percorre cidades da Bahia com sess\u00f5es gratuitas sobre educa\u00e7\u00e3o no tr\u00e2nsito; Feira de Santana est\u00e1 na lista"},"content":{"rendered":"<div>\n<div>\n<figure><img decoding=\"async\" src=\"http:\/\/noticiasbahia360.com.br\/wp-content\/uploads\/2026\/04\/cinema-da-PRF-carreta-foto-Divulgacao-01.jpg\" alt=\"Cinema\"><figcaption>Foto: Divulga\u00e7\u00e3o <\/figcaption><\/figure>\n<\/div>\n<p>A Pol\u00edcia Rodovi\u00e1ria Federal (PRF) inicia, no dia 1\u00ba de maio, uma jornada educativa in\u00e9dita por nove munic\u00edpios baianos. Atrav\u00e9s da Carreta do Cinema Rodovi\u00e1rio, uma unidade m\u00f3vel de \u00faltima gera\u00e7\u00e3o e \u00fanica no pa\u00eds, a institui\u00e7\u00e3o levar\u00e1 cinema profissional e conscientiza\u00e7\u00e3o sobre seguran\u00e7a vi\u00e1ria para estudantes e comunidades locais durante todo o m\u00eas de maio, em alus\u00e3o ao movimento Maio Amarelo 2026.<\/p>\n<p>A turn\u00ea come\u00e7a por Vit\u00f3ria da Conquista e seguir\u00e1 um cronograma que inclui as cidades de <strong>Sapea\u00e7u, Cabaceiras do Paragua\u00e7u, Cruz das Almas, Feira de Santana, Santo Estev\u00e3o, Serrinha, <a href=\"https:\/\/www.acordacidade.com.br\/tag\/jacobina\/\" type=\"post_tag\" id=\"34678\">Jacobina<\/a> <\/strong>e, por fim, <strong>Capim Grosso.<\/strong><\/p>\n<figure class=\"wp-block-image size-full\"><img fetchpriority=\"high\" fetchpriority=\"high\" decoding=\"async\" width=\"1200\" height=\"675\" src=\"http:\/\/noticiasbahia360.com.br\/wp-content\/uploads\/2026\/04\/cinema-da-PRF-carreta-foto-Divulgacao-02.png\" alt=\"\" class=\"wp-image-650343\" srcset=\"http:\/\/noticiasbahia360.com.br\/wp-content\/uploads\/2026\/04\/cinema-da-PRF-carreta-foto-Divulgacao-02.png 1200w, https:\/\/uploads.acordacidade.com.br\/2026\/04\/cinema-da-PRF-carreta-foto-Divulgacao-02-750x422.png 750w, https:\/\/uploads.acordacidade.com.br\/2026\/04\/cinema-da-PRF-carreta-foto-Divulgacao-02-1000x563.png 1000w, https:\/\/uploads.acordacidade.com.br\/2026\/04\/cinema-da-PRF-carreta-foto-Divulgacao-02-450x253.png 450w, https:\/\/uploads.acordacidade.com.br\/2026\/04\/cinema-da-PRF-carreta-foto-Divulgacao-02-150x84.png 150w\" sizes=\"(max-width: 1200px) 100vw, 1200px\"><figcaption class=\"wp-element-caption\">Foto: Divulga\u00e7\u00e3o <\/figcaption><\/figure>\n<p>Muito mais que um ve\u00edculo, a Carreta \u00e9 um centro educacional sob rodas de alta tecnologia. O espa\u00e7o possui:<\/p>\n<ul class=\"wp-block-list\">\n<li>Estrutura 100% climatizada;<\/li>\n<li>Tel\u00e3o e projetor de alta defini\u00e7\u00e3o com som profissional;<\/li>\n<li>Capacidade para 48 pessoas por sess\u00e3o;<\/li>\n<li>Acessibilidade total para pessoas com defici\u00eancia ou mobilidade reduzida;<\/li>\n<\/ul>\n<p>A estrat\u00e9gia da PRF \u00e9 utilizar o \u201cinfotenimento\u201d \u2014 a jun\u00e7\u00e3o de informa\u00e7\u00e3o com entretenimento \u2014 para sensibilizar o p\u00fablico de forma l\u00fadica. As sess\u00f5es contam com a exibi\u00e7\u00e3o de v\u00eddeos din\u00e2micos sobre temas cr\u00edticos, como o perigo da mistura entre \u00e1lcool e dire\u00e7\u00e3o, a ultrapassagem indevida, o uso do celular ao volante, excesso de velocidade e a import\u00e2ncia dos dispositivos de reten\u00e7\u00e3o para crian\u00e7as (cadeirinhas).<\/p>\n<p>Ap\u00f3s as exibi\u00e7\u00f5es, policiais rodovi\u00e1rios federais realizam palestras interativas, abrindo espa\u00e7o para o di\u00e1logo e tirando d\u00favidas dos participantes. Para o chefe do Grupo de Educa\u00e7\u00e3o para o Tr\u00e2nsito (Getran BA), PRF Cl\u00edstenes Silva, a unidade itinerante de educa\u00e7\u00e3o para o tr\u00e2nsito proporciona experi\u00eancias educativas que unem cultura e cidadania, levando informa\u00e7\u00e3o e conscientiza\u00e7\u00e3o \u00e0 popula\u00e7\u00e3o. <\/p>\n<figure class=\"wp-block-image size-full\"><img decoding=\"async\" width=\"1200\" height=\"675\" src=\"http:\/\/noticiasbahia360.com.br\/wp-content\/uploads\/2026\/04\/cinema-da-PRF-carreta-foto-Divulgacao-.jpg\" alt=\"\" class=\"wp-image-650345\" srcset=\"http:\/\/noticiasbahia360.com.br\/wp-content\/uploads\/2026\/04\/cinema-da-PRF-carreta-foto-Divulgacao-.jpg 1200w, https:\/\/uploads.acordacidade.com.br\/2026\/04\/cinema-da-PRF-carreta-foto-Divulgacao--750x422.jpg 750w, https:\/\/uploads.acordacidade.com.br\/2026\/04\/cinema-da-PRF-carreta-foto-Divulgacao--1000x563.jpg 1000w, https:\/\/uploads.acordacidade.com.br\/2026\/04\/cinema-da-PRF-carreta-foto-Divulgacao--450x253.jpg 450w, https:\/\/uploads.acordacidade.com.br\/2026\/04\/cinema-da-PRF-carreta-foto-Divulgacao--150x84.jpg 150w\" sizes=\"(max-width: 1200px) 100vw, 1200px\"><figcaption class=\"wp-element-caption\">Foto: Divulga\u00e7\u00e3o <\/figcaption><\/figure>\n<p>\u201cA unidade itinerante \u00e9 uma das nossas principais ferramentas para levar educa\u00e7\u00e3o de forma l\u00fadica e interativa a diversas regi\u00f5es. O objetivo \u00e9 ensinar no\u00e7\u00f5es de seguran\u00e7a vi\u00e1ria a pedestres, ciclistas, motoristas e tamb\u00e9m aos futuros condutores, utilizando o cinema para conectar o entretenimento \u00e0 conscientiza\u00e7\u00e3o, garantindo que a informa\u00e7\u00e3o sobre o respeito \u00e0s leis de tr\u00e2nsito chegue de forma leve e eficaz \u00e0s fam\u00edlias baianas\u201d, ressaltou Cl\u00edstenes.<\/p>\n<p>A Carreta chega \u00e0 Bahia ap\u00f3s um ano de n\u00fameros expressivos. Em 2025, a unidade percorreu mais de 41 mil quil\u00f4metros, visitando 11 estados brasileiros e alcan\u00e7ando milhares de cidad\u00e3os, consolidando-se como uma das a\u00e7\u00f5es de educa\u00e7\u00e3o para o tr\u00e2nsito mais eficazes do pa\u00eds.<\/p>\n<p><em>Siga o Acorda Cidade no<\/em><a href=\"https:\/\/news.google.com\/search?q=acorda%20cidade&amp;hl=pt-BR&amp;gl=BR&amp;ceid=BR%3Apt-419\"><strong><em>\u00a0Google Not\u00edcias<\/em><\/strong><\/a><em>\u00a0e receba os principais destaques do dia. Participe tamb\u00e9m dos nossos canais no\u00a0<\/em><a href=\"https:\/\/www.whatsapp.com\/channel\/0029Va6Rb4v3WHTNnsh8WI3N\"><strong><em>WhatsApp<\/em><\/strong><\/a><em>\u00a0e\u00a0<\/em><a href=\"https:\/\/www.youtube.com\/@acordacidadenoticias\/videos\"><strong>YouTube<\/strong><\/a><em>\u00a0e grupo de\u00a0<\/em><a href=\"https:\/\/t.me\/+sSz0khrgARA0ZmRh\"><strong><em>Telegram<\/em><\/strong><\/a><em>.<\/em><\/p>\n<\/div>\n","protected":false},"excerpt":{"rendered":"<div>\n<div>\n<figure><img decoding=\"async\" src=\"https:\/\/uploads.acordacidade.com.br\/2026\/04\/cinema-da-PRF-carreta-foto-Divulgacao-01.jpg\" alt=\"Cinema\"><figcaption>Foto: Divulga\u00e7\u00e3o <\/figcaption><\/figure>\n<\/div>\n<p>A Carreta chega \u00e0 Bahia ap\u00f3s um ano de n\u00fameros expressivos. Em 2025, a unidade percorreu mais de 41 mil quil\u00f4metros.<\/p><\/div>\n","protected":false},"author":1,"featured_media":128529,"comment_status":"closed","ping_status":"closed","sticky":false,"template":"","format":"gallery","meta":{"footnotes":""},"categories":[8,9,6,57,56,10],"tags":[],"class_list":["post-128528","post","type-post","status-publish","format-gallery","has-post-thumbnail","hentry","category-bahia","category-brasil","category-feira-de-santana","category-mundo","category-policia","category-politica","post_format-post-format-gallery"],"featured_image_urls":{"full":["https:\/\/noticiasbahia360.com.br\/wp-content\/uploads\/2026\/04\/cinema-da-PRF-carreta-foto-Divulgacao-01.jpg",1200,675,false],"thumbnail":["https:\/\/noticiasbahia360.com.br\/wp-content\/uploads\/2026\/04\/cinema-da-PRF-carreta-foto-Divulgacao-01-150x150.jpg",150,150,true],"medium":["https:\/\/noticiasbahia360.com.br\/wp-content\/uploads\/2026\/04\/cinema-da-PRF-carreta-foto-Divulgacao-01-300x169.jpg",300,169,true],"medium_large":["https:\/\/noticiasbahia360.com.br\/wp-content\/uploads\/2026\/04\/cinema-da-PRF-carreta-foto-Divulgacao-01-768x432.jpg",640,360,true],"large":["https:\/\/noticiasbahia360.com.br\/wp-content\/uploads\/2026\/04\/cinema-da-PRF-carreta-foto-Divulgacao-01-1024x576.jpg",640,360,true],"1536x1536":["https:\/\/noticiasbahia360.com.br\/wp-content\/uploads\/2026\/04\/cinema-da-PRF-carreta-foto-Divulgacao-01.jpg",1200,675,false],"2048x2048":["https:\/\/noticiasbahia360.com.br\/wp-content\/uploads\/2026\/04\/cinema-da-PRF-carreta-foto-Divulgacao-01.jpg",1200,675,false],"chromenews-featured":["https:\/\/noticiasbahia360.com.br\/wp-content\/uploads\/2026\/04\/cinema-da-PRF-carreta-foto-Divulgacao-01-1024x576.jpg",1024,576,true],"chromenews-large":["https:\/\/noticiasbahia360.com.br\/wp-content\/uploads\/2026\/04\/cinema-da-PRF-carreta-foto-Divulgacao-01-825x575.jpg",825,575,true],"chromenews-medium":["https:\/\/noticiasbahia360.com.br\/wp-content\/uploads\/2026\/04\/cinema-da-PRF-carreta-foto-Divulgacao-01-590x410.jpg",590,410,true]},"author_info":{"display_name":"noticiasbahia360.com.br","author_link":"https:\/\/noticiasbahia360.com.br\/?author=1"},"category_info":"<a href=\"https:\/\/noticiasbahia360.com.br\/?cat=8\" rel=\"category\">Bahia<\/a> <a href=\"https:\/\/noticiasbahia360.com.br\/?cat=9\" rel=\"category\">Brasil<\/a> <a href=\"https:\/\/noticiasbahia360.com.br\/?cat=6\" rel=\"category\">Feira de Santana<\/a> <a href=\"https:\/\/noticiasbahia360.com.br\/?cat=57\" rel=\"category\">Mundo<\/a> <a href=\"https:\/\/noticiasbahia360.com.br\/?cat=56\" rel=\"category\">Pol\u00edcia<\/a> <a href=\"https:\/\/noticiasbahia360.com.br\/?cat=10\" rel=\"category\">Pol\u00edtica<\/a>","tag_info":"Pol\u00edtica","comment_count":"0","_links":{"self":[{"href":"https:\/\/noticiasbahia360.com.br\/index.php?rest_route=\/wp\/v2\/posts\/128528","targetHints":{"allow":["GET"]}}],"collection":[{"href":"https:\/\/noticiasbahia360.com.br\/index.php?rest_route=\/wp\/v2\/posts"}],"about":[{"href":"https:\/\/noticiasbahia360.com.br\/index.php?rest_route=\/wp\/v2\/types\/post"}],"author":[{"embeddable":true,"href":"https:\/\/noticiasbahia360.com.br\/index.php?rest_route=\/wp\/v2\/users\/1"}],"replies":[{"embeddable":true,"href":"https:\/\/noticiasbahia360.com.br\/index.php?rest_route=%2Fwp%2Fv2%2Fcomments&post=128528"}],"version-history":[{"count":0,"href":"https:\/\/noticiasbahia360.com.br\/index.php?rest_route=\/wp\/v2\/posts\/128528\/revisions"}],"wp:featuredmedia":[{"embeddable":true,"href":"https:\/\/noticiasbahia360.com.br\/index.php?rest_route=\/wp\/v2\/media\/128529"}],"wp:attachment":[{"href":"https:\/\/noticiasbahia360.com.br\/index.php?rest_route=%2Fwp%2Fv2%2Fmedia&parent=128528"}],"wp:term":[{"taxonomy":"category","embeddable":true,"href":"https:\/\/noticiasbahia360.com.br\/index.php?rest_route=%2Fwp%2Fv2%2Fcategories&post=128528"},{"taxonomy":"post_tag","embeddable":true,"href":"https:\/\/noticiasbahia360.com.br\/index.php?rest_route=%2Fwp%2Fv2%2Ftags&post=128528"}],"curies":[{"name":"wp","href":"https:\/\/api.w.org\/{rel}","templated":true}]}}