{"id":128532,"date":"2026-04-27T14:41:29","date_gmt":"2026-04-27T17:41:29","guid":{"rendered":"https:\/\/noticiasbahia360.com.br\/?p=128532"},"modified":"2026-04-27T14:41:29","modified_gmt":"2026-04-27T17:41:29","slug":"mutirao-com-vagas-de-estagio-e-jovem-aprendiz-e-realizado-pela-casa-do-trabalhador","status":"publish","type":"post","link":"https:\/\/noticiasbahia360.com.br\/?p=128532","title":{"rendered":"Mutir\u00e3o com vagas de est\u00e1gio e Jovem Aprendiz \u00e9 realizado pela Casa do Trabalhador"},"content":{"rendered":"<div>\n<div>\n<figure><img decoding=\"async\" src=\"http:\/\/noticiasbahia360.com.br\/wp-content\/uploads\/2026\/04\/Diretor-da-Casa-do-Trabalhador-2.webp\" alt=\"Mutir\u00e3o da Casa do Trabalhador est\u00e1 com 200 vagas sem exig\u00eancia de experi\u00eancia nesta segunda (3)\"><figcaption>Foto: Paulo Jos\u00e9\/Acorda Cidade<\/figcaption><\/figure>\n<\/div>\n<p>A Prefeitura Municipal de Feira de Santana, por meio da Casa do Trabalhador, \u00f3rg\u00e3o vinculado \u00e0 Secretaria Municipal de Trabalho, Turismo e Desenvolvimento Econ\u00f4mico (Settdec), promove um mutir\u00e3o de empregos voltado para a inser\u00e7\u00e3o de jovens no mercado de trabalho. A a\u00e7\u00e3o ocorre nesta quarta-feira (29). <\/p>\n<p>As vagas contam com a media\u00e7\u00e3o da Isbet, uma organiza\u00e7\u00e3o sem fins lucrativos que atua como agente de integra\u00e7\u00e3o para conectar jovens e estudantes a vagas de est\u00e1gio e Jovem Aprendiz.\u00a0<\/p>\n<p>As inscri\u00e7\u00f5es ser\u00e3o realizadas presencialmente na sede da Casa do Trabalhador, das 8h30 \u00e0s 12h. No total, est\u00e3o sendo disponibilizadas 15 vagas destinadas a estudantes de n\u00edveis m\u00e9dio, t\u00e9cnico e superior, al\u00e9m de oportunidades para o programa Jovem Aprendiz. <\/p>\n<p>O diretor da Casa do Trabalhador, Magno Felzemburgh, destaca que a iniciativa visa fortalecer o in\u00edcio da trajet\u00f3ria profissional dos feirenses. \u201cA inclus\u00e3o de jovens no mercado de trabalho \u00e9 fundamental para que eles possam adquirir experi\u00eancia, definir suas futuras profiss\u00f5es e garantir uma renda pr\u00f3pria\u201d, ressalta o diretor.<\/p>\n<h2 class=\"wp-block-heading\" id=\"h-oportunidades-de-estagio\">Oportunidades de est\u00e1gio<\/h2>\n<p>Para o n\u00edvel superior, h\u00e1 vagas nas \u00e1reas de administra\u00e7\u00e3o e marketing. No setor administrativo, o candidato deve cursar Administra\u00e7\u00e3o, Economia ou \u00e1reas afins, com bolsa de R$700,00. J\u00e1 para Marketing, a bolsa \u00e9 de R$1.000,00, com atividades voltadas \u00e0 promo\u00e7\u00e3o de loja e edi\u00e7\u00e3o de m\u00eddia.<\/p>\n<p>Tamb\u00e9m est\u00e3o dispon\u00edveis 5 vagas para atendimento, destinadas a estudantes do ensino m\u00e9dio a partir de 16 anos, com bolsa de R$800,00, e uma vaga para o setor Comercial, voltada a estudantes t\u00e9cnicos ou superiores em Administra\u00e7\u00e3o. Todas as oportunidades de est\u00e1gio incluem aux\u00edlio-transporte.<\/p>\n<h2 class=\"wp-block-heading\" id=\"h-programa-jovem-aprendiz\">Programa Jovem Aprendiz<\/h2>\n<p>O mutir\u00e3o tamb\u00e9m oferece 6 vagas para o programa jovem aprendiz, divididas entre as fun\u00e7\u00f5es de Opera\u00e7\u00f5es Especiais e Auxiliar de Limpeza. As oportunidades s\u00e3o para jovens entre 18 e 22 anos, com carga hor\u00e1ria de 4 horas di\u00e1rias, de segunda a sexta-feira. As atividades envolvem manuten\u00e7\u00e3o e ordena\u00e7\u00e3o de vias p\u00fablicas e espa\u00e7os coletivos.<\/p>\n<h2 class=\"wp-block-heading\" id=\"h-vagas\">Vagas<\/h2>\n<ul class=\"wp-block-list\">\n<li>Atendimento (Est\u00e1gio): 05 Vagas<\/li>\n<li>Opera\u00e7\u00f5es Especiais (Jovem Aprendiz): 03 Vagas<\/li>\n<li>Auxiliar de Limpeza (Jovem Aprendiz): 03 Vagas<\/li>\n<li>Administra\u00e7\u00e3o (Est\u00e1gio): 01 Vaga<\/li>\n<li>Marketing (Est\u00e1gio): 01 Vaga<\/li>\n<li>Comercial (Est\u00e1gio): 01 Vaga<\/li>\n<\/ul>\n<p><em>Com informa\u00e7\u00f5es da Secretaria Municipal de Comunica\u00e7\u00e3o Social (Secom)<\/em><\/p>\n<p><em>Siga o Acorda Cidade no\u00a0<\/em><a href=\"https:\/\/news.google.com\/search?q=acorda%20cidade&amp;hl=pt-BR&amp;gl=BR&amp;ceid=BR%3Apt-419\"><strong><em>Google Not\u00edcias<\/em><\/strong><\/a><em>\u00a0e receba os principais destaques do dia. Participe tamb\u00e9m dos nossos canais no\u00a0<\/em><a href=\"https:\/\/www.whatsapp.com\/channel\/0029Va6Rb4v3WHTNnsh8WI3N\"><strong><em>WhatsApp<\/em><\/strong><\/a><em>\u00a0e\u00a0<\/em><a href=\"https:\/\/www.youtube.com\/@acordacidadenoticias\/videos\"><strong>YouTube<\/strong><\/a><em>e do grupo no\u00a0<\/em><a href=\"https:\/\/t.me\/+sSz0khrgARA0ZmRh\"><strong><em>Telegram<\/em><\/strong><\/a><em>.<\/em><\/p>\n<\/div>\n","protected":false},"excerpt":{"rendered":"<div>\n<div>\n<figure><img decoding=\"async\" src=\"https:\/\/www.acordacidade.com.br\/wp-content\/uploads\/2025\/11\/Diretor-da-Casa-do-Trabalhador-2.webp\" alt=\"Mutir\u00e3o da Casa do Trabalhador est\u00e1 com 200 vagas sem exig\u00eancia de experi\u00eancia nesta segunda (3)\"><figcaption>Foto: Paulo Jos\u00e9\/Acorda Cidade<\/figcaption><\/figure>\n<\/div>\n<p>As vagas contam com a media\u00e7\u00e3o da Isbet, uma organiza\u00e7\u00e3o sem fins lucrativos que atua como agente de integra\u00e7\u00e3o.<\/p><\/div>\n","protected":false},"author":1,"featured_media":128533,"comment_status":"closed","ping_status":"closed","sticky":false,"template":"","format":"gallery","meta":{"footnotes":""},"categories":[8,9,6,57,56,10],"tags":[],"class_list":["post-128532","post","type-post","status-publish","format-gallery","has-post-thumbnail","hentry","category-bahia","category-brasil","category-feira-de-santana","category-mundo","category-policia","category-politica","post_format-post-format-gallery"],"featured_image_urls":{"full":["https:\/\/noticiasbahia360.com.br\/wp-content\/uploads\/2026\/04\/Diretor-da-Casa-do-Trabalhador-2.webp",1200,670,false],"thumbnail":["https:\/\/noticiasbahia360.com.br\/wp-content\/uploads\/2026\/04\/Diretor-da-Casa-do-Trabalhador-2-150x150.webp",150,150,true],"medium":["https:\/\/noticiasbahia360.com.br\/wp-content\/uploads\/2026\/04\/Diretor-da-Casa-do-Trabalhador-2-300x168.webp",300,168,true],"medium_large":["https:\/\/noticiasbahia360.com.br\/wp-content\/uploads\/2026\/04\/Diretor-da-Casa-do-Trabalhador-2-768x429.webp",640,358,true],"large":["https:\/\/noticiasbahia360.com.br\/wp-content\/uploads\/2026\/04\/Diretor-da-Casa-do-Trabalhador-2-1024x572.webp",640,358,true],"1536x1536":["https:\/\/noticiasbahia360.com.br\/wp-content\/uploads\/2026\/04\/Diretor-da-Casa-do-Trabalhador-2.webp",1200,670,false],"2048x2048":["https:\/\/noticiasbahia360.com.br\/wp-content\/uploads\/2026\/04\/Diretor-da-Casa-do-Trabalhador-2.webp",1200,670,false],"chromenews-featured":["https:\/\/noticiasbahia360.com.br\/wp-content\/uploads\/2026\/04\/Diretor-da-Casa-do-Trabalhador-2-1024x572.webp",1024,572,true],"chromenews-large":["https:\/\/noticiasbahia360.com.br\/wp-content\/uploads\/2026\/04\/Diretor-da-Casa-do-Trabalhador-2-825x575.webp",825,575,true],"chromenews-medium":["https:\/\/noticiasbahia360.com.br\/wp-content\/uploads\/2026\/04\/Diretor-da-Casa-do-Trabalhador-2-590x410.webp",590,410,true]},"author_info":{"display_name":"noticiasbahia360.com.br","author_link":"https:\/\/noticiasbahia360.com.br\/?author=1"},"category_info":"<a href=\"https:\/\/noticiasbahia360.com.br\/?cat=8\" rel=\"category\">Bahia<\/a> <a href=\"https:\/\/noticiasbahia360.com.br\/?cat=9\" rel=\"category\">Brasil<\/a> <a href=\"https:\/\/noticiasbahia360.com.br\/?cat=6\" rel=\"category\">Feira de Santana<\/a> <a href=\"https:\/\/noticiasbahia360.com.br\/?cat=57\" rel=\"category\">Mundo<\/a> <a href=\"https:\/\/noticiasbahia360.com.br\/?cat=56\" rel=\"category\">Pol\u00edcia<\/a> <a href=\"https:\/\/noticiasbahia360.com.br\/?cat=10\" rel=\"category\">Pol\u00edtica<\/a>","tag_info":"Pol\u00edtica","comment_count":"0","_links":{"self":[{"href":"https:\/\/noticiasbahia360.com.br\/index.php?rest_route=\/wp\/v2\/posts\/128532","targetHints":{"allow":["GET"]}}],"collection":[{"href":"https:\/\/noticiasbahia360.com.br\/index.php?rest_route=\/wp\/v2\/posts"}],"about":[{"href":"https:\/\/noticiasbahia360.com.br\/index.php?rest_route=\/wp\/v2\/types\/post"}],"author":[{"embeddable":true,"href":"https:\/\/noticiasbahia360.com.br\/index.php?rest_route=\/wp\/v2\/users\/1"}],"replies":[{"embeddable":true,"href":"https:\/\/noticiasbahia360.com.br\/index.php?rest_route=%2Fwp%2Fv2%2Fcomments&post=128532"}],"version-history":[{"count":0,"href":"https:\/\/noticiasbahia360.com.br\/index.php?rest_route=\/wp\/v2\/posts\/128532\/revisions"}],"wp:featuredmedia":[{"embeddable":true,"href":"https:\/\/noticiasbahia360.com.br\/index.php?rest_route=\/wp\/v2\/media\/128533"}],"wp:attachment":[{"href":"https:\/\/noticiasbahia360.com.br\/index.php?rest_route=%2Fwp%2Fv2%2Fmedia&parent=128532"}],"wp:term":[{"taxonomy":"category","embeddable":true,"href":"https:\/\/noticiasbahia360.com.br\/index.php?rest_route=%2Fwp%2Fv2%2Fcategories&post=128532"},{"taxonomy":"post_tag","embeddable":true,"href":"https:\/\/noticiasbahia360.com.br\/index.php?rest_route=%2Fwp%2Fv2%2Ftags&post=128532"}],"curies":[{"name":"wp","href":"https:\/\/api.w.org\/{rel}","templated":true}]}}