{"id":128534,"date":"2026-04-27T14:41:30","date_gmt":"2026-04-27T17:41:30","guid":{"rendered":"https:\/\/noticiasbahia360.com.br\/?p=128534"},"modified":"2026-04-27T14:41:30","modified_gmt":"2026-04-27T17:41:30","slug":"iacu-divulga-gustavo-mioto-unha-pintada-e-zezo-como-atracoes-do-sao-joao-2026-confira-a-lista-completa","status":"publish","type":"post","link":"https:\/\/noticiasbahia360.com.br\/?p=128534","title":{"rendered":"Ia\u00e7u divulga Gustavo Mioto, Unha Pintada e Zezo como atra\u00e7\u00f5es do S\u00e3o Jo\u00e3o 2026; confira a lista completa"},"content":{"rendered":"<div>\n<div>\n<figure><img decoding=\"async\" src=\"http:\/\/noticiasbahia360.com.br\/wp-content\/uploads\/2026\/04\/Atracoes-do-Sao-Joao-de-Iacu-2026-foto-divulgacao-.png\" alt=\"Ia\u00e7u\"><figcaption>Foto: Reprodu\u00e7\u00e3o \/ Redes Sociais <\/figcaption><\/figure>\n<\/div>\n<p>A prefeitura de Ia\u00e7u, munic\u00edpio baiano que fica a cerca de 165 km de <a href=\"https:\/\/www.acordacidade.com.br\/tag\/feira-de-santana\/\" type=\"post_tag\" id=\"33807\">Feira de Santana<\/a>, divulgou a grade de atra\u00e7\u00f5es para o S\u00e3o Jo\u00e3o deste ano. <\/p>\n<p>Em uma imagem publicada nas redes sociais, a gest\u00e3o revelou os artistas que ir\u00e3o se apresentar nos festejos que v\u00e3o de 20 a 23 de junho.<\/p>\n<p>As atra\u00e7\u00f5es s\u00e3o: <strong>Gustavo Mioto, Diego e Victor Hugo, Santana, Can\u00e1rios do Reino, Zezo, Unha Pintada, Cacau com Leite, D\u00e9bora Lee, Al\u00ea Ferraz, Bar\u00f5es da Pisadinha, Klessinha, Sebastian Silva, Forr\u00f3 do Tico, K\u00e1tia e Adu\u00edlio<\/strong> e <strong>Lucas Viana<\/strong>.<\/p>\n<p>\ud83e\udd29Voc\u00ea quer saber a programa\u00e7\u00e3o de S\u00e3o Jo\u00e3o de outras cidades da Bahia? Acompanhe a p\u00e1gina especial do Acorda Cidade \ud83d\udc49\ud83c\udfff<a href=\"https:\/\/www.acordacidade.com.br\/sao-joao\/\">aqui.<\/a><\/p>\n<p><em>Siga o Acorda Cidade no\u00a0<\/em><a href=\"https:\/\/news.google.com\/search?q=acorda%20cidade&amp;hl=pt-BR&amp;gl=BR&amp;ceid=BR%3Apt-419\"><strong><em>Google Not\u00edcias<\/em><\/strong><\/a><em>\u00a0e receba os principais destaques do dia. Participe tamb\u00e9m dos nossos canais no\u00a0<\/em><a href=\"https:\/\/www.whatsapp.com\/channel\/0029Va6Rb4v3WHTNnsh8WI3N\"><strong><em>WhatsApp<\/em><\/strong><\/a><em>\u00a0e\u00a0<\/em><a href=\"https:\/\/www.youtube.com\/@acordacidadenoticias\/videos\"><strong>YouTube<\/strong><\/a><em>\u00a0e grupo de\u00a0<\/em><a href=\"https:\/\/t.me\/+sSz0khrgARA0ZmRh\"><strong><em>Telegram<\/em><\/strong><\/a><em>.<\/em><\/p>\n<\/div>\n","protected":false},"excerpt":{"rendered":"<div>\n<div>\n<figure><img decoding=\"async\" src=\"https:\/\/uploads.acordacidade.com.br\/2026\/04\/Atracoes-do-Sao-Joao-de-Iacu-2026-foto-divulgacao-.png\" alt=\"Ia\u00e7u\"><figcaption>Foto: Reprodu\u00e7\u00e3o \/ Redes Sociais <\/figcaption><\/figure>\n<\/div>\n<p>Em uma imagem publicada nas redes sociais, a gest\u00e3o revelou os artistas que ir\u00e3o se apresentar nos festejos que v\u00e3o de 20 a 23 de junho.<\/p><\/div>\n","protected":false},"author":1,"featured_media":128535,"comment_status":"closed","ping_status":"closed","sticky":false,"template":"","format":"gallery","meta":{"footnotes":""},"categories":[8,9,6,57,56,10],"tags":[],"class_list":["post-128534","post","type-post","status-publish","format-gallery","has-post-thumbnail","hentry","category-bahia","category-brasil","category-feira-de-santana","category-mundo","category-policia","category-politica","post_format-post-format-gallery"],"featured_image_urls":{"full":["https:\/\/noticiasbahia360.com.br\/wp-content\/uploads\/2026\/04\/Atracoes-do-Sao-Joao-de-Iacu-2026-foto-divulgacao-.png",1200,675,false],"thumbnail":["https:\/\/noticiasbahia360.com.br\/wp-content\/uploads\/2026\/04\/Atracoes-do-Sao-Joao-de-Iacu-2026-foto-divulgacao--150x150.png",150,150,true],"medium":["https:\/\/noticiasbahia360.com.br\/wp-content\/uploads\/2026\/04\/Atracoes-do-Sao-Joao-de-Iacu-2026-foto-divulgacao--300x169.png",300,169,true],"medium_large":["https:\/\/noticiasbahia360.com.br\/wp-content\/uploads\/2026\/04\/Atracoes-do-Sao-Joao-de-Iacu-2026-foto-divulgacao--768x432.png",640,360,true],"large":["https:\/\/noticiasbahia360.com.br\/wp-content\/uploads\/2026\/04\/Atracoes-do-Sao-Joao-de-Iacu-2026-foto-divulgacao--1024x576.png",640,360,true],"1536x1536":["https:\/\/noticiasbahia360.com.br\/wp-content\/uploads\/2026\/04\/Atracoes-do-Sao-Joao-de-Iacu-2026-foto-divulgacao-.png",1200,675,false],"2048x2048":["https:\/\/noticiasbahia360.com.br\/wp-content\/uploads\/2026\/04\/Atracoes-do-Sao-Joao-de-Iacu-2026-foto-divulgacao-.png",1200,675,false],"chromenews-featured":["https:\/\/noticiasbahia360.com.br\/wp-content\/uploads\/2026\/04\/Atracoes-do-Sao-Joao-de-Iacu-2026-foto-divulgacao--1024x576.png",1024,576,true],"chromenews-large":["https:\/\/noticiasbahia360.com.br\/wp-content\/uploads\/2026\/04\/Atracoes-do-Sao-Joao-de-Iacu-2026-foto-divulgacao--825x575.png",825,575,true],"chromenews-medium":["https:\/\/noticiasbahia360.com.br\/wp-content\/uploads\/2026\/04\/Atracoes-do-Sao-Joao-de-Iacu-2026-foto-divulgacao--590x410.png",590,410,true]},"author_info":{"display_name":"noticiasbahia360.com.br","author_link":"https:\/\/noticiasbahia360.com.br\/?author=1"},"category_info":"<a href=\"https:\/\/noticiasbahia360.com.br\/?cat=8\" rel=\"category\">Bahia<\/a> <a href=\"https:\/\/noticiasbahia360.com.br\/?cat=9\" rel=\"category\">Brasil<\/a> <a href=\"https:\/\/noticiasbahia360.com.br\/?cat=6\" rel=\"category\">Feira de Santana<\/a> <a href=\"https:\/\/noticiasbahia360.com.br\/?cat=57\" rel=\"category\">Mundo<\/a> <a href=\"https:\/\/noticiasbahia360.com.br\/?cat=56\" rel=\"category\">Pol\u00edcia<\/a> <a href=\"https:\/\/noticiasbahia360.com.br\/?cat=10\" rel=\"category\">Pol\u00edtica<\/a>","tag_info":"Pol\u00edtica","comment_count":"0","_links":{"self":[{"href":"https:\/\/noticiasbahia360.com.br\/index.php?rest_route=\/wp\/v2\/posts\/128534","targetHints":{"allow":["GET"]}}],"collection":[{"href":"https:\/\/noticiasbahia360.com.br\/index.php?rest_route=\/wp\/v2\/posts"}],"about":[{"href":"https:\/\/noticiasbahia360.com.br\/index.php?rest_route=\/wp\/v2\/types\/post"}],"author":[{"embeddable":true,"href":"https:\/\/noticiasbahia360.com.br\/index.php?rest_route=\/wp\/v2\/users\/1"}],"replies":[{"embeddable":true,"href":"https:\/\/noticiasbahia360.com.br\/index.php?rest_route=%2Fwp%2Fv2%2Fcomments&post=128534"}],"version-history":[{"count":0,"href":"https:\/\/noticiasbahia360.com.br\/index.php?rest_route=\/wp\/v2\/posts\/128534\/revisions"}],"wp:featuredmedia":[{"embeddable":true,"href":"https:\/\/noticiasbahia360.com.br\/index.php?rest_route=\/wp\/v2\/media\/128535"}],"wp:attachment":[{"href":"https:\/\/noticiasbahia360.com.br\/index.php?rest_route=%2Fwp%2Fv2%2Fmedia&parent=128534"}],"wp:term":[{"taxonomy":"category","embeddable":true,"href":"https:\/\/noticiasbahia360.com.br\/index.php?rest_route=%2Fwp%2Fv2%2Fcategories&post=128534"},{"taxonomy":"post_tag","embeddable":true,"href":"https:\/\/noticiasbahia360.com.br\/index.php?rest_route=%2Fwp%2Fv2%2Ftags&post=128534"}],"curies":[{"name":"wp","href":"https:\/\/api.w.org\/{rel}","templated":true}]}}