{"id":128536,"date":"2026-04-27T14:51:05","date_gmt":"2026-04-27T17:51:05","guid":{"rendered":"https:\/\/noticiasbahia360.com.br\/?p=128536"},"modified":"2026-04-27T14:51:05","modified_gmt":"2026-04-27T17:51:05","slug":"filme-baiano-receba-entra-no-catalogo-de-plataformas-de-streaming-com-historia-policial","status":"publish","type":"post","link":"https:\/\/noticiasbahia360.com.br\/?p=128536","title":{"rendered":"Filme baiano \u201cReceba!\u201d entra no cat\u00e1logo de plataformas de streaming com hist\u00f3ria policial"},"content":{"rendered":"<div>\n<div>\n<figure><img decoding=\"async\" src=\"http:\/\/noticiasbahia360.com.br\/wp-content\/uploads\/2026\/04\/Filme-Receba-Foto-Taylla-de-Paula.jpg\" alt=\"Filme Receba\"><figcaption>Foto: Taylla de Paula<\/figcaption><\/figure>\n<\/div>\n<p>O longa-metragem baiano\u00a0<strong>\u201cReceba!\u201d<\/strong>, dirigido por Pedro Perazzo e Rodrigo Luna e co-produzido pela<strong>\u00a0Mulungu Realiza\u00e7\u00f5es Culturais\u00a0<\/strong><a href=\"https:\/\/click.knewin360.com\/Click\/click\/eyJhbGciOiJIUzI1NiIsInR5cCI6IkpXVCJ9.eyJjYW1wYWlnbklkIjoiMWQ5ZWI5MjgtZTczOS00M2JjLTc5NjAtMDhkZTllZTczMTMyIiwicGVyc29uSWQiOiI0NWUyNWFiNi1kZGU2LTQyMDUtYTUwMS00M2MxZmNhZmNjYjAiLCJlbWFpbCI6InJlZGFjYW9AYWNvcmRhY2lkYWRlLmNvbS5iciIsInVybCI6Imh0dHBzOi8vd3d3Lmluc3RhZ3JhbS5jb20vbXVsdW5ndXJlYWxpemFjb2VzLyIsImlzU2VnbWVudGF0aW9uIjoiVHJ1ZSIsIm5iZiI6MTc3NzI5ODM4NywiZXhwIjoxNzc5ODkwMzg3LCJpYXQiOjE3NzcyOTgzODd9.3J3F4hGUTd1R_NcBoyB0NfuqfuWl8BV8hMKE7JSr7q4\" rel=\"noreferrer noopener\" target=\"_blank\"><strong>(@mulungurealizacoes<\/strong><\/a><strong>)<\/strong>, da produtora baiana\u00a0<strong>Fl\u00e1via Santana<\/strong>,\u00a0<strong>j\u00e1 est\u00e1 dispon\u00edvel nas principais plataformas de streaming.<\/strong>\u00a0O filme policial integra o cat\u00e1logo de servi\u00e7os como\u00a0<strong>Prime Video, Apple TV, Google Play, Looke, Vivo Play e iTunes\u00a0<\/strong>\u00a0e pode ser assistido atrav\u00e9s de compra ou aluguel.<\/p>\n<p>Gravado inteiramente em Salvador, o elenco do filme \u00e9 composto por expressivos nomes da cena baiana, a come\u00e7ar da protagonista interpretada pela atriz\u00a0<strong>Edvana Carvalho.<\/strong>\u00a0Tamb\u00e9m entram em cena os atores<strong>\u00a0Jackson Costa, Evelin Buchegger, Daniel Farias, Leandro Villa, Narcival Rubens, Tania Toko e L\u00facio Tranchesi.<\/strong><\/p>\n<p>Com uma narrativa din\u00e2mica e personagens marcantes, o filme \u00e9 uma adapta\u00e7\u00e3o do premiado livro \u201cA Guerra dos Bastardos\u201d (2007), da escritora Ana Paula Maia. A hist\u00f3ria repleta de tens\u00e3o, reviravoltas e humor \u00e1cido, acompanha diferentes figuras que se cruzam em torno de uma oportunidade t\u00e3o lucrativa quanto perigosa. Sucesso de p\u00fablico nos festivais em que foi exibido e vencedor do pr\u00eamio de melhor filme pelo voto popular no Panorama Coisa de Cinema e no CINE-PE, em 2021.<\/p>\n<h3 class=\"wp-block-heading\" id=\"h-uma-historia-de-caos-dinheiro-e-escolhas-no-limite\">Uma hist\u00f3ria de caos, dinheiro e escolhas no limite<\/h3>\n<p>Na trama, Amadeu vive um momento de desespero financeiro ao lado de Gina. A situa\u00e7\u00e3o muda quando ele encontra uma bolsa com um conte\u00fado t\u00e3o valioso quanto ilegal, e decide roub\u00e1-la e escond\u00ea-la. A partir da\u00ed, uma verdadeira ca\u00e7ada se inicia.<\/p>\n<p>O objeto cobi\u00e7ado passa a mobilizar uma s\u00e9rie de personagens: uma ex-atriz endividada, um policial corrupto com medo de sangue, sua parceira em processo de largar o v\u00edcio, um chefe do crime local e um jovem artista visual que, por acaso, acaba envolvido na confus\u00e3o.<\/p>\n<p>Entre encontros inesperados e decis\u00f5es impulsivas,\u00a0<strong>\u201cReceba!\u201d<\/strong>\u00a0constr\u00f3i uma narrativa acelerada, onde cada escolha pode custar caro.<\/p>\n<p>A trilha sonora, assinada por Andrea Martins e Ronei Jorge, complementa a atmosfera da produ\u00e7\u00e3o, com artistas contempor\u00e2neos da Bahia como Afrocidade, Baco Exu do Blues e TrapFunk&amp;Alivio.<\/p>\n<h3 class=\"wp-block-heading\" id=\"h-cinema-independente-e-producao-baiana\">Cinema independente e produ\u00e7\u00e3o baiana<\/h3>\n<p>A chegada de \u201cReceba!\u201d nas plataformas de streaming marca um momento significativo de conquista para o cinema baiano e independente no circuito nacional, ampliando o alcance de produ\u00e7\u00f5es que, historicamente, enfrentam barreiras de distribui\u00e7\u00e3o.\u00a0<\/p>\n<p>A produ\u00e7\u00e3o, inteiramente filmada em Salvador, foge dos g\u00eaneros tradicionalmente explorados pelo cinema baiano, apresentando uma trama com grande apelo popular que se aprofunda em temas como viol\u00eancia, poder e reden\u00e7\u00e3o, ambientada no contexto da capital.<\/p>\n<p>Ocupar os streamings \u00e9 um marco que apresenta ao mundo a for\u00e7a da produ\u00e7\u00e3o audiovisual baiana, atrav\u00e9s da diversidade de narrativas, talentos e est\u00e9ticas.<\/p>\n<p>\u201cReceba!\u201d \u00e9 produzido por Mulungu Realiza\u00e7\u00f5es Culturais e Ideograma Produ\u00e7\u00f5es Culturais, em coprodu\u00e7\u00e3o com Vatap\u00e1 Produ\u00e7\u00f5es, Buhfu! Filmes e Giro Planejamento Cultural. O projeto de distribui\u00e7\u00e3o do filme, assinado pela Olhar Filmes, foi contemplado nos Editais da Paulo Gustavo Bahia e tem apoio financeiro do Governo do Estado da Bahia atrav\u00e9s da Secretaria de Cultura via Lei Paulo Gustavo, direcionada pelo Minist\u00e9rio da Cultura, Governo Federal. Paulo Gustavo Bahia (PGBA) foi criada para a efetiva\u00e7\u00e3o das a\u00e7\u00f5es emergenciais de apoio ao setor cultural, visando cumprir a Lei Complementar no 195, de 8 de julho de 2022.<\/p>\n<p><strong>\u201cReceba!\u201d j\u00e1 pode ser assistido nas seguintes plataformas digitais:<\/strong><\/p>\n<ul class=\"wp-block-list\">\n<li>Prime Video<\/li>\n<li>Apple TV<\/li>\n<li>Google Play<\/li>\n<li>Looke<\/li>\n<li>Vivo Play<\/li>\n<li>iTunes<\/li>\n<\/ul>\n<p><em>Siga o Acorda Cidade no\u00a0<\/em><a href=\"https:\/\/news.google.com\/search?q=acorda%20cidade&amp;hl=pt-BR&amp;gl=BR&amp;ceid=BR%3Apt-419\"><strong><em>Google Not\u00edcias<\/em><\/strong><\/a><em>\u00a0e receba os principais destaques do dia. Participe tamb\u00e9m dos nossos canais no\u00a0<\/em><a href=\"https:\/\/www.whatsapp.com\/channel\/0029Va6Rb4v3WHTNnsh8WI3N\"><strong><em>WhatsApp<\/em><\/strong><\/a><em>\u00a0e\u00a0<\/em><a href=\"https:\/\/www.youtube.com\/@acordacidadenoticias\/videos\"><strong>YouTube<\/strong><\/a><em>\u00a0e grupo de\u00a0<\/em><a href=\"https:\/\/t.me\/+sSz0khrgARA0ZmRh\"><strong><em>Telegram<\/em><\/strong><\/a><em>.<\/em><\/p>\n<\/div>\n","protected":false},"excerpt":{"rendered":"<div>\n<div>\n<figure><img decoding=\"async\" src=\"https:\/\/uploads.acordacidade.com.br\/2026\/04\/Filme-Receba-Foto-Taylla-de-Paula.jpg\" alt=\"Filme Receba\"><figcaption>Foto: Taylla de Paula<\/figcaption><\/figure>\n<\/div>\n<p>Gravado inteiramente em Salvador, o elenco do filme \u00e9 composto por expressivos nomes da cena baiana, a come\u00e7ar pela atriz\u00a0Edvana Carvalho.\u00a0<\/p><\/div>\n","protected":false},"author":1,"featured_media":128537,"comment_status":"closed","ping_status":"closed","sticky":false,"template":"","format":"gallery","meta":{"footnotes":""},"categories":[8,9,6,57,56,10],"tags":[],"class_list":["post-128536","post","type-post","status-publish","format-gallery","has-post-thumbnail","hentry","category-bahia","category-brasil","category-feira-de-santana","category-mundo","category-policia","category-politica","post_format-post-format-gallery"],"featured_image_urls":{"full":["https:\/\/noticiasbahia360.com.br\/wp-content\/uploads\/2026\/04\/Filme-Receba-Foto-Taylla-de-Paula.jpg",1200,675,false],"thumbnail":["https:\/\/noticiasbahia360.com.br\/wp-content\/uploads\/2026\/04\/Filme-Receba-Foto-Taylla-de-Paula-150x150.jpg",150,150,true],"medium":["https:\/\/noticiasbahia360.com.br\/wp-content\/uploads\/2026\/04\/Filme-Receba-Foto-Taylla-de-Paula-300x169.jpg",300,169,true],"medium_large":["https:\/\/noticiasbahia360.com.br\/wp-content\/uploads\/2026\/04\/Filme-Receba-Foto-Taylla-de-Paula-768x432.jpg",640,360,true],"large":["https:\/\/noticiasbahia360.com.br\/wp-content\/uploads\/2026\/04\/Filme-Receba-Foto-Taylla-de-Paula-1024x576.jpg",640,360,true],"1536x1536":["https:\/\/noticiasbahia360.com.br\/wp-content\/uploads\/2026\/04\/Filme-Receba-Foto-Taylla-de-Paula.jpg",1200,675,false],"2048x2048":["https:\/\/noticiasbahia360.com.br\/wp-content\/uploads\/2026\/04\/Filme-Receba-Foto-Taylla-de-Paula.jpg",1200,675,false],"chromenews-featured":["https:\/\/noticiasbahia360.com.br\/wp-content\/uploads\/2026\/04\/Filme-Receba-Foto-Taylla-de-Paula-1024x576.jpg",1024,576,true],"chromenews-large":["https:\/\/noticiasbahia360.com.br\/wp-content\/uploads\/2026\/04\/Filme-Receba-Foto-Taylla-de-Paula-825x575.jpg",825,575,true],"chromenews-medium":["https:\/\/noticiasbahia360.com.br\/wp-content\/uploads\/2026\/04\/Filme-Receba-Foto-Taylla-de-Paula-590x410.jpg",590,410,true]},"author_info":{"display_name":"noticiasbahia360.com.br","author_link":"https:\/\/noticiasbahia360.com.br\/?author=1"},"category_info":"<a href=\"https:\/\/noticiasbahia360.com.br\/?cat=8\" rel=\"category\">Bahia<\/a> <a href=\"https:\/\/noticiasbahia360.com.br\/?cat=9\" rel=\"category\">Brasil<\/a> <a href=\"https:\/\/noticiasbahia360.com.br\/?cat=6\" rel=\"category\">Feira de Santana<\/a> <a href=\"https:\/\/noticiasbahia360.com.br\/?cat=57\" rel=\"category\">Mundo<\/a> <a href=\"https:\/\/noticiasbahia360.com.br\/?cat=56\" rel=\"category\">Pol\u00edcia<\/a> <a href=\"https:\/\/noticiasbahia360.com.br\/?cat=10\" rel=\"category\">Pol\u00edtica<\/a>","tag_info":"Pol\u00edtica","comment_count":"0","_links":{"self":[{"href":"https:\/\/noticiasbahia360.com.br\/index.php?rest_route=\/wp\/v2\/posts\/128536","targetHints":{"allow":["GET"]}}],"collection":[{"href":"https:\/\/noticiasbahia360.com.br\/index.php?rest_route=\/wp\/v2\/posts"}],"about":[{"href":"https:\/\/noticiasbahia360.com.br\/index.php?rest_route=\/wp\/v2\/types\/post"}],"author":[{"embeddable":true,"href":"https:\/\/noticiasbahia360.com.br\/index.php?rest_route=\/wp\/v2\/users\/1"}],"replies":[{"embeddable":true,"href":"https:\/\/noticiasbahia360.com.br\/index.php?rest_route=%2Fwp%2Fv2%2Fcomments&post=128536"}],"version-history":[{"count":0,"href":"https:\/\/noticiasbahia360.com.br\/index.php?rest_route=\/wp\/v2\/posts\/128536\/revisions"}],"wp:featuredmedia":[{"embeddable":true,"href":"https:\/\/noticiasbahia360.com.br\/index.php?rest_route=\/wp\/v2\/media\/128537"}],"wp:attachment":[{"href":"https:\/\/noticiasbahia360.com.br\/index.php?rest_route=%2Fwp%2Fv2%2Fmedia&parent=128536"}],"wp:term":[{"taxonomy":"category","embeddable":true,"href":"https:\/\/noticiasbahia360.com.br\/index.php?rest_route=%2Fwp%2Fv2%2Fcategories&post=128536"},{"taxonomy":"post_tag","embeddable":true,"href":"https:\/\/noticiasbahia360.com.br\/index.php?rest_route=%2Fwp%2Fv2%2Ftags&post=128536"}],"curies":[{"name":"wp","href":"https:\/\/api.w.org\/{rel}","templated":true}]}}