{"id":128538,"date":"2026-04-27T14:56:02","date_gmt":"2026-04-27T17:56:02","guid":{"rendered":"https:\/\/noticiasbahia360.com.br\/?p=128538"},"modified":"2026-04-27T14:56:02","modified_gmt":"2026-04-27T17:56:02","slug":"governo-federal-mobiliza-populacao-sobre-importancia-da-cin-como-documento-unico","status":"publish","type":"post","link":"https:\/\/noticiasbahia360.com.br\/?p=128538","title":{"rendered":"Governo Federal mobiliza popula\u00e7\u00e3o sobre import\u00e2ncia da CIN como documento \u00fanico"},"content":{"rendered":"<div>\n<div>\n<figure><img decoding=\"async\" src=\"http:\/\/noticiasbahia360.com.br\/wp-content\/uploads\/2026\/04\/carteira-de-identidade-nacional-cin-foto-secom-gov-br.jpg\" alt=\"carteira de identidade nacional - CIN\"><figcaption> Foto: Divulga\u00e7\u00e3o<\/figcaption><\/figure>\n<\/div>\n<p>O Governo do Brasil lan\u00e7ou, nesta sexta-feira (24\/4), uma campanha para orientar as pessoas sobre a import\u00e2ncia da emiss\u00e3o da Carteira de Identidade Nacional (CIN), um documento mais seguro e que facilita o acesso a servi\u00e7os p\u00fablicos e benef\u00edcios sociais. Segundo dados do Minist\u00e9rio da Gest\u00e3o e da Inova\u00e7\u00e3o em Servi\u00e7os P\u00fablicos (MGI), j\u00e1 foram emitidas cerca de 51,3 milh\u00f5es de CINs em todo o Brasil.<\/p>\n<p>Na Bahia (AM), um pouco mais de 20% da popula\u00e7\u00e3o j\u00e1 possui o novo documento. Al\u00e9m da campanha, o MGI celebrou recentemente um contrato de repasse de R$ 13,4 milh\u00f5es com o governo da Bahia para alavancar a emiss\u00e3o da CIN no estado. A iniciativa faz parte do Programa Nacional de Fomento \u00e0 Gest\u00e3o e Emiss\u00e3o da Carteira de Identidade Nacional (ProCIN), que tem por objetivo possibilitar o apoio t\u00e9cnico, financeiro e operacional aos estados e ao Distrito Federal, que s\u00e3o os respons\u00e1veis pela emiss\u00e3o da nova carteira.<\/p>\n<p>As pe\u00e7as da campanha s\u00e3o focadas em como a CIN pode beneficiar trabalhadores, pescadores artesanais, pessoas que est\u00e3o perto de se aposentar e pessoas com defici\u00eancia. Al\u00e9m dessas orienta\u00e7\u00f5es, os cards e spots tamb\u00e9m trazem informa\u00e7\u00f5es gerais sobre os benef\u00edcios da CIN, como o n\u00famero \u00fanico (CPF), a maior seguran\u00e7a a partir do QR Code e a validade em todo o territ\u00f3rio nacional e nos pa\u00edses do Mercosul, al\u00e9m de ter a 1\u00aa via gratuita.<\/p>\n<p>Instrumento de cidadania, a CIN \u00e9 base da Infraestrutura P\u00fablica Digital de Identifica\u00e7\u00e3o Civil. A partir dela, haver\u00e1 uma melhora dos cadastros dos diferentes programas sociais, possibilitando tanto a melhor gest\u00e3o dos benef\u00edcios pelo setor p\u00fablico, como seu acesso pela popula\u00e7\u00e3o. Com isso, a administra\u00e7\u00e3o p\u00fablica ter\u00e1 mais qualidade em todas as suas bases de governo que comp\u00f5em a Infraestrutura Nacional de Dados (IND).\u00a0<\/p>\n<p>Al\u00e9m de simplificar o acesso das pessoas aos servi\u00e7os p\u00fablicos e benef\u00edcios sociais, uma das vantagens da nova carteira \u00e9 a sua vers\u00e3o digital dispon\u00edvel no aplicativo\u00a0<a href=\"http:\/\/gov.br\/\" target=\"_blank\" rel=\"noreferrer noopener\">GOV.BR<\/a>. A partir do recebimento do documento impresso, as pessoas j\u00e1 podem acessar o aplicativo para baixar a CIN em formato digital. Isso pode simplificar o uso em viagens ou em outras ocasi\u00f5es em que for necess\u00e1rio se identificar.\u00a0<\/p>\n<p>A vers\u00e3o digital da nova carteira tamb\u00e9m pode conter outros n\u00fameros de documentos. \u00c9 poss\u00edvel, por exemplo, a inclus\u00e3o dos dados referentes ao T\u00edtulo de Eleitor, Carteira Nacional de Habilita\u00e7\u00e3o (CNH), Carteira de Trabalho e Previd\u00eancia Social (CTPS), Identidade Funcional ou Carteira Profissional, Certificado Militar, Programa de Integra\u00e7\u00e3o Social\/Programa de Forma\u00e7\u00e3o do Patrim\u00f4nio do Servidor P\u00fablico (PIS\/PASEP), N\u00famero de Identifica\u00e7\u00e3o Social (NIS) e N\u00famero de Inscri\u00e7\u00e3o do Trabalhador (NIT). Para isso, \u00e9 necess\u00e1rio levar esses documentos no momento da solicita\u00e7\u00e3o.\u00a0<\/p>\n<p>A CIN tamb\u00e9m amplia a seguran\u00e7a da conta\u00a0<a href=\"http:\/\/gov.br\/\" target=\"_blank\" rel=\"noreferrer noopener\">GOV.BR<\/a>, pois a nova carteira facilita o acesso a uma conta Ouro na plataforma do governo federal. Atualmente, o\u00a0<a href=\"http:\/\/gov.br\/\" target=\"_blank\" rel=\"noreferrer noopener\">GOV.BR<\/a>\u00a0possui mais de 175 milh\u00f5es de usu\u00e1rios e possibilita o acesso a mais de 4.600 servi\u00e7os digitais federais e outros mais de oito mil de estados e munic\u00edpios.<\/p>\n<p>No in\u00edcio de abril, o MGI estabeleceu um\u00a0<a href=\"https:\/\/in.gov.br\/web\/dou\/-\/portaria-sgd\/mgi-n-2.907-de-2-de-abril-de-2026-697410550\" target=\"_blank\" rel=\"noreferrer noopener\">novo cronograma<\/a>\u00a0para o uso da CIN na concess\u00e3o e renova\u00e7\u00e3o de benef\u00edcios sociais. De forma simplificada, os prazos s\u00e3o:\u00a0<\/p>\n<p>\u2022 Unifica\u00e7\u00e3o das regras para quem j\u00e1 \u00e9 benefici\u00e1rio e para os novos: a pessoa que n\u00e3o tem cadastro biom\u00e9trico deve emitir a CIN a partir de janeiro de 2027.<\/p>\n<p>\u2022 Para quem j\u00e1 \u00e9 benefici\u00e1rio e tem cadastro biom\u00e9trico, a CIN s\u00f3 passa a ser obrigat\u00f3ria em janeiro de 2028, a mesma regra que valia anteriormente. Nesses casos, valer\u00e1 at\u00e9 essa data o cadastro biom\u00e9trico do Tribunal Superior Eleitoral ou da Carteira Nacional de Habilita\u00e7\u00e3o (CNH) ou passaporte.\u00a0<\/p>\n<p>Acesse o\u00a0<a href=\"https:\/\/gov.br\/identidade\" target=\"_blank\" rel=\"noreferrer noopener\">gov.br\/identidade<\/a>\u00a0e saiba onde fazer a emiss\u00e3o da sua CIN em seu estado.<\/p>\n<p><em><strong>Fonte:<\/strong>\u00a0Secretaria de Comunica\u00e7\u00e3o Social da Presid\u00eancia da Rep\u00fablica<\/em>\u00a0<\/p>\n<p><em>Siga o Acorda Cidade no\u00a0<\/em><a href=\"https:\/\/news.google.com\/search?q=acorda%20cidade&amp;hl=pt-BR&amp;gl=BR&amp;ceid=BR%3Apt-419\"><strong><em>Google Not\u00edcias<\/em><\/strong><\/a><em>\u00a0e receba os principais destaques do dia. Participe tamb\u00e9m dos nossos canais no\u00a0<\/em><a href=\"https:\/\/www.whatsapp.com\/channel\/0029Va6Rb4v3WHTNnsh8WI3N\"><strong><em>WhatsApp<\/em><\/strong><\/a><em>\u00a0e\u00a0<\/em><a href=\"https:\/\/www.youtube.com\/@acordacidadenoticias\/videos\"><strong>YouTube<\/strong><\/a><em>\u00a0e grupo de\u00a0<\/em><a href=\"https:\/\/t.me\/+sSz0khrgARA0ZmRh\"><strong><em>Telegram<\/em><\/strong><\/a><em>.<\/em><\/p>\n<\/div>\n","protected":false},"excerpt":{"rendered":"<div>\n<div>\n<figure><img decoding=\"async\" src=\"https:\/\/www.acordacidade.com.br\/wp-content\/uploads\/2025\/08\/carteira-de-identidade-nacional-cin-foto-secom-gov-br.jpg\" alt=\"carteira de identidade nacional - CIN\"><figcaption> Foto: Divulga\u00e7\u00e3o<\/figcaption><\/figure>\n<\/div>\n<p>Na Bahia (AM), um pouco mais de 20% da popula\u00e7\u00e3o j\u00e1 possui o novo documento.<\/p><\/div>\n","protected":false},"author":1,"featured_media":128539,"comment_status":"closed","ping_status":"closed","sticky":false,"template":"","format":"gallery","meta":{"footnotes":""},"categories":[8,9,6,57,56,10],"tags":[],"class_list":["post-128538","post","type-post","status-publish","format-gallery","has-post-thumbnail","hentry","category-bahia","category-brasil","category-feira-de-santana","category-mundo","category-policia","category-politica","post_format-post-format-gallery"],"featured_image_urls":{"full":["https:\/\/noticiasbahia360.com.br\/wp-content\/uploads\/2026\/04\/carteira-de-identidade-nacional-cin-foto-secom-gov-br.jpg",1300,867,false],"thumbnail":["https:\/\/noticiasbahia360.com.br\/wp-content\/uploads\/2026\/04\/carteira-de-identidade-nacional-cin-foto-secom-gov-br-150x150.jpg",150,150,true],"medium":["https:\/\/noticiasbahia360.com.br\/wp-content\/uploads\/2026\/04\/carteira-de-identidade-nacional-cin-foto-secom-gov-br-300x200.jpg",300,200,true],"medium_large":["https:\/\/noticiasbahia360.com.br\/wp-content\/uploads\/2026\/04\/carteira-de-identidade-nacional-cin-foto-secom-gov-br-768x512.jpg",640,427,true],"large":["https:\/\/noticiasbahia360.com.br\/wp-content\/uploads\/2026\/04\/carteira-de-identidade-nacional-cin-foto-secom-gov-br-1024x683.jpg",640,427,true],"1536x1536":["https:\/\/noticiasbahia360.com.br\/wp-content\/uploads\/2026\/04\/carteira-de-identidade-nacional-cin-foto-secom-gov-br.jpg",1300,867,false],"2048x2048":["https:\/\/noticiasbahia360.com.br\/wp-content\/uploads\/2026\/04\/carteira-de-identidade-nacional-cin-foto-secom-gov-br.jpg",1300,867,false],"chromenews-featured":["https:\/\/noticiasbahia360.com.br\/wp-content\/uploads\/2026\/04\/carteira-de-identidade-nacional-cin-foto-secom-gov-br-1024x683.jpg",1024,683,true],"chromenews-large":["https:\/\/noticiasbahia360.com.br\/wp-content\/uploads\/2026\/04\/carteira-de-identidade-nacional-cin-foto-secom-gov-br-825x575.jpg",825,575,true],"chromenews-medium":["https:\/\/noticiasbahia360.com.br\/wp-content\/uploads\/2026\/04\/carteira-de-identidade-nacional-cin-foto-secom-gov-br-590x410.jpg",590,410,true]},"author_info":{"display_name":"noticiasbahia360.com.br","author_link":"https:\/\/noticiasbahia360.com.br\/?author=1"},"category_info":"<a href=\"https:\/\/noticiasbahia360.com.br\/?cat=8\" rel=\"category\">Bahia<\/a> <a href=\"https:\/\/noticiasbahia360.com.br\/?cat=9\" rel=\"category\">Brasil<\/a> <a href=\"https:\/\/noticiasbahia360.com.br\/?cat=6\" rel=\"category\">Feira de Santana<\/a> <a href=\"https:\/\/noticiasbahia360.com.br\/?cat=57\" rel=\"category\">Mundo<\/a> <a href=\"https:\/\/noticiasbahia360.com.br\/?cat=56\" rel=\"category\">Pol\u00edcia<\/a> <a href=\"https:\/\/noticiasbahia360.com.br\/?cat=10\" rel=\"category\">Pol\u00edtica<\/a>","tag_info":"Pol\u00edtica","comment_count":"0","_links":{"self":[{"href":"https:\/\/noticiasbahia360.com.br\/index.php?rest_route=\/wp\/v2\/posts\/128538","targetHints":{"allow":["GET"]}}],"collection":[{"href":"https:\/\/noticiasbahia360.com.br\/index.php?rest_route=\/wp\/v2\/posts"}],"about":[{"href":"https:\/\/noticiasbahia360.com.br\/index.php?rest_route=\/wp\/v2\/types\/post"}],"author":[{"embeddable":true,"href":"https:\/\/noticiasbahia360.com.br\/index.php?rest_route=\/wp\/v2\/users\/1"}],"replies":[{"embeddable":true,"href":"https:\/\/noticiasbahia360.com.br\/index.php?rest_route=%2Fwp%2Fv2%2Fcomments&post=128538"}],"version-history":[{"count":0,"href":"https:\/\/noticiasbahia360.com.br\/index.php?rest_route=\/wp\/v2\/posts\/128538\/revisions"}],"wp:featuredmedia":[{"embeddable":true,"href":"https:\/\/noticiasbahia360.com.br\/index.php?rest_route=\/wp\/v2\/media\/128539"}],"wp:attachment":[{"href":"https:\/\/noticiasbahia360.com.br\/index.php?rest_route=%2Fwp%2Fv2%2Fmedia&parent=128538"}],"wp:term":[{"taxonomy":"category","embeddable":true,"href":"https:\/\/noticiasbahia360.com.br\/index.php?rest_route=%2Fwp%2Fv2%2Fcategories&post=128538"},{"taxonomy":"post_tag","embeddable":true,"href":"https:\/\/noticiasbahia360.com.br\/index.php?rest_route=%2Fwp%2Fv2%2Ftags&post=128538"}],"curies":[{"name":"wp","href":"https:\/\/api.w.org\/{rel}","templated":true}]}} 