{"id":128540,"date":"2026-04-27T15:15:58","date_gmt":"2026-04-27T18:15:58","guid":{"rendered":"https:\/\/noticiasbahia360.com.br\/?p=128540"},"modified":"2026-04-27T15:15:58","modified_gmt":"2026-04-27T18:15:58","slug":"conheca-4-sinais-de-que-sua-audicao-pode-estar-afetando-sua-memoria","status":"publish","type":"post","link":"https:\/\/noticiasbahia360.com.br\/?p=128540","title":{"rendered":"Conhe\u00e7a 4 sinais de que sua audi\u00e7\u00e3o pode estar afetando sua mem\u00f3ria"},"content":{"rendered":"<div>\n<div>\n<figure><img decoding=\"async\" src=\"http:\/\/noticiasbahia360.com.br\/wp-content\/uploads\/2026\/04\/audicao-ouvido-idoso-memoria-foto-divulgacao-.jpg\" alt=\"audi\u00e7\u00e3o\"><figcaption>Foto: Reprodu\u00e7\u00e3o <\/figcaption><\/figure>\n<\/div>\n<p>A dificuldade para ouvir pode ir al\u00e9m de um inc\u00f4modo moment\u00e2neo e ter impacto direto na sa\u00fade do c\u00e9rebro. Estudos recentes mostram que a perda auditiva est\u00e1 entre os principais fatores de risco para dem\u00eancia \u2014 condi\u00e7\u00e3o que pode ter at\u00e9\u00a0<strong>48,2% dos casos prevenidos no Brasil<\/strong>, segundo levantamento publicado na\u00a0<em>The Lancet Global Health<\/em>\u00a0(2024).<\/p>\n<p>O dado ganha ainda mais relev\u00e2ncia diante do cen\u00e1rio global. De acordo com a Organiza\u00e7\u00e3o Mundial da Sa\u00fade, cerca de\u00a0<strong>1,5 bilh\u00e3o de pessoas vivem com algum grau de perda auditiva<\/strong>, n\u00famero que pode chegar a\u00a0<strong>2,5 bilh\u00f5es at\u00e9 2050<\/strong>. J\u00e1 a dem\u00eancia afeta mais de\u00a0<strong>55 milh\u00f5es de pessoas no mundo<\/strong>.<\/p>\n<p>Apesar disso, a perda auditiva ainda \u00e9 subdiagnosticada \u2014 e muitos sinais passam despercebidos no dia a dia. Especialistas alertam que identificar esses ind\u00edcios precocemente pode ser fundamental para preservar as fun\u00e7\u00f5es cognitivas.<\/p>\n<p>A seguir, veja quatro sinais de alerta:<\/p>\n<p><strong>1. Voc\u00ea pede para as pessoas repetirem com frequ\u00eancia<\/strong><\/p>\n<p>Se voc\u00ea costuma pedir para repetir frases, principalmente em conversas do dia a dia, pode ser um indicativo de perda auditiva inicial.<\/p>\n<p>Esse esfor\u00e7o constante para compreender a fala aumenta a sobrecarga do c\u00e9rebro, o que pode impactar fun\u00e7\u00f5es cognitivas ao longo do tempo.<\/p>\n<p><strong>2. Dificuldade para acompanhar conversas em ambientes ruidosos<\/strong><\/p>\n<p>Restaurantes, reuni\u00f5es ou encontros com v\u00e1rias pessoas podem se tornar desafiadores para quem est\u00e1 com perda auditiva.<\/p>\n<p>A tend\u00eancia \u00e9 que o c\u00e9rebro precise \u201ccompensar\u201d a dificuldade de ouvir, reduzindo sua capacidade de processar outras informa\u00e7\u00f5es \u2014 o que pode afetar mem\u00f3ria e aten\u00e7\u00e3o.<\/p>\n<p><strong>3. Aumento constante do volume da TV ou do celular<\/strong><\/p>\n<p>Se outras pessoas comentam que o volume est\u00e1 alto demais, esse pode ser um sinal importante.<\/p>\n<p>Muitas vezes, esse comportamento \u00e9 naturalizado, mas pode indicar que a audi\u00e7\u00e3o j\u00e1 est\u00e1 comprometida.<\/p>\n<p><strong>4. Evitar intera\u00e7\u00f5es sociais ou sentir cansa\u00e7o ap\u00f3s conversas<\/strong><\/p>\n<p>A perda auditiva pode levar ao isolamento social, j\u00e1 que a comunica\u00e7\u00e3o se torna mais dif\u00edcil e cansativa.<\/p>\n<p>Esse afastamento \u00e9 um dos principais fatores associados ao decl\u00ednio cognitivo e ao aumento do risco de dem\u00eancia.<\/p>\n<p><strong>Qual a rela\u00e7\u00e3o entre audi\u00e7\u00e3o e mem\u00f3ria?<\/strong><\/p>\n<p>A conex\u00e3o entre perda auditiva e dem\u00eancia est\u00e1 ligada a diferentes fatores. A dificuldade de ouvir reduz a estimula\u00e7\u00e3o cerebral, aumenta o esfor\u00e7o cognitivo e pode levar ao isolamento social \u2014 tr\u00eas elementos diretamente associados ao decl\u00ednio cognitivo.<\/p>\n<p>\u201cA perda auditiva n\u00e3o tratada pode acelerar o decl\u00ednio cognitivo, pois priva o c\u00e9rebro de est\u00edmulos essenciais e impacta diretamente a comunica\u00e7\u00e3o e a intera\u00e7\u00e3o social. O diagn\u00f3stico precoce \u00e9 fundamental para preservar a sa\u00fade mental e cognitiva\u201d, explica a fonoaudi\u00f3loga e diretora de Marketing e Produtos Latam da WSA, Gisele Munhoes dos Santos.<\/p>\n<p><strong>O que fazer ao identificar os sinais?<\/strong><\/p>\n<p>Segundo especialistas, a recomenda\u00e7\u00e3o \u00e9 buscar avalia\u00e7\u00e3o auditiva o quanto antes. O uso de aparelhos auditivos, quando indicado, pode ajudar a manter o c\u00e9rebro ativo, melhorar a comunica\u00e7\u00e3o e reduzir impactos cognitivos.<\/p>\n<p>\u201cMuitas pessoas demoram a procurar ajuda, o que pode agravar o quadro. Quanto antes houver interven\u00e7\u00e3o, maiores s\u00e3o as chances de preservar as fun\u00e7\u00f5es cognitivas ao longo do tempo\u201d, completa a especialista.<\/p>\n<p><strong>Um alerta para al\u00e9m da audi\u00e7\u00e3o<\/strong><\/p>\n<p>Com o envelhecimento da popula\u00e7\u00e3o e o aumento de casos entre adultos mais jovens, a perda auditiva passa a ser vista como um tema estrat\u00e9gico de sa\u00fade p\u00fablica.<\/p>\n<p>Cuidar da audi\u00e7\u00e3o, hoje, \u00e9 tamb\u00e9m uma forma de cuidar da mem\u00f3ria no futuro.<\/p>\n<p><em>Siga o Acorda Cidade no\u00a0<\/em><a href=\"https:\/\/news.google.com\/search?q=acorda%20cidade&amp;hl=pt-BR&amp;gl=BR&amp;ceid=BR%3Apt-419\"><strong><em>Google Not\u00edcias<\/em><\/strong><\/a><em>\u00a0e receba os principais destaques do dia. Participe tamb\u00e9m dos nossos canais no\u00a0<\/em><a href=\"https:\/\/www.whatsapp.com\/channel\/0029Va6Rb4v3WHTNnsh8WI3N\"><strong><em>WhatsApp<\/em><\/strong><\/a><em>\u00a0e\u00a0<\/em><a href=\"https:\/\/www.youtube.com\/@acordacidadenoticias\/videos\"><strong>YouTube<\/strong><\/a><em>\u00a0e grupo de\u00a0<\/em><a href=\"https:\/\/t.me\/+sSz0khrgARA0ZmRh\"><strong><em>Telegram<\/em><\/strong><\/a><em>.<\/em><\/p>\n<\/div>\n","protected":false},"excerpt":{"rendered":"<div>\n<div>\n<figure><img decoding=\"async\" src=\"https:\/\/uploads.acordacidade.com.br\/2026\/04\/audicao-ouvido-idoso-memoria-foto-divulgacao-.jpg\" alt=\"audi\u00e7\u00e3o\"><figcaption>Foto: Reprodu\u00e7\u00e3o <\/figcaption><\/figure>\n<\/div>\n<p>De acordo com a Organiza\u00e7\u00e3o Mundial da Sa\u00fade, cerca de\u00a01,5 bilh\u00e3o de pessoas vivem com algum grau de perda auditiva.<\/p><\/div>\n","protected":false},"author":1,"featured_media":128541,"comment_status":"closed","ping_status":"closed","sticky":false,"template":"","format":"gallery","meta":{"footnotes":""},"categories":[8,9,6,57,56,10],"tags":[],"class_list":["post-128540","post","type-post","status-publish","format-gallery","has-post-thumbnail","hentry","category-bahia","category-brasil","category-feira-de-santana","category-mundo","category-policia","category-politica","post_format-post-format-gallery"],"featured_image_urls":{"full":["https:\/\/noticiasbahia360.com.br\/wp-content\/uploads\/2026\/04\/audicao-ouvido-idoso-memoria-foto-divulgacao-.jpg",1200,800,false],"thumbnail":["https:\/\/noticiasbahia360.com.br\/wp-content\/uploads\/2026\/04\/audicao-ouvido-idoso-memoria-foto-divulgacao--150x150.jpg",150,150,true],"medium":["https:\/\/noticiasbahia360.com.br\/wp-content\/uploads\/2026\/04\/audicao-ouvido-idoso-memoria-foto-divulgacao--300x200.jpg",300,200,true],"medium_large":["https:\/\/noticiasbahia360.com.br\/wp-content\/uploads\/2026\/04\/audicao-ouvido-idoso-memoria-foto-divulgacao--768x512.jpg",640,427,true],"large":["https:\/\/noticiasbahia360.com.br\/wp-content\/uploads\/2026\/04\/audicao-ouvido-idoso-memoria-foto-divulgacao--1024x683.jpg",640,427,true],"1536x1536":["https:\/\/noticiasbahia360.com.br\/wp-content\/uploads\/2026\/04\/audicao-ouvido-idoso-memoria-foto-divulgacao-.jpg",1200,800,false],"2048x2048":["https:\/\/noticiasbahia360.com.br\/wp-content\/uploads\/2026\/04\/audicao-ouvido-idoso-memoria-foto-divulgacao-.jpg",1200,800,false],"chromenews-featured":["https:\/\/noticiasbahia360.com.br\/wp-content\/uploads\/2026\/04\/audicao-ouvido-idoso-memoria-foto-divulgacao--1024x683.jpg",1024,683,true],"chromenews-large":["https:\/\/noticiasbahia360.com.br\/wp-content\/uploads\/2026\/04\/audicao-ouvido-idoso-memoria-foto-divulgacao--825x575.jpg",825,575,true],"chromenews-medium":["https:\/\/noticiasbahia360.com.br\/wp-content\/uploads\/2026\/04\/audicao-ouvido-idoso-memoria-foto-divulgacao--590x410.jpg",590,410,true]},"author_info":{"display_name":"noticiasbahia360.com.br","author_link":"https:\/\/noticiasbahia360.com.br\/?author=1"},"category_info":"<a href=\"https:\/\/noticiasbahia360.com.br\/?cat=8\" rel=\"category\">Bahia<\/a> <a href=\"https:\/\/noticiasbahia360.com.br\/?cat=9\" rel=\"category\">Brasil<\/a> <a href=\"https:\/\/noticiasbahia360.com.br\/?cat=6\" rel=\"category\">Feira de Santana<\/a> <a href=\"https:\/\/noticiasbahia360.com.br\/?cat=57\" rel=\"category\">Mundo<\/a> <a href=\"https:\/\/noticiasbahia360.com.br\/?cat=56\" rel=\"category\">Pol\u00edcia<\/a> <a href=\"https:\/\/noticiasbahia360.com.br\/?cat=10\" rel=\"category\">Pol\u00edtica<\/a>","tag_info":"Pol\u00edtica","comment_count":"0","_links":{"self":[{"href":"https:\/\/noticiasbahia360.com.br\/index.php?rest_route=\/wp\/v2\/posts\/128540","targetHints":{"allow":["GET"]}}],"collection":[{"href":"https:\/\/noticiasbahia360.com.br\/index.php?rest_route=\/wp\/v2\/posts"}],"about":[{"href":"https:\/\/noticiasbahia360.com.br\/index.php?rest_route=\/wp\/v2\/types\/post"}],"author":[{"embeddable":true,"href":"https:\/\/noticiasbahia360.com.br\/index.php?rest_route=\/wp\/v2\/users\/1"}],"replies":[{"embeddable":true,"href":"https:\/\/noticiasbahia360.com.br\/index.php?rest_route=%2Fwp%2Fv2%2Fcomments&post=128540"}],"version-history":[{"count":0,"href":"https:\/\/noticiasbahia360.com.br\/index.php?rest_route=\/wp\/v2\/posts\/128540\/revisions"}],"wp:featuredmedia":[{"embeddable":true,"href":"https:\/\/noticiasbahia360.com.br\/index.php?rest_route=\/wp\/v2\/media\/128541"}],"wp:attachment":[{"href":"https:\/\/noticiasbahia360.com.br\/index.php?rest_route=%2Fwp%2Fv2%2Fmedia&parent=128540"}],"wp:term":[{"taxonomy":"category","embeddable":true,"href":"https:\/\/noticiasbahia360.com.br\/index.php?rest_route=%2Fwp%2Fv2%2Fcategories&post=128540"},{"taxonomy":"post_tag","embeddable":true,"href":"https:\/\/noticiasbahia360.com.br\/index.php?rest_route=%2Fwp%2Fv2%2Ftags&post=128540"}],"curies":[{"name":"wp","href":"https:\/\/api.w.org\/{rel}","templated":true}]}}