{"id":128542,"date":"2026-04-27T15:15:59","date_gmt":"2026-04-27T18:15:59","guid":{"rendered":"https:\/\/noticiasbahia360.com.br\/?p=128542"},"modified":"2026-04-27T15:15:59","modified_gmt":"2026-04-27T18:15:59","slug":"super-game-con-2026-ja-tem-data-confirmada-e-anuncia-presenca-de-dublador-do-superman","status":"publish","type":"post","link":"https:\/\/noticiasbahia360.com.br\/?p=128542","title":{"rendered":"Super Game-Con 2026 j\u00e1 tem data confirmada e anuncia presen\u00e7a de dublador do Superman"},"content":{"rendered":"<div>\n<div>\n<figure><img decoding=\"async\" src=\"http:\/\/noticiasbahia360.com.br\/wp-content\/uploads\/2026\/04\/super-game-con.jpg\" alt=\"Super Game-Con 2026 j\u00e1 tem data confirmada e anuncia presen\u00e7a de dublador do Superman\"><figcaption>Divulga\u00e7\u00e3o<\/figcaption><\/figure>\n<\/div>\n<p>A nova edi\u00e7\u00e3o da Super Game-Con j\u00e1 tem data definida: o evento acontece nos dias 18 e 19 de julho, no Centro de Conven\u00e7\u00f5es de Feira de Santana. Consolidada como uma das principais iniciativas de cultura pop do interior da Bahia, a conven\u00e7\u00e3o deve reunir f\u00e3s de games, quadrinhos, cinema e tecnologia.<\/p>\n<p>Entre os primeiros nomes confirmados est\u00e1 o ator e dublador Guilherme Briggs, conhecido por dar voz a personagens ic\u00f4nicos e conhecidos como Optimus Prime, Superman e Rei Julien. Esta ser\u00e1 a primeira vez que o <a href=\"https:\/\/www.acordacidade.com.br\/tag\/artista\/\" type=\"post_tag\" id=\"41913\">artista<\/a> participa de um evento do tipo em Feira de Santana.<\/p>\n<figure class=\"wp-block-embed is-type-rich is-provider-instagram wp-block-embed-instagram\">\n<div class=\"wp-block-embed__wrapper\"><iframe title=\"Instagram frame\" loading=\"lazy\" height=\"628\" class=\"instagram-embed-iframe\" src=\"https:\/\/www.instagram.com\/p\/DXHoBpAiTmP\/embed\/\" allowtransparency=\"true\" frameborder=\"0\" scrolling=\"no\" onload=\"(function(o){window.instagramIframe = window.instagramIframe || []; window.instagramIframe.push(o);})(this)\" style=\"border: 0px; margin: 0 auto; max-width: 658px; width: calc(100% - 2px); border-radius: 4px; box-shadow: rgba(0, 0, 0, 0.498039) 0px 0px 1px 0px, rgba(0, 0, 0, 0.14902) 0px 1px 10px 0px; display: block; padding: 0px; background: rgb(255, 255, 255);\"><\/iframe><\/div>\n<\/figure>\n<p>De acordo com a organiza\u00e7\u00e3o, <a href=\"https:\/\/www.sympla.com.br\/evento\/super-game-con-2026\/3393283?referrer=allmylinks.com&amp;referrer=allmylinks.com\" type=\"link\" id=\"https:\/\/www.sympla.com.br\/evento\/super-game-con-2026\/3393283?referrer=allmylinks.com&amp;referrer=allmylinks.com\">os ingressos promocionais j\u00e1 est\u00e3o dispon\u00edveis<\/a>, com quantidade limitada. A expectativa \u00e9 de que a edi\u00e7\u00e3o de 2026 seja a maior j\u00e1 realizada, com atra\u00e7\u00f5es nacionais e uma estrutura ampliada.<\/p>\n<p>A programa\u00e7\u00e3o completa ainda ser\u00e1 divulgada nos pr\u00f3ximos meses.<\/p>\n<p><em>Siga o Acorda Cidade no<\/em><a href=\"https:\/\/news.google.com\/search?q=acorda%20cidade&amp;hl=pt-BR&amp;gl=BR&amp;ceid=BR%3Apt-419\"><strong><em>\u00a0Google Not\u00edcias<\/em><\/strong><\/a><em>\u00a0e receba os principais destaques do dia. Participe tamb\u00e9m dos nossos canais no\u00a0<\/em><a href=\"https:\/\/www.whatsapp.com\/channel\/0029Va6Rb4v3WHTNnsh8WI3N\"><strong><em>WhatsApp<\/em><\/strong><\/a><em>\u00a0e\u00a0<\/em><a href=\"https:\/\/www.youtube.com\/@acordacidadenoticias\/videos\"><strong>Youtube<\/strong><\/a><em>\u00a0e grupo de\u00a0<\/em><a href=\"https:\/\/t.me\/+sSz0khrgARA0ZmRh\"><strong><em>Telegram<\/em><\/strong><\/a><em>.<\/em><\/p>\n<\/div>\n","protected":false},"excerpt":{"rendered":"<div>\n<div>\n<figure><img decoding=\"async\" src=\"https:\/\/uploads.acordacidade.com.br\/2026\/04\/super-game-con.jpg\" alt=\"Super Game-Con 2026 j\u00e1 tem data confirmada e anuncia presen\u00e7a de dublador do Superman\"><figcaption>Divulga\u00e7\u00e3o<\/figcaption><\/figure>\n<\/div>\n<p>Evento de cultura geek ser\u00e1 realizado em julho, em Feira de Santana, e promete a maior edi\u00e7\u00e3o j\u00e1 feita.<\/p><\/div>\n","protected":false},"author":1,"featured_media":128543,"comment_status":"closed","ping_status":"closed","sticky":false,"template":"","format":"gallery","meta":{"footnotes":""},"categories":[8,9,6,57,56,10],"tags":[],"class_list":["post-128542","post","type-post","status-publish","format-gallery","has-post-thumbnail","hentry","category-bahia","category-brasil","category-feira-de-santana","category-mundo","category-policia","category-politica","post_format-post-format-gallery"],"featured_image_urls":{"full":["https:\/\/noticiasbahia360.com.br\/wp-content\/uploads\/2026\/04\/super-game-con.jpg",1200,1103,false],"thumbnail":["https:\/\/noticiasbahia360.com.br\/wp-content\/uploads\/2026\/04\/super-game-con-150x150.jpg",150,150,true],"medium":["https:\/\/noticiasbahia360.com.br\/wp-content\/uploads\/2026\/04\/super-game-con-300x276.jpg",300,276,true],"medium_large":["https:\/\/noticiasbahia360.com.br\/wp-content\/uploads\/2026\/04\/super-game-con-768x706.jpg",640,588,true],"large":["https:\/\/noticiasbahia360.com.br\/wp-content\/uploads\/2026\/04\/super-game-con-1024x941.jpg",640,588,true],"1536x1536":["https:\/\/noticiasbahia360.com.br\/wp-content\/uploads\/2026\/04\/super-game-con.jpg",1200,1103,false],"2048x2048":["https:\/\/noticiasbahia360.com.br\/wp-content\/uploads\/2026\/04\/super-game-con.jpg",1200,1103,false],"chromenews-featured":["https:\/\/noticiasbahia360.com.br\/wp-content\/uploads\/2026\/04\/super-game-con-1024x941.jpg",1024,941,true],"chromenews-large":["https:\/\/noticiasbahia360.com.br\/wp-content\/uploads\/2026\/04\/super-game-con-825x575.jpg",825,575,true],"chromenews-medium":["https:\/\/noticiasbahia360.com.br\/wp-content\/uploads\/2026\/04\/super-game-con-590x410.jpg",590,410,true]},"author_info":{"display_name":"noticiasbahia360.com.br","author_link":"https:\/\/noticiasbahia360.com.br\/?author=1"},"category_info":"<a href=\"https:\/\/noticiasbahia360.com.br\/?cat=8\" rel=\"category\">Bahia<\/a> <a href=\"https:\/\/noticiasbahia360.com.br\/?cat=9\" rel=\"category\">Brasil<\/a> <a href=\"https:\/\/noticiasbahia360.com.br\/?cat=6\" rel=\"category\">Feira de Santana<\/a> <a href=\"https:\/\/noticiasbahia360.com.br\/?cat=57\" rel=\"category\">Mundo<\/a> <a href=\"https:\/\/noticiasbahia360.com.br\/?cat=56\" rel=\"category\">Pol\u00edcia<\/a> <a href=\"https:\/\/noticiasbahia360.com.br\/?cat=10\" rel=\"category\">Pol\u00edtica<\/a>","tag_info":"Pol\u00edtica","comment_count":"0","_links":{"self":[{"href":"https:\/\/noticiasbahia360.com.br\/index.php?rest_route=\/wp\/v2\/posts\/128542","targetHints":{"allow":["GET"]}}],"collection":[{"href":"https:\/\/noticiasbahia360.com.br\/index.php?rest_route=\/wp\/v2\/posts"}],"about":[{"href":"https:\/\/noticiasbahia360.com.br\/index.php?rest_route=\/wp\/v2\/types\/post"}],"author":[{"embeddable":true,"href":"https:\/\/noticiasbahia360.com.br\/index.php?rest_route=\/wp\/v2\/users\/1"}],"replies":[{"embeddable":true,"href":"https:\/\/noticiasbahia360.com.br\/index.php?rest_route=%2Fwp%2Fv2%2Fcomments&post=128542"}],"version-history":[{"count":0,"href":"https:\/\/noticiasbahia360.com.br\/index.php?rest_route=\/wp\/v2\/posts\/128542\/revisions"}],"wp:featuredmedia":[{"embeddable":true,"href":"https:\/\/noticiasbahia360.com.br\/index.php?rest_route=\/wp\/v2\/media\/128543"}],"wp:attachment":[{"href":"https:\/\/noticiasbahia360.com.br\/index.php?rest_route=%2Fwp%2Fv2%2Fmedia&parent=128542"}],"wp:term":[{"taxonomy":"category","embeddable":true,"href":"https:\/\/noticiasbahia360.com.br\/index.php?rest_route=%2Fwp%2Fv2%2Fcategories&post=128542"},{"taxonomy":"post_tag","embeddable":true,"href":"https:\/\/noticiasbahia360.com.br\/index.php?rest_route=%2Fwp%2Fv2%2Ftags&post=128542"}],"curies":[{"name":"wp","href":"https:\/\/api.w.org\/{rel}","templated":true}]}}