{"id":128546,"date":"2026-04-27T15:26:00","date_gmt":"2026-04-27T18:26:00","guid":{"rendered":"https:\/\/noticiasbahia360.com.br\/?p=128546"},"modified":"2026-04-27T15:26:00","modified_gmt":"2026-04-27T18:26:00","slug":"alba-celebra-os-81-anos-do-sinjorba-nesta-quarta-29","status":"publish","type":"post","link":"https:\/\/noticiasbahia360.com.br\/?p=128546","title":{"rendered":"ALBA celebra os 81 anos do Sinjorba nesta quarta (29)"},"content":{"rendered":"<div>\n<div>\n<figure><img decoding=\"async\" src=\"http:\/\/noticiasbahia360.com.br\/wp-content\/uploads\/2026\/04\/jornalismo-freepik.jpg\" alt=\"jornalismo freepik\"><figcaption>Foto: Freepik<\/figcaption><\/figure>\n<\/div>\n<p>A Assembleia Legislativa da Bahia (ALBA) realiza nesta quarta-feira (29), \u00e0s 9h30, no Plenarinho da Casa, um ato comemorativo pelos 81 anos do Sindicato dos Jornalistas Profissionais no Estado da Bahia (Sinjorba). A homenagem foi proposta pelo deputado estadual Robinson Almeida (PT), que destaca a trajet\u00f3ria hist\u00f3rica da entidade na defesa da categoria, da liberdade de imprensa e da democracia baiana.<\/p>\n<p>Fundado h\u00e1 mais de oito d\u00e9cadas, o Sinjorba \u00e9 uma das entidades representativas mais tradicionais do Brasil, com atua\u00e7\u00e3o marcada pela luta por melhores condi\u00e7\u00f5es de trabalho, valoriza\u00e7\u00e3o profissional, direitos trabalhistas e fortalecimento do jornalismo \u00e9tico, profissional e comprometido com o interesse p\u00fablico.<\/p>\n<p>Para Robinson Almeida, celebrar os 81 anos do sindicato \u00e9 reconhecer a import\u00e2ncia de uma institui\u00e7\u00e3o que ajudou a consolidar avan\u00e7os para os jornalistas baianos e contribuiu diretamente para o fortalecimento democr\u00e1tico da sociedade.<\/p>\n<figure class=\"wp-block-image size-full is-resized\"><img fetchpriority=\"high\" fetchpriority=\"high\" decoding=\"async\" width=\"640\" height=\"436\" src=\"http:\/\/noticiasbahia360.com.br\/wp-content\/uploads\/2026\/04\/deputado-Robinson-Almeida-PT-ftascom.jpg\" alt=\"deputado Robinson Almeida (PT ftascom\" class=\"wp-image-345638\" style=\"width:835px;height:auto\" srcset=\"http:\/\/noticiasbahia360.com.br\/wp-content\/uploads\/2026\/04\/deputado-Robinson-Almeida-PT-ftascom.jpg 640w, https:\/\/www.acordacidade.com.br\/wp-content\/uploads\/2023\/12\/17090102\/deputado-Robinson-Almeida-PT-ftascom-300x204.jpg 300w\" sizes=\"(max-width: 640px) 100vw, 640px\"><figcaption class=\"wp-element-caption\">Foto: Ascom<\/figcaption><\/figure>\n<p>\u201cO Sinjorba tem uma hist\u00f3ria de coragem, resist\u00eancia e compromisso com a classe trabalhadora da informa\u00e7\u00e3o. Ao longo de 81 anos, o sindicato esteve presente nas principais lutas em defesa da categoria, da liberdade de imprensa e da democracia. Essa homenagem da Assembleia \u00e9 um reconhecimento justo \u00e0 sua trajet\u00f3ria e \u00e0 relev\u00e2ncia social do jornalismo para a Bahia\u201d, afirmou o parlamentar, que foi secret\u00e1rio de Comunica\u00e7\u00e3o nos Governos Jaques Wagner (PT).<\/p>\n<p>O deputado ressaltou ainda que o trabalho dos jornalistas \u00e9 essencial para a cidadania, para a transpar\u00eancia p\u00fablica e para o desenvolvimento socioecon\u00f4mico do estado, ao garantir que informa\u00e7\u00f5es de interesse coletivo cheguem \u00e0 popula\u00e7\u00e3o com responsabilidade e credibilidade.<\/p>\n<p>\u201cO jornalismo cumpre uma fun\u00e7\u00e3o estrat\u00e9gica para a sociedade. \u00c9 por meio dele que a popula\u00e7\u00e3o acompanha o dia a dia da sua cidade, as decis\u00f5es pol\u00edticas, fiscaliza o poder p\u00fablico, conhece seus direitos e participa de forma mais consciente da vida democr\u00e1tica. Valorizar os jornalistas \u00e9 valorizar a cidadania e o desenvolvimento da Bahia\u201d, disse Robinson.<\/p>\n<p>Na avalia\u00e7\u00e3o do parlamentar, em um cen\u00e1rio marcado pela circula\u00e7\u00e3o de desinforma\u00e7\u00e3o nas redes sociais, o fortalecimento do jornalismo profissional tornou-se ainda mais necess\u00e1rio.<\/p>\n<p>\u201cVivemos tempos em que as fake news tentam confundir a sociedade e fragilizar as institui\u00e7\u00f5es. Por isso, defender o jornalismo s\u00e9rio, profissional, respons\u00e1vel e baseado em fatos \u00e9 defender a democracia. O Sinjorba tem papel fundamental nessa miss\u00e3o, ao representar os profissionais e incentivar a \u00e9tica na comunica\u00e7\u00e3o\u201d, completou.<\/p>\n<p>O ato comemorativo reunir\u00e1 jornalistas, dirigentes sindicais, autoridades e representantes da sociedade civil em celebra\u00e7\u00e3o \u00e0 hist\u00f3ria da entidade e ao papel transformador da imprensa na Bahia. A atividade \u00e9 aberta ao p\u00fablico.<\/p>\n<p><em>Siga o Acorda Cidade no\u00a0<\/em><a href=\"https:\/\/news.google.com\/search?q=acorda%20cidade&amp;hl=pt-BR&amp;gl=BR&amp;ceid=BR%3Apt-419\"><strong><em>Google Not\u00edcias<\/em><\/strong><\/a><em>\u00a0e receba os principais destaques do dia. Participe tamb\u00e9m dos nossos canais no\u00a0<\/em><a href=\"https:\/\/www.whatsapp.com\/channel\/0029Va6Rb4v3WHTNnsh8WI3N\"><strong><em>WhatsApp<\/em><\/strong><\/a><em>\u00a0e\u00a0<\/em><a href=\"https:\/\/www.youtube.com\/@acordacidadenoticias\/videos\"><strong>YouTube<\/strong><\/a><em>\u00a0e grupo de\u00a0<\/em><a href=\"https:\/\/t.me\/+sSz0khrgARA0ZmRh\"><strong><em>Telegram<\/em><\/strong><\/a><em>.<\/em><\/p>\n<\/div>\n","protected":false},"excerpt":{"rendered":"<div>\n<div>\n<figure><img decoding=\"async\" src=\"https:\/\/www.acordacidade.com.br\/wp-content\/uploads\/2023\/10\/19083152\/jornalismo-freepik.jpg\" alt=\"jornalismo freepik\"><figcaption>Foto: Freepik<\/figcaption><\/figure>\n<\/div>\n<p>A homenagem foi proposta pelo deputado estadual Robinson Almeida (PT), que destaca a trajet\u00f3ria hist\u00f3rica da entidade<\/p><\/div>\n","protected":false},"author":1,"featured_media":128547,"comment_status":"closed","ping_status":"closed","sticky":false,"template":"","format":"gallery","meta":{"footnotes":""},"categories":[8,9,6,57,56,10],"tags":[],"class_list":["post-128546","post","type-post","status-publish","format-gallery","has-post-thumbnail","hentry","category-bahia","category-brasil","category-feira-de-santana","category-mundo","category-policia","category-politica","post_format-post-format-gallery"],"featured_image_urls":{"full":["https:\/\/noticiasbahia360.com.br\/wp-content\/uploads\/2026\/04\/jornalismo-freepik.jpg",640,401,false],"thumbnail":["https:\/\/noticiasbahia360.com.br\/wp-content\/uploads\/2026\/04\/jornalismo-freepik-150x150.jpg",150,150,true],"medium":["https:\/\/noticiasbahia360.com.br\/wp-content\/uploads\/2026\/04\/jornalismo-freepik-300x188.jpg",300,188,true],"medium_large":["https:\/\/noticiasbahia360.com.br\/wp-content\/uploads\/2026\/04\/jornalismo-freepik.jpg",640,401,false],"large":["https:\/\/noticiasbahia360.com.br\/wp-content\/uploads\/2026\/04\/jornalismo-freepik.jpg",640,401,false],"1536x1536":["https:\/\/noticiasbahia360.com.br\/wp-content\/uploads\/2026\/04\/jornalismo-freepik.jpg",640,401,false],"2048x2048":["https:\/\/noticiasbahia360.com.br\/wp-content\/uploads\/2026\/04\/jornalismo-freepik.jpg",640,401,false],"chromenews-featured":["https:\/\/noticiasbahia360.com.br\/wp-content\/uploads\/2026\/04\/jornalismo-freepik.jpg",640,401,false],"chromenews-large":["https:\/\/noticiasbahia360.com.br\/wp-content\/uploads\/2026\/04\/jornalismo-freepik.jpg",640,401,false],"chromenews-medium":["https:\/\/noticiasbahia360.com.br\/wp-content\/uploads\/2026\/04\/jornalismo-freepik-590x401.jpg",590,401,true]},"author_info":{"display_name":"noticiasbahia360.com.br","author_link":"https:\/\/noticiasbahia360.com.br\/?author=1"},"category_info":"<a href=\"https:\/\/noticiasbahia360.com.br\/?cat=8\" rel=\"category\">Bahia<\/a> <a href=\"https:\/\/noticiasbahia360.com.br\/?cat=9\" rel=\"category\">Brasil<\/a> <a href=\"https:\/\/noticiasbahia360.com.br\/?cat=6\" rel=\"category\">Feira de Santana<\/a> <a href=\"https:\/\/noticiasbahia360.com.br\/?cat=57\" rel=\"category\">Mundo<\/a> <a href=\"https:\/\/noticiasbahia360.com.br\/?cat=56\" rel=\"category\">Pol\u00edcia<\/a> <a href=\"https:\/\/noticiasbahia360.com.br\/?cat=10\" rel=\"category\">Pol\u00edtica<\/a>","tag_info":"Pol\u00edtica","comment_count":"0","_links":{"self":[{"href":"https:\/\/noticiasbahia360.com.br\/index.php?rest_route=\/wp\/v2\/posts\/128546","targetHints":{"allow":["GET"]}}],"collection":[{"href":"https:\/\/noticiasbahia360.com.br\/index.php?rest_route=\/wp\/v2\/posts"}],"about":[{"href":"https:\/\/noticiasbahia360.com.br\/index.php?rest_route=\/wp\/v2\/types\/post"}],"author":[{"embeddable":true,"href":"https:\/\/noticiasbahia360.com.br\/index.php?rest_route=\/wp\/v2\/users\/1"}],"replies":[{"embeddable":true,"href":"https:\/\/noticiasbahia360.com.br\/index.php?rest_route=%2Fwp%2Fv2%2Fcomments&post=128546"}],"version-history":[{"count":0,"href":"https:\/\/noticiasbahia360.com.br\/index.php?rest_route=\/wp\/v2\/posts\/128546\/revisions"}],"wp:featuredmedia":[{"embeddable":true,"href":"https:\/\/noticiasbahia360.com.br\/index.php?rest_route=\/wp\/v2\/media\/128547"}],"wp:attachment":[{"href":"https:\/\/noticiasbahia360.com.br\/index.php?rest_route=%2Fwp%2Fv2%2Fmedia&parent=128546"}],"wp:term":[{"taxonomy":"category","embeddable":true,"href":"https:\/\/noticiasbahia360.com.br\/index.php?rest_route=%2Fwp%2Fv2%2Fcategories&post=128546"},{"taxonomy":"post_tag","embeddable":true,"href":"https:\/\/noticiasbahia360.com.br\/index.php?rest_route=%2Fwp%2Fv2%2Ftags&post=128546"}],"curies":[{"name":"wp","href":"https:\/\/api.w.org\/{rel}","templated":true}]}}