{"id":128551,"date":"2026-04-27T15:30:54","date_gmt":"2026-04-27T18:30:54","guid":{"rendered":"https:\/\/noticiasbahia360.com.br\/?p=128551"},"modified":"2026-04-27T15:30:54","modified_gmt":"2026-04-27T18:30:54","slug":"rotina-jovens-aumentam-habito-de-cozinhar-em-casa","status":"publish","type":"post","link":"https:\/\/noticiasbahia360.com.br\/?p=128551","title":{"rendered":"Rotina: jovens aumentam h\u00e1bito de cozinhar em casa"},"content":{"rendered":"<div>\n<div>\n<figure><img decoding=\"async\" src=\"http:\/\/noticiasbahia360.com.br\/wp-content\/uploads\/2026\/04\/Jovem-cozinhando-em-casa-.webp\" alt=\"Rotina: jovens aumentam h\u00e1bito de cozinhar em casa\"><figcaption>Foto: Moyo Studio \/ iStock<\/figcaption><\/figure>\n<\/div>\n<p>Cozinhar em casa tem se consolidado como um h\u00e1bito entre jovens adultos no Brasil. A pr\u00e1tica ganha for\u00e7a ao combinar economia e maior controle sobre a alimenta\u00e7\u00e3o, em meio a mudan\u00e7as no custo de vida e no comportamento de consumo. A rotina na cozinha, antes associada \u00e0 necessidade, passa a integrar escolhas mais conscientes no cotidiano.<\/p>\n<p>Esse movimento tamb\u00e9m se conecta a uma busca maior por autonomia e organiza\u00e7\u00e3o da rotina. Preparar as pr\u00f3prias refei\u00e7\u00f5es permite maior previsibilidade no dia a dia e favorece escolhas alinhadas ao estilo de vida de cada pessoa. Com isso, a cozinha passa a ocupar um papel mais ativo na constru\u00e7\u00e3o de h\u00e1bitos alimentares e financeiros mais equilibrados.<\/p>\n<p><strong>Economia impulsiona novos h\u00e1bitos<\/strong><\/p>\n<p>A prepara\u00e7\u00e3o de refei\u00e7\u00f5es em casa tem sido vista como uma estrat\u00e9gia eficiente para reduzir gastos recorrentes. Em compara\u00e7\u00e3o com pedidos por delivery ou refei\u00e7\u00f5es fora, cozinhar permite maior previsibilidade no or\u00e7amento mensal. Esse fator tem peso relevante para jovens em in\u00edcio de carreira ou em fase de organiza\u00e7\u00e3o financeira.<\/p>\n<p>Al\u00e9m disso, o planejamento semanal de refei\u00e7\u00f5es contribui para evitar desperd\u00edcios. A compra mais racional de ingredientes e o reaproveitamento de alimentos fortalecem a l\u00f3gica de economia dom\u00e9stica, alinhada a um estilo de vida mais sustent\u00e1vel e consciente.<\/p>\n<p><strong>Redescoberta da cozinha como rotina<\/strong><\/p>\n<p>A rela\u00e7\u00e3o com a cozinha tamb\u00e9m passa por uma mudan\u00e7a de percep\u00e7\u00e3o. O preparo das refei\u00e7\u00f5es deixa de ser encarado como uma tarefa e passa a integrar a rotina de forma mais fluida. Em vez de longos per\u00edodos dedicados ao preparo, ganham espa\u00e7o receitas r\u00e1pidas, organiza\u00e7\u00e3o pr\u00e9via de ingredientes e divis\u00e3o das etapas ao longo da semana.<\/p>\n<p>Esse novo olhar torna o preparo menos desgastante e mais compat\u00edvel com a rotina. A cozinha se adapta \u00e0 din\u00e2mica contempor\u00e2nea, com foco em efici\u00eancia, sem abrir m\u00e3o da qualidade. Receitas tradicionais tamb\u00e9m ganham releituras mais acess\u00edveis, como o <a href=\"https:\/\/www.saboresajinomoto.com.br\/receita\/escondidinho-com-carne-seca\" target=\"_blank\" rel=\"noreferrer noopener\"><strong>escondidinho de carne seca<\/strong><\/a>, que pode ser adaptado para vers\u00f5es mais pr\u00e1ticas, embora ainda exija um tempo de preparo maior e seja mais indicado para momentos com maior disponibilidade na cozinha.<\/p>\n<p>Outro ponto relevante \u00e9 o acesso ampliado \u00e0 informa\u00e7\u00e3o. Plataformas digitais, redes sociais e conte\u00fados especializados facilitam o aprendizado e estimulam a experimenta\u00e7\u00e3o. T\u00e9cnicas de cozinha antes consideradas complexas tornam-se mais acess\u00edveis, incentivando a diversifica\u00e7\u00e3o do card\u00e1pio e reduzindo a depend\u00eancia de solu\u00e7\u00f5es prontas.<\/p>\n<p><strong>Sa\u00fade e bem-estar no centro das escolhas<\/strong><\/p>\n<p>Al\u00e9m da economia, a preocupa\u00e7\u00e3o com a sa\u00fade tem papel determinante na consolida\u00e7\u00e3o desse h\u00e1bito entre diferentes perfis de consumidores. Preparar a pr\u00f3pria comida permite maior controle sobre ingredientes, por\u00e7\u00f5es e m\u00e9todos de preparo, o que impacta diretamente a qualidade da alimenta\u00e7\u00e3o.<\/p>\n<p>A possibilidade de evitar ultraprocessados, reduzir o consumo de s\u00f3dio e a\u00e7\u00facar e priorizar alimentos frescos refor\u00e7a a percep\u00e7\u00e3o de bem-estar associada \u00e0 pr\u00e1tica. Esse movimento dialoga com uma tend\u00eancia mais ampla de valoriza\u00e7\u00e3o de rotinas equilibradas e sustent\u00e1veis em longo prazo.<\/p>\n<p>Nesse cen\u00e1rio, cozinhar tamb\u00e9m se associa a aspectos emocionais. O preparo das refei\u00e7\u00f5es pode funcionar como momento de pausa e reconex\u00e3o em meio \u00e0 rotina acelerada, contribuindo para a redu\u00e7\u00e3o do estresse e para a constru\u00e7\u00e3o de uma rela\u00e7\u00e3o mais consciente com o alimento.<\/p>\n<p><strong>Praticidade orienta o consumo<\/strong><\/p>\n<p>A consolida\u00e7\u00e3o desse comportamento n\u00e3o elimina a busca por conveni\u00eancia, mas redefine suas formas no cotidiano. Produtos semiprontos, ingredientes pr\u00e9-higienizados e solu\u00e7\u00f5es que otimizam o tempo ganham espa\u00e7o, desde que conciliem praticidade e qualidade nutricional.<\/p>\n<p>Esse equil\u00edbrio entre agilidade e controle reflete uma mudan\u00e7a mais ampla no consumo: a valoriza\u00e7\u00e3o de escolhas que entreguem efici\u00eancia sem comprometer a sa\u00fade ou o or\u00e7amento. Assim, a cozinha dom\u00e9stica se reposiciona como um espa\u00e7o estrat\u00e9gico na gest\u00e3o do dia a dia, alinhando economia, bem-estar e autonomia.<\/p>\n<p><em>Siga o Acorda Cidade no\u00a0<\/em><a href=\"https:\/\/news.google.com\/search?q=acorda%20cidade&amp;hl=pt-BR&amp;gl=BR&amp;ceid=BR%3Apt-419\"><strong><em>Google Not\u00edcias<\/em><\/strong><\/a><em>\u00a0e receba os principais destaques do dia. Participe tamb\u00e9m dos nossos canais no\u00a0<\/em><a href=\"https:\/\/www.whatsapp.com\/channel\/0029Va6Rb4v3WHTNnsh8WI3N\"><strong><em>WhatsApp<\/em><\/strong><\/a><em>\u00a0e\u00a0<\/em><a href=\"https:\/\/www.youtube.com\/@acordacidadenoticias\/videos\"><strong>YouTube<\/strong><\/a><em>e do grupo no\u00a0<\/em><a href=\"https:\/\/t.me\/+sSz0khrgARA0ZmRh\"><strong><em>Telegram<\/em><\/strong><\/a><em>.<\/em><\/p>\n<\/div>\n","protected":false},"excerpt":{"rendered":"<div>\n<div>\n<figure><img decoding=\"async\" src=\"https:\/\/uploads.acordacidade.com.br\/2026\/04\/Jovem-cozinhando-em-casa-.webp\" alt=\"Rotina: jovens aumentam h\u00e1bito de cozinhar em casa\"><figcaption>Foto: Moyo Studio \/ iStock<\/figcaption><\/figure>\n<\/div>\n<p>A rotina na cozinha, antes associada \u00e0 necessidade, passa a integrar escolhas mais conscientes no cotidiano.<\/p><\/div>\n","protected":false},"author":1,"featured_media":128552,"comment_status":"closed","ping_status":"closed","sticky":false,"template":"","format":"gallery","meta":{"footnotes":""},"categories":[8,9,6,57,56,10],"tags":[],"class_list":["post-128551","post","type-post","status-publish","format-gallery","has-post-thumbnail","hentry","category-bahia","category-brasil","category-feira-de-santana","category-mundo","category-policia","category-politica","post_format-post-format-gallery"],"featured_image_urls":{"full":["https:\/\/noticiasbahia360.com.br\/wp-content\/uploads\/2026\/04\/Jovem-cozinhando-em-casa-.webp",1200,800,false],"thumbnail":["https:\/\/noticiasbahia360.com.br\/wp-content\/uploads\/2026\/04\/Jovem-cozinhando-em-casa--150x150.webp",150,150,true],"medium":["https:\/\/noticiasbahia360.com.br\/wp-content\/uploads\/2026\/04\/Jovem-cozinhando-em-casa--300x200.webp",300,200,true],"medium_large":["https:\/\/noticiasbahia360.com.br\/wp-content\/uploads\/2026\/04\/Jovem-cozinhando-em-casa--768x512.webp",640,427,true],"large":["https:\/\/noticiasbahia360.com.br\/wp-content\/uploads\/2026\/04\/Jovem-cozinhando-em-casa--1024x683.webp",640,427,true],"1536x1536":["https:\/\/noticiasbahia360.com.br\/wp-content\/uploads\/2026\/04\/Jovem-cozinhando-em-casa-.webp",1200,800,false],"2048x2048":["https:\/\/noticiasbahia360.com.br\/wp-content\/uploads\/2026\/04\/Jovem-cozinhando-em-casa-.webp",1200,800,false],"chromenews-featured":["https:\/\/noticiasbahia360.com.br\/wp-content\/uploads\/2026\/04\/Jovem-cozinhando-em-casa--1024x683.webp",1024,683,true],"chromenews-large":["https:\/\/noticiasbahia360.com.br\/wp-content\/uploads\/2026\/04\/Jovem-cozinhando-em-casa--825x575.webp",825,575,true],"chromenews-medium":["https:\/\/noticiasbahia360.com.br\/wp-content\/uploads\/2026\/04\/Jovem-cozinhando-em-casa--590x410.webp",590,410,true]},"author_info":{"display_name":"noticiasbahia360.com.br","author_link":"https:\/\/noticiasbahia360.com.br\/?author=1"},"category_info":"<a href=\"https:\/\/noticiasbahia360.com.br\/?cat=8\" rel=\"category\">Bahia<\/a> <a href=\"https:\/\/noticiasbahia360.com.br\/?cat=9\" rel=\"category\">Brasil<\/a> <a href=\"https:\/\/noticiasbahia360.com.br\/?cat=6\" rel=\"category\">Feira de Santana<\/a> <a href=\"https:\/\/noticiasbahia360.com.br\/?cat=57\" rel=\"category\">Mundo<\/a> <a href=\"https:\/\/noticiasbahia360.com.br\/?cat=56\" rel=\"category\">Pol\u00edcia<\/a> <a href=\"https:\/\/noticiasbahia360.com.br\/?cat=10\" rel=\"category\">Pol\u00edtica<\/a>","tag_info":"Pol\u00edtica","comment_count":"0","_links":{"self":[{"href":"https:\/\/noticiasbahia360.com.br\/index.php?rest_route=\/wp\/v2\/posts\/128551","targetHints":{"allow":["GET"]}}],"collection":[{"href":"https:\/\/noticiasbahia360.com.br\/index.php?rest_route=\/wp\/v2\/posts"}],"about":[{"href":"https:\/\/noticiasbahia360.com.br\/index.php?rest_route=\/wp\/v2\/types\/post"}],"author":[{"embeddable":true,"href":"https:\/\/noticiasbahia360.com.br\/index.php?rest_route=\/wp\/v2\/users\/1"}],"replies":[{"embeddable":true,"href":"https:\/\/noticiasbahia360.com.br\/index.php?rest_route=%2Fwp%2Fv2%2Fcomments&post=128551"}],"version-history":[{"count":0,"href":"https:\/\/noticiasbahia360.com.br\/index.php?rest_route=\/wp\/v2\/posts\/128551\/revisions"}],"wp:featuredmedia":[{"embeddable":true,"href":"https:\/\/noticiasbahia360.com.br\/index.php?rest_route=\/wp\/v2\/media\/128552"}],"wp:attachment":[{"href":"https:\/\/noticiasbahia360.com.br\/index.php?rest_route=%2Fwp%2Fv2%2Fmedia&parent=128551"}],"wp:term":[{"taxonomy":"category","embeddable":true,"href":"https:\/\/noticiasbahia360.com.br\/index.php?rest_route=%2Fwp%2Fv2%2Fcategories&post=128551"},{"taxonomy":"post_tag","embeddable":true,"href":"https:\/\/noticiasbahia360.com.br\/index.php?rest_route=%2Fwp%2Fv2%2Ftags&post=128551"}],"curies":[{"name":"wp","href":"https:\/\/api.w.org\/{rel}","templated":true}]}} 