{"id":128553,"date":"2026-04-27T15:40:55","date_gmt":"2026-04-27T18:40:55","guid":{"rendered":"https:\/\/noticiasbahia360.com.br\/?p=128553"},"modified":"2026-04-27T15:40:55","modified_gmt":"2026-04-27T18:40:55","slug":"apos-reunir-110-empresarios-evento-de-restaurantes-preve-nova-edicao-em-feira-de-santana","status":"publish","type":"post","link":"https:\/\/noticiasbahia360.com.br\/?p=128553","title":{"rendered":"Ap\u00f3s reunir 110 empres\u00e1rios, evento de restaurantes prev\u00ea nova edi\u00e7\u00e3o em Feira de Santana"},"content":{"rendered":"<div>\n<div>\n<figure><img decoding=\"async\" src=\"http:\/\/noticiasbahia360.com.br\/wp-content\/uploads\/2026\/04\/RAP-Feira-de-Santana.webp\" alt=\"Ap\u00f3s reunir 110 empres\u00e1rios, evento de restaurantes prev\u00ea nova edi\u00e7\u00e3o em Feira de Santana\"><figcaption>Foto: Divulga\u00e7\u00e3o<\/figcaption><\/figure>\n<\/div>\n<p>Empres\u00e1rios do setor de alimenta\u00e7\u00e3o fora do lar se reuniram em\u00a0Feira de Santana\u00a0para mais uma edi\u00e7\u00e3o do\u00a0RAP \u2013 Restaurantes de Alta Performance, realizada na \u00faltima semana, nem uma churrascaria da cidade. O encontro superou as expectativas e reuniu\u00a0110 empres\u00e1rios donos de bares, restaurantes e gestores\u00a0interessados em aprimorar a gest\u00e3o e impulsionar resultados.<\/p>\n<p><strong>Com uma proposta direta e pr\u00e1tica, o evento colocou em pauta dois dos maiores desafios do\u00a0<em>food service<\/em>\u00a0atualmente<\/strong>: a alta rotatividade de equipes e a necessidade de aumentar as vendas de forma sustent\u00e1vel. A programa\u00e7\u00e3o reuniu especialistas e empres\u00e1rios do setor, que compartilharam experi\u00eancias reais, estrat\u00e9gias de gest\u00e3o e solu\u00e7\u00f5es aplic\u00e1veis ao dia a dia dos neg\u00f3cios.<\/p>\n<figure class=\"wp-block-image size-full\"><img fetchpriority=\"high\" fetchpriority=\"high\" decoding=\"async\" width=\"1200\" height=\"795\" src=\"http:\/\/noticiasbahia360.com.br\/wp-content\/uploads\/2026\/04\/Acacio-Sacerdote-Danilo-Teixeira-e-Katielle-Carneiro-Kadan.webp\" alt=\"Ap\u00f3s reunir 110 empres\u00e1rios, evento de restaurantes prev\u00ea nova edi\u00e7\u00e3o em Feira de Santana\" class=\"wp-image-650385\" srcset=\"http:\/\/noticiasbahia360.com.br\/wp-content\/uploads\/2026\/04\/Acacio-Sacerdote-Danilo-Teixeira-e-Katielle-Carneiro-Kadan.webp 1200w, https:\/\/uploads.acordacidade.com.br\/2026\/04\/Acacio-Sacerdote-Danilo-Teixeira-e-Katielle-Carneiro-Kadan-750x497.webp 750w, https:\/\/uploads.acordacidade.com.br\/2026\/04\/Acacio-Sacerdote-Danilo-Teixeira-e-Katielle-Carneiro-Kadan-1000x663.webp 1000w, https:\/\/uploads.acordacidade.com.br\/2026\/04\/Acacio-Sacerdote-Danilo-Teixeira-e-Katielle-Carneiro-Kadan-450x298.webp 450w, https:\/\/uploads.acordacidade.com.br\/2026\/04\/Acacio-Sacerdote-Danilo-Teixeira-e-Katielle-Carneiro-Kadan-150x99.webp 150w\" sizes=\"(max-width: 1200px) 100vw, 1200px\"><figcaption class=\"wp-element-caption\">Foto: Divulga\u00e7\u00e3o<\/figcaption><\/figure>\n<p>Durante o encontro, os participantes tiveram acesso a cases de empresas do setor, orienta\u00e7\u00f5es pr\u00e1ticas para recrutamento e reten\u00e7\u00e3o de equipes, al\u00e9m de estrat\u00e9gias para aumentar o faturamento e melhorar a experi\u00eancia do cliente, um dos fatores-chave para fideliza\u00e7\u00e3o. O ambiente tamb\u00e9m estimulou o\u00a0networking\u00a0entre empres\u00e1rios que enfrentam desafios semelhantes e buscam solu\u00e7\u00f5es conjuntas.<\/p>\n<p>Para\u00a0Ac\u00e1cio Sacerdote, CEO do Grupo Food Qualy, respons\u00e1vel pelo evento, o resultado confirmou a relev\u00e2ncia do evento. \u201cO que vimos em Feira de Santana foi um encontro que realmente superou nossas expectativas. Reunimos 110 empres\u00e1rios engajados, dispostos a olhar para seus neg\u00f3cios com mais estrat\u00e9gia e menos improviso. O RAP mostra, na pr\u00e1tica, que \u00e9 poss\u00edvel crescer de forma organizada, com processos e decis\u00f5es mais inteligentes. Nossa ideia \u00e9 ampliar esse movimento e levar ainda mais conte\u00fado aplic\u00e1vel para outros empres\u00e1rios do setor\u201d, afirmou.<\/p>\n<figure class=\"wp-block-image size-full\"><img decoding=\"async\" width=\"1200\" height=\"771\" src=\"http:\/\/noticiasbahia360.com.br\/wp-content\/uploads\/2026\/04\/Acacio-Sacerdote.webp\" alt=\"Ap\u00f3s reunir 110 empres\u00e1rios, evento de restaurantes prev\u00ea nova edi\u00e7\u00e3o em Feira de Santana\" class=\"wp-image-650386\" srcset=\"http:\/\/noticiasbahia360.com.br\/wp-content\/uploads\/2026\/04\/Acacio-Sacerdote.webp 1200w, https:\/\/uploads.acordacidade.com.br\/2026\/04\/Acacio-Sacerdote-750x482.webp 750w, https:\/\/uploads.acordacidade.com.br\/2026\/04\/Acacio-Sacerdote-1000x643.webp 1000w, https:\/\/uploads.acordacidade.com.br\/2026\/04\/Acacio-Sacerdote-450x289.webp 450w, https:\/\/uploads.acordacidade.com.br\/2026\/04\/Acacio-Sacerdote-150x96.webp 150w\" sizes=\"(max-width: 1200px) 100vw, 1200px\"><figcaption class=\"wp-element-caption\">Foto: Divulga\u00e7\u00e3o<\/figcaption><\/figure>\n<p>O sucesso da edi\u00e7\u00e3o j\u00e1 abriu caminho para novas rodadas do RAP em Feira de Santana, com datas que ainda ser\u00e3o divulgadas. A expectativa \u00e9 reunir ainda mais empres\u00e1rios nas pr\u00f3ximas edi\u00e7\u00f5es, ampliando o alcance das discuss\u00f5es e fortalecendo o setor na regi\u00e3o.<\/p>\n<p><em>Siga o Acorda Cidade no\u00a0<\/em><a href=\"https:\/\/news.google.com\/search?q=acorda%20cidade&amp;hl=pt-BR&amp;gl=BR&amp;ceid=BR%3Apt-419\"><strong><em>Google Not\u00edcias<\/em><\/strong><\/a><em>\u00a0e receba os principais destaques do dia. Participe tamb\u00e9m dos nossos canais no\u00a0<\/em><a href=\"https:\/\/www.whatsapp.com\/channel\/0029Va6Rb4v3WHTNnsh8WI3N\"><strong><em>WhatsApp<\/em><\/strong><\/a><em>\u00a0e\u00a0<\/em><a href=\"https:\/\/www.youtube.com\/@acordacidadenoticias\/videos\"><strong>YouTube<\/strong><\/a><em> e do grupo no\u00a0<\/em><a href=\"https:\/\/t.me\/+sSz0khrgARA0ZmRh\"><strong><em>Telegram<\/em><\/strong><\/a><em>.<\/em><\/p>\n<\/div>\n","protected":false},"excerpt":{"rendered":"<div>\n<div>\n<figure><img decoding=\"async\" src=\"https:\/\/uploads.acordacidade.com.br\/2026\/04\/RAP-Feira-de-Santana.webp\" alt=\"Ap\u00f3s reunir 110 empres\u00e1rios, evento de restaurantes prev\u00ea nova edi\u00e7\u00e3o em Feira de Santana\"><figcaption>Foto: Divulga\u00e7\u00e3o<\/figcaption><\/figure>\n<\/div>\n<p>O encontro superou as expectativas e reuniu\u00a0110 empres\u00e1rios donos de bares, restaurantes e gestores\u00a0interessados.<\/p><\/div>\n","protected":false},"author":1,"featured_media":128554,"comment_status":"closed","ping_status":"closed","sticky":false,"template":"","format":"gallery","meta":{"footnotes":""},"categories":[8,9,6,57,56,10],"tags":[],"class_list":["post-128553","post","type-post","status-publish","format-gallery","has-post-thumbnail","hentry","category-bahia","category-brasil","category-feira-de-santana","category-mundo","category-policia","category-politica","post_format-post-format-gallery"],"featured_image_urls":{"full":["https:\/\/noticiasbahia360.com.br\/wp-content\/uploads\/2026\/04\/RAP-Feira-de-Santana.webp",1200,812,false],"thumbnail":["https:\/\/noticiasbahia360.com.br\/wp-content\/uploads\/2026\/04\/RAP-Feira-de-Santana-150x150.webp",150,150,true],"medium":["https:\/\/noticiasbahia360.com.br\/wp-content\/uploads\/2026\/04\/RAP-Feira-de-Santana-300x203.webp",300,203,true],"medium_large":["https:\/\/noticiasbahia360.com.br\/wp-content\/uploads\/2026\/04\/RAP-Feira-de-Santana-768x520.webp",640,433,true],"large":["https:\/\/noticiasbahia360.com.br\/wp-content\/uploads\/2026\/04\/RAP-Feira-de-Santana-1024x693.webp",640,433,true],"1536x1536":["https:\/\/noticiasbahia360.com.br\/wp-content\/uploads\/2026\/04\/RAP-Feira-de-Santana.webp",1200,812,false],"2048x2048":["https:\/\/noticiasbahia360.com.br\/wp-content\/uploads\/2026\/04\/RAP-Feira-de-Santana.webp",1200,812,false],"chromenews-featured":["https:\/\/noticiasbahia360.com.br\/wp-content\/uploads\/2026\/04\/RAP-Feira-de-Santana-1024x693.webp",1024,693,true],"chromenews-large":["https:\/\/noticiasbahia360.com.br\/wp-content\/uploads\/2026\/04\/RAP-Feira-de-Santana-825x575.webp",825,575,true],"chromenews-medium":["https:\/\/noticiasbahia360.com.br\/wp-content\/uploads\/2026\/04\/RAP-Feira-de-Santana-590x410.webp",590,410,true]},"author_info":{"display_name":"noticiasbahia360.com.br","author_link":"https:\/\/noticiasbahia360.com.br\/?author=1"},"category_info":"<a href=\"https:\/\/noticiasbahia360.com.br\/?cat=8\" rel=\"category\">Bahia<\/a> <a href=\"https:\/\/noticiasbahia360.com.br\/?cat=9\" rel=\"category\">Brasil<\/a> <a href=\"https:\/\/noticiasbahia360.com.br\/?cat=6\" rel=\"category\">Feira de Santana<\/a> <a href=\"https:\/\/noticiasbahia360.com.br\/?cat=57\" rel=\"category\">Mundo<\/a> <a href=\"https:\/\/noticiasbahia360.com.br\/?cat=56\" rel=\"category\">Pol\u00edcia<\/a> <a href=\"https:\/\/noticiasbahia360.com.br\/?cat=10\" rel=\"category\">Pol\u00edtica<\/a>","tag_info":"Pol\u00edtica","comment_count":"0","_links":{"self":[{"href":"https:\/\/noticiasbahia360.com.br\/index.php?rest_route=\/wp\/v2\/posts\/128553","targetHints":{"allow":["GET"]}}],"collection":[{"href":"https:\/\/noticiasbahia360.com.br\/index.php?rest_route=\/wp\/v2\/posts"}],"about":[{"href":"https:\/\/noticiasbahia360.com.br\/index.php?rest_route=\/wp\/v2\/types\/post"}],"author":[{"embeddable":true,"href":"https:\/\/noticiasbahia360.com.br\/index.php?rest_route=\/wp\/v2\/users\/1"}],"replies":[{"embeddable":true,"href":"https:\/\/noticiasbahia360.com.br\/index.php?rest_route=%2Fwp%2Fv2%2Fcomments&post=128553"}],"version-history":[{"count":0,"href":"https:\/\/noticiasbahia360.com.br\/index.php?rest_route=\/wp\/v2\/posts\/128553\/revisions"}],"wp:featuredmedia":[{"embeddable":true,"href":"https:\/\/noticiasbahia360.com.br\/index.php?rest_route=\/wp\/v2\/media\/128554"}],"wp:attachment":[{"href":"https:\/\/noticiasbahia360.com.br\/index.php?rest_route=%2Fwp%2Fv2%2Fmedia&parent=128553"}],"wp:term":[{"taxonomy":"category","embeddable":true,"href":"https:\/\/noticiasbahia360.com.br\/index.php?rest_route=%2Fwp%2Fv2%2Fcategories&post=128553"},{"taxonomy":"post_tag","embeddable":true,"href":"https:\/\/noticiasbahia360.com.br\/index.php?rest_route=%2Fwp%2Fv2%2Ftags&post=128553"}],"curies":[{"name":"wp","href":"https:\/\/api.w.org\/{rel}","templated":true}]}}