{"id":128557,"date":"2026-04-27T15:40:57","date_gmt":"2026-04-27T18:40:57","guid":{"rendered":"https:\/\/noticiasbahia360.com.br\/?p=128557"},"modified":"2026-04-27T15:40:57","modified_gmt":"2026-04-27T18:40:57","slug":"servidor-e-preso-por-suspeita-de-estuprar-detentas-em-bom-jesus-da-lapa","status":"publish","type":"post","link":"https:\/\/noticiasbahia360.com.br\/?p=128557","title":{"rendered":"Servidor \u00e9 preso por suspeita de estuprar detentas em Bom Jesus da Lapa"},"content":{"rendered":"<div>\n<p>Um homem, de 48 anos, contratado pelo munic\u00edpio para prestar servi\u00e7os na unidade, foi preso no domingo (26), no bairro S\u00e3o Gotardo, em<a href=\"https:\/\/www.acordacidade.com.br\/tag\/bom-jesus-da-lapa\/\" type=\"post_tag\" id=\"41054\"> Bom Jesus da Lapa<\/a> (BA), por suspeita de envolvimento nos crimes de estupro de vulner\u00e1vel e corrup\u00e7\u00e3o passiva contra duas detentas da unidade de cust\u00f3dia do munic\u00edpio.<\/p>\n<p>A pris\u00e3o ocorreu ap\u00f3s investiga\u00e7\u00f5es iniciadas a partir de den\u00fancias, oitivas das v\u00edtimas e exames periciais, que reuniram ind\u00edcios de autoria e materialidade. De acordo com a apura\u00e7\u00e3o, os abusos teriam ocorrido ao longo dos \u00faltimos tr\u00eas meses, per\u00edodo em que as v\u00edtimas estavam custodiadas na unidade.<\/p>\n<p>As dilig\u00eancias apontam que o investigado, que atuava como agente na unidade, teria se aproveitado da fun\u00e7\u00e3o para constranger as detentas a manter rela\u00e7\u00f5es sexuais. As investiga\u00e7\u00f5es foram aprofundadas ap\u00f3s uma das v\u00edtimas relatar o caso ao apresentar mal-estar, o que motivou a comunica\u00e7\u00e3o \u00e0s autoridades.<\/p>\n<p>O mandado de pris\u00e3o tempor\u00e1ria e o mandado de busca e apreens\u00e3o foram expedidos pelo Poder Judici\u00e1rio e cumpridos por equipes do Grupo de Apoio T\u00e9cnico e T\u00e1tico \u00e0 Investiga\u00e7\u00e3o (Gatti) e da 24\u00aa Coordenadoria Regional de Pol\u00edcia do Interior (Coorpin\/Bom Jesus da Lapa).<\/p>\n<p>Durante o cumprimento das medidas judiciais, foram apreendidos aparelhos celulares e dois fac\u00f5es. O investigado foi cientificado de seus direitos constitucionais e conduzido \u00e0 unidade policial, onde foram adotadas as medidas legais cab\u00edveis. As investiga\u00e7\u00f5es seguem em andamento para o completo esclarecimento dos fatos e eventual identifica\u00e7\u00e3o de outras v\u00edtimas.<\/p>\n<p><em>Siga o Acorda Cidade no\u00a0<\/em><a href=\"https:\/\/news.google.com\/search?q=acorda%20cidade&amp;hl=pt-BR&amp;gl=BR&amp;ceid=BR%3Apt-419\"><strong><em>Google Not\u00edcias<\/em><\/strong><\/a><em>\u00a0e receba os principais destaques do dia. Participe tamb\u00e9m dos nossos canais no\u00a0<\/em><a href=\"https:\/\/www.whatsapp.com\/channel\/0029Va6Rb4v3WHTNnsh8WI3N\"><strong><em>WhatsApp<\/em><\/strong><\/a><em>\u00a0e\u00a0<\/em><a href=\"https:\/\/www.youtube.com\/@acordacidadenoticias\/videos\"><strong>YouTube<\/strong><\/a><em>e do grupo no\u00a0<\/em><a href=\"https:\/\/t.me\/+sSz0khrgARA0ZmRh\"><strong><em>Telegram<\/em><\/strong><\/a><em>.<\/em><\/p>\n<\/div>\n","protected":false},"excerpt":{"rendered":"<div>A pris\u00e3o ocorreu ap\u00f3s investiga\u00e7\u00f5es iniciadas a partir de den\u00fancias, oitivas das v\u00edtimas e exames periciais.<\/div>\n","protected":false},"author":1,"featured_media":0,"comment_status":"closed","ping_status":"closed","sticky":false,"template":"","format":"gallery","meta":{"footnotes":""},"categories":[8,9,6,57,56,10],"tags":[],"class_list":["post-128557","post","type-post","status-publish","format-gallery","hentry","category-bahia","category-brasil","category-feira-de-santana","category-mundo","category-policia","category-politica","post_format-post-format-gallery"],"featured_image_urls":{"full":"","thumbnail":"","medium":"","medium_large":"","large":"","1536x1536":"","2048x2048":"","chromenews-featured":"","chromenews-large":"","chromenews-medium":""},"author_info":{"display_name":"noticiasbahia360.com.br","author_link":"https:\/\/noticiasbahia360.com.br\/?author=1"},"category_info":"<a href=\"https:\/\/noticiasbahia360.com.br\/?cat=8\" rel=\"category\">Bahia<\/a> <a href=\"https:\/\/noticiasbahia360.com.br\/?cat=9\" rel=\"category\">Brasil<\/a> <a href=\"https:\/\/noticiasbahia360.com.br\/?cat=6\" rel=\"category\">Feira de Santana<\/a> <a href=\"https:\/\/noticiasbahia360.com.br\/?cat=57\" rel=\"category\">Mundo<\/a> <a href=\"https:\/\/noticiasbahia360.com.br\/?cat=56\" rel=\"category\">Pol\u00edcia<\/a> <a href=\"https:\/\/noticiasbahia360.com.br\/?cat=10\" rel=\"category\">Pol\u00edtica<\/a>","tag_info":"Pol\u00edtica","comment_count":"0","_links":{"self":[{"href":"https:\/\/noticiasbahia360.com.br\/index.php?rest_route=\/wp\/v2\/posts\/128557","targetHints":{"allow":["GET"]}}],"collection":[{"href":"https:\/\/noticiasbahia360.com.br\/index.php?rest_route=\/wp\/v2\/posts"}],"about":[{"href":"https:\/\/noticiasbahia360.com.br\/index.php?rest_route=\/wp\/v2\/types\/post"}],"author":[{"embeddable":true,"href":"https:\/\/noticiasbahia360.com.br\/index.php?rest_route=\/wp\/v2\/users\/1"}],"replies":[{"embeddable":true,"href":"https:\/\/noticiasbahia360.com.br\/index.php?rest_route=%2Fwp%2Fv2%2Fcomments&post=128557"}],"version-history":[{"count":0,"href":"https:\/\/noticiasbahia360.com.br\/index.php?rest_route=\/wp\/v2\/posts\/128557\/revisions"}],"wp:attachment":[{"href":"https:\/\/noticiasbahia360.com.br\/index.php?rest_route=%2Fwp%2Fv2%2Fmedia&parent=128557"}],"wp:term":[{"taxonomy":"category","embeddable":true,"href":"https:\/\/noticiasbahia360.com.br\/index.php?rest_route=%2Fwp%2Fv2%2Fcategories&post=128557"},{"taxonomy":"post_tag","embeddable":true,"href":"https:\/\/noticiasbahia360.com.br\/index.php?rest_route=%2Fwp%2Fv2%2Ftags&post=128557"}],"curies":[{"name":"wp","href":"https:\/\/api.w.org\/{rel}","templated":true}]}}