{"id":128558,"date":"2026-04-27T15:50:56","date_gmt":"2026-04-27T18:50:56","guid":{"rendered":"https:\/\/noticiasbahia360.com.br\/?p=128558"},"modified":"2026-04-27T15:50:56","modified_gmt":"2026-04-27T18:50:56","slug":"exposerrinha-movimenta-regiao-do-sisal-a-partir-desta-terca-feira-28","status":"publish","type":"post","link":"https:\/\/noticiasbahia360.com.br\/?p=128558","title":{"rendered":"ExpoSerrinha movimenta regi\u00e3o do sisal a partir desta ter\u00e7a-feira (28)"},"content":{"rendered":"<div>\n<div>\n<figure><img decoding=\"async\" src=\"http:\/\/noticiasbahia360.com.br\/wp-content\/uploads\/2026\/04\/ExpoSerrinha.webp\" alt=\"ExpoSerrinha\"><figcaption>Foto: Ascom\/Prefeitura de Serrinha<\/figcaption><\/figure>\n<\/div>\n<p>A ExpoSerrinha 2026 come\u00e7a nesta ter\u00e7a-feira (28), no Parque de Vaquejada Maria do Carmo, em Serrinha, com foco no fortalecimento da agricultura familiar e no desenvolvimento das cadeias produtivas do Territ\u00f3rio do Sisal. Com patroc\u00ednio do Banco do Nordeste, o evento, que vai at\u00e9 domingo (3) espera receber cerca de 75 mil visitantes.<\/p>\n<p>A expectativa \u00e9 de superar a edi\u00e7\u00e3o de 2025, quando foram movimentados cerca de R$ 9 milh\u00f5es durante a feira, com 900 animais expostos e mais de 140 unidades de baias comercializadas. A programa\u00e7\u00e3o desta edi\u00e7\u00e3o inclui leil\u00f5es, competi\u00e7\u00f5es de caprinos e ovinos, feira de agricultura familiar, shows, rodadas de neg\u00f3cios e atividades t\u00e9cnicas.<\/p>\n<p>O Banco do Nordeste estar\u00e1 presente com estande para atendimento ao p\u00fablico e oferta de linhas de cr\u00e9dito. As equipes da ag\u00eancia Serrinha e regi\u00e3o e dos programas de microcr\u00e9dito urbano e rural, Crediamigo e Agroamigo, estar\u00e3o \u00e0 disposi\u00e7\u00e3o para orienta\u00e7\u00e3o aos clientes.<\/p>\n<p>De acordo com a gerente da ag\u00eancia Serrinha em exerc\u00edcio, Janine Sampaio, o territ\u00f3rio tem importante atua\u00e7\u00e3o para o estado, especialmente na agricultura familiar, e a ExpoSerrinha \u00e9 ambiente prop\u00edcio para gera\u00e7\u00e3o de neg\u00f3cios. <\/p>\n<p>\u201cA Expo Serrinha est\u00e1 consolidada como parte do calend\u00e1rio de eventos agropecu\u00e1rios da Bahia. A participa\u00e7\u00e3o do Banco do Nordeste refor\u00e7a nossa parceria com os clientes e nossa presen\u00e7a nos momentos que impulsionam a economia local. \u00c9 uma excelente oportunidade para apresentar novas perspectivas de neg\u00f3cios no setor, oferecendo apoio e solu\u00e7\u00f5es como um banco parceiro do desenvolvimento\u201d, destacou a gestora.<\/p>\n<p><strong>Expo Serrinha 2026<br \/>Quando: 28 de abril a 03 de maio de 2026.<br \/>Onde: Parque de Vaquejada Maria do Carmo. Avenida Valdete Carneiro, s\/n, bairro Vaquejada, Serrinha\/BA.<br \/>Entrada Gratuita<\/strong><\/p>\n<p><em>Siga o Acorda Cidade no\u00a0<\/em><a href=\"https:\/\/news.google.com\/search?q=acorda%20cidade&amp;hl=pt-BR&amp;gl=BR&amp;ceid=BR%3Apt-419\"><strong><em>Google Not\u00edcias<\/em><\/strong><\/a><em>\u00a0e receba os principais destaques do dia. Participe tamb\u00e9m dos nossos canais no\u00a0<\/em><a href=\"https:\/\/www.whatsapp.com\/channel\/0029Va6Rb4v3WHTNnsh8WI3N\"><strong><em>WhatsApp<\/em><\/strong><\/a><em>\u00a0e\u00a0<\/em><a href=\"https:\/\/www.youtube.com\/@acordacidadenoticias\/videos\"><strong>YouTube<\/strong><\/a><em>\u00a0e grupo de\u00a0<\/em><a href=\"https:\/\/t.me\/+sSz0khrgARA0ZmRh\"><strong><em>Telegram<\/em><\/strong><\/a><em>.<\/em><\/p>\n<\/div>\n","protected":false},"excerpt":{"rendered":"<div>\n<div>\n<figure><img decoding=\"async\" src=\"https:\/\/uploads.acordacidade.com.br\/2026\/04\/ExpoSerrinha.webp\" alt=\"ExpoSerrinha\"><figcaption>Foto: Ascom\/Prefeitura de Serrinha<\/figcaption><\/figure>\n<\/div>\n<p>A expectativa \u00e9 de superar a edi\u00e7\u00e3o de 2025, quando foram movimentados cerca de R$ 9 milh\u00f5es durante a ExpoSerrinha.<\/p><\/div>\n","protected":false},"author":1,"featured_media":128559,"comment_status":"closed","ping_status":"closed","sticky":false,"template":"","format":"gallery","meta":{"footnotes":""},"categories":[8,9,6,57,56,10],"tags":[],"class_list":["post-128558","post","type-post","status-publish","format-gallery","has-post-thumbnail","hentry","category-bahia","category-brasil","category-feira-de-santana","category-mundo","category-policia","category-politica","post_format-post-format-gallery"],"featured_image_urls":{"full":["https:\/\/noticiasbahia360.com.br\/wp-content\/uploads\/2026\/04\/ExpoSerrinha.webp",1200,751,false],"thumbnail":["https:\/\/noticiasbahia360.com.br\/wp-content\/uploads\/2026\/04\/ExpoSerrinha-150x150.webp",150,150,true],"medium":["https:\/\/noticiasbahia360.com.br\/wp-content\/uploads\/2026\/04\/ExpoSerrinha-300x188.webp",300,188,true],"medium_large":["https:\/\/noticiasbahia360.com.br\/wp-content\/uploads\/2026\/04\/ExpoSerrinha-768x481.webp",640,401,true],"large":["https:\/\/noticiasbahia360.com.br\/wp-content\/uploads\/2026\/04\/ExpoSerrinha-1024x641.webp",640,401,true],"1536x1536":["https:\/\/noticiasbahia360.com.br\/wp-content\/uploads\/2026\/04\/ExpoSerrinha.webp",1200,751,false],"2048x2048":["https:\/\/noticiasbahia360.com.br\/wp-content\/uploads\/2026\/04\/ExpoSerrinha.webp",1200,751,false],"chromenews-featured":["https:\/\/noticiasbahia360.com.br\/wp-content\/uploads\/2026\/04\/ExpoSerrinha-1024x641.webp",1024,641,true],"chromenews-large":["https:\/\/noticiasbahia360.com.br\/wp-content\/uploads\/2026\/04\/ExpoSerrinha-825x575.webp",825,575,true],"chromenews-medium":["https:\/\/noticiasbahia360.com.br\/wp-content\/uploads\/2026\/04\/ExpoSerrinha-590x410.webp",590,410,true]},"author_info":{"display_name":"noticiasbahia360.com.br","author_link":"https:\/\/noticiasbahia360.com.br\/?author=1"},"category_info":"<a href=\"https:\/\/noticiasbahia360.com.br\/?cat=8\" rel=\"category\">Bahia<\/a> <a href=\"https:\/\/noticiasbahia360.com.br\/?cat=9\" rel=\"category\">Brasil<\/a> <a href=\"https:\/\/noticiasbahia360.com.br\/?cat=6\" rel=\"category\">Feira de Santana<\/a> <a href=\"https:\/\/noticiasbahia360.com.br\/?cat=57\" rel=\"category\">Mundo<\/a> <a href=\"https:\/\/noticiasbahia360.com.br\/?cat=56\" rel=\"category\">Pol\u00edcia<\/a> <a href=\"https:\/\/noticiasbahia360.com.br\/?cat=10\" rel=\"category\">Pol\u00edtica<\/a>","tag_info":"Pol\u00edtica","comment_count":"0","_links":{"self":[{"href":"https:\/\/noticiasbahia360.com.br\/index.php?rest_route=\/wp\/v2\/posts\/128558","targetHints":{"allow":["GET"]}}],"collection":[{"href":"https:\/\/noticiasbahia360.com.br\/index.php?rest_route=\/wp\/v2\/posts"}],"about":[{"href":"https:\/\/noticiasbahia360.com.br\/index.php?rest_route=\/wp\/v2\/types\/post"}],"author":[{"embeddable":true,"href":"https:\/\/noticiasbahia360.com.br\/index.php?rest_route=\/wp\/v2\/users\/1"}],"replies":[{"embeddable":true,"href":"https:\/\/noticiasbahia360.com.br\/index.php?rest_route=%2Fwp%2Fv2%2Fcomments&post=128558"}],"version-history":[{"count":0,"href":"https:\/\/noticiasbahia360.com.br\/index.php?rest_route=\/wp\/v2\/posts\/128558\/revisions"}],"wp:featuredmedia":[{"embeddable":true,"href":"https:\/\/noticiasbahia360.com.br\/index.php?rest_route=\/wp\/v2\/media\/128559"}],"wp:attachment":[{"href":"https:\/\/noticiasbahia360.com.br\/index.php?rest_route=%2Fwp%2Fv2%2Fmedia&parent=128558"}],"wp:term":[{"taxonomy":"category","embeddable":true,"href":"https:\/\/noticiasbahia360.com.br\/index.php?rest_route=%2Fwp%2Fv2%2Fcategories&post=128558"},{"taxonomy":"post_tag","embeddable":true,"href":"https:\/\/noticiasbahia360.com.br\/index.php?rest_route=%2Fwp%2Fv2%2Ftags&post=128558"}],"curies":[{"name":"wp","href":"https:\/\/api.w.org\/{rel}","templated":true}]}}