{"id":128560,"date":"2026-04-27T16:01:08","date_gmt":"2026-04-27T19:01:08","guid":{"rendered":"https:\/\/noticiasbahia360.com.br\/?p=128560"},"modified":"2026-04-27T16:01:08","modified_gmt":"2026-04-27T19:01:08","slug":"suspeito-de-estuprar-adolescente-de-14-anos-e-preso-em-salvador","status":"publish","type":"post","link":"https:\/\/noticiasbahia360.com.br\/?p=128560","title":{"rendered":"Suspeito de estuprar adolescente de 14 anos \u00e9 preso em Salvador"},"content":{"rendered":"<div>\n<div>\n<figure><img decoding=\"async\" src=\"http:\/\/noticiasbahia360.com.br\/wp-content\/uploads\/2026\/04\/Derrca-.webp\" alt=\"Delegacia Especializada de Repress\u00e3o aos Crimes contra a Crian\u00e7a e o Adolescente- Dercca\"><figcaption>Foto: Ascom\/PCBA<\/figcaption><\/figure>\n<\/div>\n<p>Um homem, de 35 anos, investigado pelo crime de estupro qualificado, foi preso na manh\u00e3 desta segunda-feira (27), no Hospital Geral do Estado (HGE). O mandado de <a href=\"https:\/\/www.acordacidade.com.br\/tag\/prisao-preventiva-2\/\" type=\"post_tag\" id=\"7098\">pris\u00e3o preventiva<\/a> foi cumprido em desfavor do investigado, que, segundo as apura\u00e7\u00f5es, abusou sexualmente de uma adolescente de 14 anos, em fevereiro deste ano.<\/p>\n<p>O crime foi denunciado \u00e0 Delegacia Especializada de Repress\u00e3o aos Crimes contra a Crian\u00e7a e o Adolescente (Dercca), no s\u00e1bado (25). Com base nos elementos de prova j\u00e1 produzidos, a pris\u00e3o preventiva foi deferida no domingo (26), pela 1\u00aa Vara das Garantias de Salvador.<\/p>\n<p>Na manh\u00e3 desta segunda-feira, a equipe do Servi\u00e7o de Investiga\u00e7\u00e3o (SI) da Dercca tomou conhecimento, por meio do posto policial do HGE, de que o suspeito estava internado na unidade de sa\u00fade ap\u00f3s ser agredido por populares no bairro de Cosme de Farias, no dia anterior.<\/p>\n<p>O homem permanece sob vigil\u00e2ncia na unidade hospitalar, onde seguir\u00e1 at\u00e9 receber alta m\u00e9dica, e encontra-se \u00e0 disposi\u00e7\u00e3o do Poder Judici\u00e1rio.<\/p>\n<p><em>Siga o Acorda Cidade no\u00a0<\/em><a href=\"https:\/\/news.google.com\/search?q=acorda%20cidade&amp;hl=pt-BR&amp;gl=BR&amp;ceid=BR%3Apt-419\"><strong><em>Google Not\u00edcias<\/em><\/strong><\/a><em>\u00a0e receba os principais destaques do dia. Participe tamb\u00e9m dos nossos canais no\u00a0<\/em><a href=\"https:\/\/www.whatsapp.com\/channel\/0029Va6Rb4v3WHTNnsh8WI3N\"><strong><em>WhatsApp<\/em><\/strong><\/a><em>\u00a0e\u00a0<\/em><a href=\"https:\/\/www.youtube.com\/@acordacidadenoticias\/videos\"><strong>YouTube<\/strong><\/a><em>e do grupo no\u00a0<\/em><a href=\"https:\/\/t.me\/+sSz0khrgARA0ZmRh\"><strong><em>Telegram<\/em><\/strong><\/a><em>.<\/em><\/p>\n<\/div>\n","protected":false},"excerpt":{"rendered":"<div>\n<div>\n<figure><img decoding=\"async\" src=\"https:\/\/www.acordacidade.com.br\/wp-content\/uploads\/2025\/10\/Derrca-.webp\" alt=\"Delegacia Especializada de Repress\u00e3o aos Crimes contra a Crian\u00e7a e o Adolescente- Dercca\"><figcaption>Foto: Ascom\/PCBA<\/figcaption><\/figure>\n<\/div>\n<p>Com base nos elementos de prova j\u00e1 produzidos, a pris\u00e3o preventiva foi deferida no domingo (26), pela 1\u00aa Vara das Garantias de Salvador.<\/p><\/div>\n","protected":false},"author":1,"featured_media":128561,"comment_status":"closed","ping_status":"closed","sticky":false,"template":"","format":"gallery","meta":{"footnotes":""},"categories":[8,9,6,57,56,10],"tags":[],"class_list":["post-128560","post","type-post","status-publish","format-gallery","has-post-thumbnail","hentry","category-bahia","category-brasil","category-feira-de-santana","category-mundo","category-policia","category-politica","post_format-post-format-gallery"],"featured_image_urls":{"full":["https:\/\/noticiasbahia360.com.br\/wp-content\/uploads\/2026\/04\/Derrca-.webp",1200,800,false],"thumbnail":["https:\/\/noticiasbahia360.com.br\/wp-content\/uploads\/2026\/04\/Derrca--150x150.webp",150,150,true],"medium":["https:\/\/noticiasbahia360.com.br\/wp-content\/uploads\/2026\/04\/Derrca--300x200.webp",300,200,true],"medium_large":["https:\/\/noticiasbahia360.com.br\/wp-content\/uploads\/2026\/04\/Derrca--768x512.webp",640,427,true],"large":["https:\/\/noticiasbahia360.com.br\/wp-content\/uploads\/2026\/04\/Derrca--1024x683.webp",640,427,true],"1536x1536":["https:\/\/noticiasbahia360.com.br\/wp-content\/uploads\/2026\/04\/Derrca-.webp",1200,800,false],"2048x2048":["https:\/\/noticiasbahia360.com.br\/wp-content\/uploads\/2026\/04\/Derrca-.webp",1200,800,false],"chromenews-featured":["https:\/\/noticiasbahia360.com.br\/wp-content\/uploads\/2026\/04\/Derrca--1024x683.webp",1024,683,true],"chromenews-large":["https:\/\/noticiasbahia360.com.br\/wp-content\/uploads\/2026\/04\/Derrca--825x575.webp",825,575,true],"chromenews-medium":["https:\/\/noticiasbahia360.com.br\/wp-content\/uploads\/2026\/04\/Derrca--590x410.webp",590,410,true]},"author_info":{"display_name":"noticiasbahia360.com.br","author_link":"https:\/\/noticiasbahia360.com.br\/?author=1"},"category_info":"<a href=\"https:\/\/noticiasbahia360.com.br\/?cat=8\" rel=\"category\">Bahia<\/a> <a href=\"https:\/\/noticiasbahia360.com.br\/?cat=9\" rel=\"category\">Brasil<\/a> <a href=\"https:\/\/noticiasbahia360.com.br\/?cat=6\" rel=\"category\">Feira de Santana<\/a> <a href=\"https:\/\/noticiasbahia360.com.br\/?cat=57\" rel=\"category\">Mundo<\/a> <a href=\"https:\/\/noticiasbahia360.com.br\/?cat=56\" rel=\"category\">Pol\u00edcia<\/a> <a href=\"https:\/\/noticiasbahia360.com.br\/?cat=10\" rel=\"category\">Pol\u00edtica<\/a>","tag_info":"Pol\u00edtica","comment_count":"0","_links":{"self":[{"href":"https:\/\/noticiasbahia360.com.br\/index.php?rest_route=\/wp\/v2\/posts\/128560","targetHints":{"allow":["GET"]}}],"collection":[{"href":"https:\/\/noticiasbahia360.com.br\/index.php?rest_route=\/wp\/v2\/posts"}],"about":[{"href":"https:\/\/noticiasbahia360.com.br\/index.php?rest_route=\/wp\/v2\/types\/post"}],"author":[{"embeddable":true,"href":"https:\/\/noticiasbahia360.com.br\/index.php?rest_route=\/wp\/v2\/users\/1"}],"replies":[{"embeddable":true,"href":"https:\/\/noticiasbahia360.com.br\/index.php?rest_route=%2Fwp%2Fv2%2Fcomments&post=128560"}],"version-history":[{"count":0,"href":"https:\/\/noticiasbahia360.com.br\/index.php?rest_route=\/wp\/v2\/posts\/128560\/revisions"}],"wp:featuredmedia":[{"embeddable":true,"href":"https:\/\/noticiasbahia360.com.br\/index.php?rest_route=\/wp\/v2\/media\/128561"}],"wp:attachment":[{"href":"https:\/\/noticiasbahia360.com.br\/index.php?rest_route=%2Fwp%2Fv2%2Fmedia&parent=128560"}],"wp:term":[{"taxonomy":"category","embeddable":true,"href":"https:\/\/noticiasbahia360.com.br\/index.php?rest_route=%2Fwp%2Fv2%2Fcategories&post=128560"},{"taxonomy":"post_tag","embeddable":true,"href":"https:\/\/noticiasbahia360.com.br\/index.php?rest_route=%2Fwp%2Fv2%2Ftags&post=128560"}],"curies":[{"name":"wp","href":"https:\/\/api.w.org\/{rel}","templated":true}]}}