{"id":128564,"date":"2026-04-27T16:10:59","date_gmt":"2026-04-27T19:10:59","guid":{"rendered":"https:\/\/noticiasbahia360.com.br\/?p=128564"},"modified":"2026-04-27T16:10:59","modified_gmt":"2026-04-27T19:10:59","slug":"homem-e-morto-apos-agredir-seguranca-no-forum-eleitoral-de-camacari","status":"publish","type":"post","link":"https:\/\/noticiasbahia360.com.br\/?p=128564","title":{"rendered":"Homem \u00e9 morto ap\u00f3s agredir seguran\u00e7a no F\u00f3rum Eleitoral de Cama\u00e7ari"},"content":{"rendered":"<div>\n<div>\n<figure><img decoding=\"async\" src=\"http:\/\/noticiasbahia360.com.br\/wp-content\/uploads\/2026\/04\/Forum-Eleitoral-Camacari-.webp\" alt=\"Homem \u00e9 morto ap\u00f3s agredir seguran\u00e7a no F\u00f3rum Eleitoral de Cama\u00e7ari\"><figcaption>Foto: Anderson de Almeida \/ Mais Regi\u00e3o<\/figcaption><\/figure>\n<\/div>\n<p>O Tribunal Regional Eleitoral da Bahia (TRE-BA) informou por meio de nota, que na manh\u00e3 desta segunda-feira (27), foi registrada uma situa\u00e7\u00e3o de viol\u00eancia f\u00edsica nas depend\u00eancias do F\u00f3rum Eleitoral do munic\u00edpio de Cama\u00e7ari, estrutura que abriga os cart\u00f3rios das 170\u00aa e 171\u00aa Zonas Eleitorais. Durante a confus\u00e3o, um homem morreu e o vigilante ficou ferido. <\/p>\n<p>Segundo a nota, um cidad\u00e3o, ap\u00f3s a realiza\u00e7\u00e3o de servi\u00e7o eleitoral, agrediu com arma branca (faca), o agente de seguran\u00e7a, profissional terceirizado vinculado \u00e0 empresa contratada pelo Tribunal Regional Eleitoral da Bahia (TRE-BA).\u00a0<\/p>\n<p>Diante da situa\u00e7\u00e3o de iminente risco \u00e0 sua integridade f\u00edsica dos eleitores e servidores presentes no cart\u00f3rio, o <strong>vigilante reagiu, efetuando disparos de arma de fogo, o que resultou no \u00f3bito do agressor ainda no local.<\/strong><\/p>\n<p>A Pol\u00edcia Militar do Estado da Bahia foi acionada e realizou os primeiros procedimentos no local, realizando o isolamento da \u00e1rea e prestando o atendimento inicial \u00e0 ocorr\u00eancia. Considerando que os fatos ocorreram no interior do pr\u00e9dio da Justi\u00e7a Eleitoral, a Pol\u00edcia Federal foi devidamente acionada para a realiza\u00e7\u00e3o de per\u00edcia e demais procedimentos investigativos cab\u00edveis.<\/p>\n<p>O vigilante recebeu atendimento imediato por equipe do Servi\u00e7o de Atendimento M\u00f3vel de Urg\u00eancia (Samu), encontrando-se, at\u00e9 o momento, fora de risco de morte. <strong>O TRE-BA segue prestando todo apoio necess\u00e1rio ao agente ferido, bem como acompanhando o caso junto \u00e0s autoridades competentes.<\/strong><\/p>\n<p>\u201cReafirmamos o nosso compromisso com a integridade f\u00edsica do corpo funcional do TRE-BA e usu\u00e1rios dos servi\u00e7os da Justi\u00e7a Eleitoral, especialmente neste per\u00edodo de grande fluxo de atendimento, em raz\u00e3o do fechamento do cadastro eleitoral.\u201d\u00a0<\/p>\n<p>Apesar do robusto plano de seguran\u00e7a para o processo eleitoral, ap\u00f3s o caso, o TRE-BA informa que medidas de refor\u00e7o na seguran\u00e7a ser\u00e3o adotadas para os Cart\u00f3rios Eleitorais e Centrais de Atendimento ao P\u00fablico em toda Bahia.\u00a0<\/p>\n<p>O atendimento continuou sendo prestado no Cart\u00f3rio Eleitoral de Cama\u00e7ari nesta segunda-feira (27), at\u00e9 as 14 horas. Contudo, o TRE-BA sugere que os eleitores e as eleitoras, \u2013 exceto aqueles que est\u00e3o pendentes de coleta biom\u00e9trica-, busquem o Autoatendimento da Justi\u00e7a Eleitoral pelo site\u00a0<a href=\"http:\/\/www.tre-ba.jus.br\/\">www.tre-ba.jus.br<\/a>.<\/p>\n<p><em>Siga o Acorda Cidade no\u00a0<\/em><a href=\"https:\/\/news.google.com\/search?q=acorda%20cidade&amp;hl=pt-BR&amp;gl=BR&amp;ceid=BR%3Apt-419\"><strong><em>Google Not\u00edcias<\/em><\/strong><\/a><em>\u00a0e receba os principais destaques do dia. Participe tamb\u00e9m dos nossos canais no\u00a0<\/em><a href=\"https:\/\/www.whatsapp.com\/channel\/0029Va6Rb4v3WHTNnsh8WI3N\"><strong><em>WhatsApp<\/em><\/strong><\/a><em>\u00a0e\u00a0<\/em><a href=\"https:\/\/www.youtube.com\/@acordacidadenoticias\/videos\"><strong>YouTube<\/strong><\/a><em>\u00a0e grupo de\u00a0<\/em><a href=\"https:\/\/t.me\/+sSz0khrgARA0ZmRh\"><strong><em>Telegram<\/em><\/strong><\/a><em>.<\/em><\/p>\n<\/div>\n","protected":false},"excerpt":{"rendered":"<div>\n<div>\n<figure><img decoding=\"async\" src=\"https:\/\/uploads.acordacidade.com.br\/2026\/04\/Forum-Eleitoral-Camacari-.webp\" alt=\"Homem \u00e9 morto ap\u00f3s agredir seguran\u00e7a no F\u00f3rum Eleitoral de Cama\u00e7ari\"><figcaption>Foto: Anderson de Almeida \/ Mais Regi\u00e3o<\/figcaption><\/figure>\n<\/div>\n<p>O vigilante reagiu, efetuando disparos de arma de fogo, o que resultou no \u00f3bito do agressor ainda no local.<\/p><\/div>\n","protected":false},"author":1,"featured_media":128565,"comment_status":"closed","ping_status":"closed","sticky":false,"template":"","format":"gallery","meta":{"footnotes":""},"categories":[8,9,6,57,56,10],"tags":[],"class_list":["post-128564","post","type-post","status-publish","format-gallery","has-post-thumbnail","hentry","category-bahia","category-brasil","category-feira-de-santana","category-mundo","category-policia","category-politica","post_format-post-format-gallery"],"featured_image_urls":{"full":["https:\/\/noticiasbahia360.com.br\/wp-content\/uploads\/2026\/04\/Forum-Eleitoral-Camacari-.webp",1200,630,false],"thumbnail":["https:\/\/noticiasbahia360.com.br\/wp-content\/uploads\/2026\/04\/Forum-Eleitoral-Camacari--150x150.webp",150,150,true],"medium":["https:\/\/noticiasbahia360.com.br\/wp-content\/uploads\/2026\/04\/Forum-Eleitoral-Camacari--300x158.webp",300,158,true],"medium_large":["https:\/\/noticiasbahia360.com.br\/wp-content\/uploads\/2026\/04\/Forum-Eleitoral-Camacari--768x403.webp",640,336,true],"large":["https:\/\/noticiasbahia360.com.br\/wp-content\/uploads\/2026\/04\/Forum-Eleitoral-Camacari--1024x538.webp",640,336,true],"1536x1536":["https:\/\/noticiasbahia360.com.br\/wp-content\/uploads\/2026\/04\/Forum-Eleitoral-Camacari-.webp",1200,630,false],"2048x2048":["https:\/\/noticiasbahia360.com.br\/wp-content\/uploads\/2026\/04\/Forum-Eleitoral-Camacari-.webp",1200,630,false],"chromenews-featured":["https:\/\/noticiasbahia360.com.br\/wp-content\/uploads\/2026\/04\/Forum-Eleitoral-Camacari--1024x538.webp",1024,538,true],"chromenews-large":["https:\/\/noticiasbahia360.com.br\/wp-content\/uploads\/2026\/04\/Forum-Eleitoral-Camacari--825x575.webp",825,575,true],"chromenews-medium":["https:\/\/noticiasbahia360.com.br\/wp-content\/uploads\/2026\/04\/Forum-Eleitoral-Camacari--590x410.webp",590,410,true]},"author_info":{"display_name":"noticiasbahia360.com.br","author_link":"https:\/\/noticiasbahia360.com.br\/?author=1"},"category_info":"<a href=\"https:\/\/noticiasbahia360.com.br\/?cat=8\" rel=\"category\">Bahia<\/a> <a href=\"https:\/\/noticiasbahia360.com.br\/?cat=9\" rel=\"category\">Brasil<\/a> <a href=\"https:\/\/noticiasbahia360.com.br\/?cat=6\" rel=\"category\">Feira de Santana<\/a> <a href=\"https:\/\/noticiasbahia360.com.br\/?cat=57\" rel=\"category\">Mundo<\/a> <a href=\"https:\/\/noticiasbahia360.com.br\/?cat=56\" rel=\"category\">Pol\u00edcia<\/a> <a href=\"https:\/\/noticiasbahia360.com.br\/?cat=10\" rel=\"category\">Pol\u00edtica<\/a>","tag_info":"Pol\u00edtica","comment_count":"0","_links":{"self":[{"href":"https:\/\/noticiasbahia360.com.br\/index.php?rest_route=\/wp\/v2\/posts\/128564","targetHints":{"allow":["GET"]}}],"collection":[{"href":"https:\/\/noticiasbahia360.com.br\/index.php?rest_route=\/wp\/v2\/posts"}],"about":[{"href":"https:\/\/noticiasbahia360.com.br\/index.php?rest_route=\/wp\/v2\/types\/post"}],"author":[{"embeddable":true,"href":"https:\/\/noticiasbahia360.com.br\/index.php?rest_route=\/wp\/v2\/users\/1"}],"replies":[{"embeddable":true,"href":"https:\/\/noticiasbahia360.com.br\/index.php?rest_route=%2Fwp%2Fv2%2Fcomments&post=128564"}],"version-history":[{"count":0,"href":"https:\/\/noticiasbahia360.com.br\/index.php?rest_route=\/wp\/v2\/posts\/128564\/revisions"}],"wp:featuredmedia":[{"embeddable":true,"href":"https:\/\/noticiasbahia360.com.br\/index.php?rest_route=\/wp\/v2\/media\/128565"}],"wp:attachment":[{"href":"https:\/\/noticiasbahia360.com.br\/index.php?rest_route=%2Fwp%2Fv2%2Fmedia&parent=128564"}],"wp:term":[{"taxonomy":"category","embeddable":true,"href":"https:\/\/noticiasbahia360.com.br\/index.php?rest_route=%2Fwp%2Fv2%2Fcategories&post=128564"},{"taxonomy":"post_tag","embeddable":true,"href":"https:\/\/noticiasbahia360.com.br\/index.php?rest_route=%2Fwp%2Fv2%2Ftags&post=128564"}],"curies":[{"name":"wp","href":"https:\/\/api.w.org\/{rel}","templated":true}]}}