{"id":128566,"date":"2026-04-27T16:15:57","date_gmt":"2026-04-27T19:15:57","guid":{"rendered":"https:\/\/noticiasbahia360.com.br\/?p=128566"},"modified":"2026-04-27T16:15:57","modified_gmt":"2026-04-27T19:15:57","slug":"estado-de-sp-e-condenado-a-pagar-r-200-mil-por-morte-de-jovem-baleado-por-pm-de-folga","status":"publish","type":"post","link":"https:\/\/noticiasbahia360.com.br\/?p=128566","title":{"rendered":"Estado de SP \u00e9 condenado a pagar R$ 200 mil por morte de jovem baleado por PM de folga"},"content":{"rendered":"<div>\n<div>\n<figure><img decoding=\"async\" src=\"http:\/\/noticiasbahia360.com.br\/wp-content\/uploads\/2026\/04\/Antonio-e-Silvia-pais-de-Gabriel-Renan-da-Silva-Soares-que-foi-executado-por-PM.jpg\" alt=\"Ant\u00f4nio e Silvia, pais de Gabriel Renan da Silva Soares, que foi executado por PM\"><figcaption>Ant\u00f4nio e Silvia, pais de Gabriel Renan da Silva Soares | Foto: Reprodu\u00e7\u00e3o\/ g1<\/figcaption><\/figure>\n<\/div>\n<p>Ag\u00eancia Brasil- <strong>A Justi\u00e7a condenou o estado de S\u00e3o Paulo ao pagamento de indeniza\u00e7\u00e3o de R$ 200 mil para a fam\u00edlia de Gabriel Renan da Silva Soares, morto por um policial militar (PM) que estava de folga.<\/strong>\u00a0A v\u00edtima foi atingida por 11 disparos em 3 de novembro de 2024, em frente a um mercado da zona sul da capital paulista.<img decoding=\"async\" src=\"https:\/\/agenciabrasil.ebc.com.br\/ebc.png?id=1687397&amp;o=node\"><img decoding=\"async\" src=\"https:\/\/agenciabrasil.ebc.com.br\/ebc.gif?id=1687397&amp;o=node\"><\/p>\n<p>Na ocasi\u00e3o, Gabriel havia furtado produtos de limpeza no mercado e correu para fora do pr\u00e9dio, mas escorregou durante a fuga e caiu no ch\u00e3o, j\u00e1 na cal\u00e7ada, pr\u00f3ximo \u00e0 porta. A v\u00edtima se levantou e correu em dire\u00e7\u00e3o \u00e0 rua, mas foi alvejada pelo policial.<\/p>\n<p>Imagens de c\u00e2meras de seguran\u00e7a do mercado mostram que o policial estava no caixa quando Gabriel passou pela porta de sa\u00edda. O PM virou-se e caminhou na dire\u00e7\u00e3o da sa\u00edda, puxando a arma da cintura, atirando diversas vezes pelas costas.<\/p>\n<p>\u201cA responsabilidade civil objetiva do Estado, pautada na Teoria do Risco Administrativo, alcan\u00e7a atos praticados por agentes p\u00fablicos que, mesmo em seus per\u00edodos de descanso, se valham da condi\u00e7\u00e3o de autoridade ou utilizem instrumentos e recursos colocados \u00e0 sua disposi\u00e7\u00e3o em raz\u00e3o do cargo para intervir em situa\u00e7\u00f5es de conflito\u201d, diz decis\u00e3o do juiz Fabricio Figliuolo Fernandes.<\/p>\n<p><strong>De acordo com o juiz, \u00e9 incontroverso que o policial militar utilizou uma arma de fogo pertencente \u00e0 corpora\u00e7\u00e3o e atuou sob o pretexto de exercer sua fun\u00e7\u00e3o ostensiva para interromper a pr\u00e1tica de um suposto furto.<\/strong><\/p>\n<blockquote class=\"wp-block-quote is-layout-flow wp-block-quote-is-layout-flow\">\n<p>\u201cAo intervir em um evento delituoso valendo-se do poder de pol\u00edcia que lhe \u00e9 inerente e utilizando armamento fornecido pelo Estado, o agente atua, para todos os efeitos jur\u00eddicos, na qualidade de preposto estatal\u201d, concluiu o magistrado.<\/p>\n<\/blockquote>\n<p><strong>No ano passado, o policial foi condenado a dois anos, um m\u00eas e 27 dias de deten\u00e7\u00e3o, em regime inicial semiaberto, al\u00e9m da perda de cargo p\u00fablico. O Minist\u00e9rio P\u00fablico de S\u00e3o Paulo (MPSP), no entanto, recorreu e o PM dever\u00e1 ser julgado novamente por j\u00fari popular.<\/strong><\/p>\n<p>A Procuradoria Geral Estado SP disse, em nota, que\u00a0o Estado de S\u00e3o Paulo n\u00e3o foi notificado da decis\u00e3o.<\/p>\n<p><em>Siga o Acorda Cidade no\u00a0<\/em><a href=\"https:\/\/news.google.com\/search?q=acorda%20cidade&amp;hl=pt-BR&amp;gl=BR&amp;ceid=BR%3Apt-419\"><strong><em>Google Not\u00edcias<\/em><\/strong><\/a><em>\u00a0e receba os principais destaques do dia. Participe tamb\u00e9m dos nossos canais no\u00a0<\/em><a href=\"https:\/\/www.whatsapp.com\/channel\/0029Va6Rb4v3WHTNnsh8WI3N\"><strong><em>WhatsApp<\/em><\/strong><\/a><em>\u00a0e\u00a0<\/em><a href=\"https:\/\/www.youtube.com\/@acordacidadenoticias\/videos\"><strong>YouTube<\/strong><\/a><em>e do grupo no\u00a0<\/em><a href=\"https:\/\/t.me\/+sSz0khrgARA0ZmRh\"><strong><em>Telegram<\/em><\/strong><\/a><em>.<\/em><\/p>\n<\/div>\n","protected":false},"excerpt":{"rendered":"<div>\n<div>\n<figure><img decoding=\"async\" src=\"https:\/\/uploads.acordacidade.com.br\/2026\/04\/Antonio-e-Silvia-pais-de-Gabriel-Renan-da-Silva-Soares-que-foi-executado-por-PM.jpg\" alt=\"Ant\u00f4nio e Silvia, pais de Gabriel Renan da Silva Soares, que foi executado por PM\"><figcaption>Ant\u00f4nio e Silvia, pais de Gabriel Renan da Silva Soares | Foto: Reprodu\u00e7\u00e3o\/ g1<\/figcaption><\/figure>\n<\/div>\n<p>A v\u00edtima foi atingida por 11 disparos em 3 de novembro de 2024, em frente a um mercado da zona sul da capital paulista.<\/p><\/div>\n","protected":false},"author":1,"featured_media":128567,"comment_status":"closed","ping_status":"closed","sticky":false,"template":"","format":"gallery","meta":{"footnotes":""},"categories":[8,9,6,57,56,10],"tags":[],"class_list":["post-128566","post","type-post","status-publish","format-gallery","has-post-thumbnail","hentry","category-bahia","category-brasil","category-feira-de-santana","category-mundo","category-policia","category-politica","post_format-post-format-gallery"],"featured_image_urls":{"full":["https:\/\/noticiasbahia360.com.br\/wp-content\/uploads\/2026\/04\/Antonio-e-Silvia-pais-de-Gabriel-Renan-da-Silva-Soares-que-foi-executado-por-PM.jpg",1200,670,false],"thumbnail":["https:\/\/noticiasbahia360.com.br\/wp-content\/uploads\/2026\/04\/Antonio-e-Silvia-pais-de-Gabriel-Renan-da-Silva-Soares-que-foi-executado-por-PM-150x150.jpg",150,150,true],"medium":["https:\/\/noticiasbahia360.com.br\/wp-content\/uploads\/2026\/04\/Antonio-e-Silvia-pais-de-Gabriel-Renan-da-Silva-Soares-que-foi-executado-por-PM-300x168.jpg",300,168,true],"medium_large":["https:\/\/noticiasbahia360.com.br\/wp-content\/uploads\/2026\/04\/Antonio-e-Silvia-pais-de-Gabriel-Renan-da-Silva-Soares-que-foi-executado-por-PM-768x429.jpg",640,358,true],"large":["https:\/\/noticiasbahia360.com.br\/wp-content\/uploads\/2026\/04\/Antonio-e-Silvia-pais-de-Gabriel-Renan-da-Silva-Soares-que-foi-executado-por-PM-1024x572.jpg",640,358,true],"1536x1536":["https:\/\/noticiasbahia360.com.br\/wp-content\/uploads\/2026\/04\/Antonio-e-Silvia-pais-de-Gabriel-Renan-da-Silva-Soares-que-foi-executado-por-PM.jpg",1200,670,false],"2048x2048":["https:\/\/noticiasbahia360.com.br\/wp-content\/uploads\/2026\/04\/Antonio-e-Silvia-pais-de-Gabriel-Renan-da-Silva-Soares-que-foi-executado-por-PM.jpg",1200,670,false],"chromenews-featured":["https:\/\/noticiasbahia360.com.br\/wp-content\/uploads\/2026\/04\/Antonio-e-Silvia-pais-de-Gabriel-Renan-da-Silva-Soares-que-foi-executado-por-PM-1024x572.jpg",1024,572,true],"chromenews-large":["https:\/\/noticiasbahia360.com.br\/wp-content\/uploads\/2026\/04\/Antonio-e-Silvia-pais-de-Gabriel-Renan-da-Silva-Soares-que-foi-executado-por-PM-825x575.jpg",825,575,true],"chromenews-medium":["https:\/\/noticiasbahia360.com.br\/wp-content\/uploads\/2026\/04\/Antonio-e-Silvia-pais-de-Gabriel-Renan-da-Silva-Soares-que-foi-executado-por-PM-590x410.jpg",590,410,true]},"author_info":{"display_name":"noticiasbahia360.com.br","author_link":"https:\/\/noticiasbahia360.com.br\/?author=1"},"category_info":"<a href=\"https:\/\/noticiasbahia360.com.br\/?cat=8\" rel=\"category\">Bahia<\/a> <a href=\"https:\/\/noticiasbahia360.com.br\/?cat=9\" rel=\"category\">Brasil<\/a> <a href=\"https:\/\/noticiasbahia360.com.br\/?cat=6\" rel=\"category\">Feira de Santana<\/a> <a href=\"https:\/\/noticiasbahia360.com.br\/?cat=57\" rel=\"category\">Mundo<\/a> <a href=\"https:\/\/noticiasbahia360.com.br\/?cat=56\" rel=\"category\">Pol\u00edcia<\/a> <a href=\"https:\/\/noticiasbahia360.com.br\/?cat=10\" rel=\"category\">Pol\u00edtica<\/a>","tag_info":"Pol\u00edtica","comment_count":"0","_links":{"self":[{"href":"https:\/\/noticiasbahia360.com.br\/index.php?rest_route=\/wp\/v2\/posts\/128566","targetHints":{"allow":["GET"]}}],"collection":[{"href":"https:\/\/noticiasbahia360.com.br\/index.php?rest_route=\/wp\/v2\/posts"}],"about":[{"href":"https:\/\/noticiasbahia360.com.br\/index.php?rest_route=\/wp\/v2\/types\/post"}],"author":[{"embeddable":true,"href":"https:\/\/noticiasbahia360.com.br\/index.php?rest_route=\/wp\/v2\/users\/1"}],"replies":[{"embeddable":true,"href":"https:\/\/noticiasbahia360.com.br\/index.php?rest_route=%2Fwp%2Fv2%2Fcomments&post=128566"}],"version-history":[{"count":0,"href":"https:\/\/noticiasbahia360.com.br\/index.php?rest_route=\/wp\/v2\/posts\/128566\/revisions"}],"wp:featuredmedia":[{"embeddable":true,"href":"https:\/\/noticiasbahia360.com.br\/index.php?rest_route=\/wp\/v2\/media\/128567"}],"wp:attachment":[{"href":"https:\/\/noticiasbahia360.com.br\/index.php?rest_route=%2Fwp%2Fv2%2Fmedia&parent=128566"}],"wp:term":[{"taxonomy":"category","embeddable":true,"href":"https:\/\/noticiasbahia360.com.br\/index.php?rest_route=%2Fwp%2Fv2%2Fcategories&post=128566"},{"taxonomy":"post_tag","embeddable":true,"href":"https:\/\/noticiasbahia360.com.br\/index.php?rest_route=%2Fwp%2Fv2%2Ftags&post=128566"}],"curies":[{"name":"wp","href":"https:\/\/api.w.org\/{rel}","templated":true}]}}