{"id":128572,"date":"2026-04-27T16:35:58","date_gmt":"2026-04-27T19:35:58","guid":{"rendered":"https:\/\/noticiasbahia360.com.br\/?p=128572"},"modified":"2026-04-27T16:35:58","modified_gmt":"2026-04-27T19:35:58","slug":"associacoes-de-juizes-solicitam-prazo-para-cumprir-regra-que-limita-penduricalhos","status":"publish","type":"post","link":"https:\/\/noticiasbahia360.com.br\/?p=128572","title":{"rendered":"Associa\u00e7\u00f5es de ju\u00edzes solicitam prazo para cumprir regra que limita \u201cpenduricalhos\u201d"},"content":{"rendered":"<div>\n<div>\n<figure><img decoding=\"async\" src=\"http:\/\/noticiasbahia360.com.br\/wp-content\/uploads\/2026\/04\/supremo-tribunal-federal-stf-foto-marcello-casal-jr-agencia-brasil.jpg\" alt=\"Supremo Tribunal Federal - STF\"><figcaption>Foto: Marcello Casal Jr\/Ag\u00eancia Brasil<\/figcaption><\/figure>\n<\/div>\n<p>Ag\u00eancia Brasil- <strong>Associa\u00e7\u00f5es que representam ju\u00edzes e membros do Minist\u00e9rio P\u00fablico pediram ao Supremo Tribunal Federal (STF) mais 30 dias para aplica\u00e7\u00e3o das regras que restringiram o pagamento de penduricalhos.<\/strong><img decoding=\"async\" src=\"https:\/\/agenciabrasil.ebc.com.br\/ebc.png?id=1687407&amp;o=node\"><img decoding=\"async\" src=\"https:\/\/agenciabrasil.ebc.com.br\/ebc.gif?id=1687407&amp;o=node\"><\/p>\n<p>Penduricalhos\u00a0s\u00e3o benef\u00edcios concedidos a servidores p\u00fablicos e que, somados ao sal\u00e1rio, n\u00e3o cumprem o teto remunerat\u00f3rio constitucional de R$ 46,3 mil.<\/p>\n<p><strong>No dia 25 de mar\u00e7o, por unanimidade, os ministros do Supremo decidiram que as indeniza\u00e7\u00f5es adicionais, gratifica\u00e7\u00f5es e aux\u00edlios dever\u00e3o ser limitados a 35% do valor do sal\u00e1rio dos ministros do STF, que tem o teto como refer\u00eancia e \u00e9 equivalente a R$ 46,3 mil.<\/strong><\/p>\n<p><strong>Pela decis\u00e3o da Corte, as restri\u00e7\u00f5es devem ser aplicadas de forma imediata pelos \u00f3rg\u00e3os do Judici\u00e1rio e do Minist\u00e9rio P\u00fablico.<\/strong><\/p>\n<p>Segundo a Associa\u00e7\u00e3o dos Magistrados Brasileiros (AMB), entidade que representa as demais associa\u00e7\u00f5es, os tribunais est\u00e3o com dificuldade para aplicar a decis\u00e3o da Corte. A entidade ainda acrescentou que ac\u00f3rd\u00e3o do julgamento ainda n\u00e3o foi publicado, e os magistrados n\u00e3o podem ser prejudicados com o corte dos penduricalhos.<\/p>\n<p><strong>Conforme solicita\u00e7\u00e3o da Associa\u00e7\u00e3o dos Magistrados\u00a0\u00a0o prazo de mais 30 dias para aplica\u00e7\u00e3o das regras passaria a contar a partir do julgamento de eventuais recursos contra a limita\u00e7\u00e3o do pagamento dos penduricalhos.<\/strong><\/p>\n<blockquote class=\"wp-block-quote is-layout-flow wp-block-quote-is-layout-flow\">\n<p>\u201cO que \u00e9 certo e a AMB pode atestar \u00e9 que os tribunais est\u00e3o em dificuldade para dar cumprimento \u00e0 decis\u00e3o desse STF sem que tal cumprimento possa violar direito dos magistrados em raz\u00e3o de eventual incompreens\u00e3o da decis\u00e3o\u201d, afirmou a entidade.<\/p>\n<\/blockquote>\n<h2 class=\"wp-block-heading\" id=\"h-penduricalhos\">Penduricalhos<\/h2>\n<p>Na pr\u00e1tica, apesar de limitar os penduricalhos em 35%, a decis\u00e3o do Supremo validou os pagamentos acima do teto constitucional.<\/p>\n<p><strong>Dessa forma, ju\u00edzes, promotores e procuradores poder\u00e3o ganhar pelo menos R$ 62,5 mil mensais, somando o teto de R$ 46,3 mil e R$ 16,2 mil em penduricalhos.<\/strong><\/p>\n<p>No final de carreira, o sal\u00e1rio poder\u00e1 chegar a R$ 78,8 mil, com o pagamento de aux\u00edlio por tempo de servi\u00e7o (ATS), que tamb\u00e9m foi limitado a 35% do teto.<\/p>\n<p><em>Siga o Acorda Cidade no\u00a0<\/em><a href=\"https:\/\/news.google.com\/search?q=acorda%20cidade&amp;hl=pt-BR&amp;gl=BR&amp;ceid=BR%3Apt-419\"><strong><em>Google Not\u00edcias<\/em><\/strong><\/a><em>\u00a0e receba os principais destaques do dia. Participe tamb\u00e9m dos nossos canais no\u00a0<\/em><a href=\"https:\/\/www.whatsapp.com\/channel\/0029Va6Rb4v3WHTNnsh8WI3N\"><strong><em>WhatsApp<\/em><\/strong><\/a><em>\u00a0e\u00a0<\/em><a href=\"https:\/\/www.youtube.com\/@acordacidadenoticias\/videos\"><strong>YouTube<\/strong><\/a><em>e do grupo no\u00a0<\/em><a href=\"https:\/\/t.me\/+sSz0khrgARA0ZmRh\"><strong><em>Telegram<\/em><\/strong><\/a><em>.<\/em><\/p>\n<\/div>\n","protected":false},"excerpt":{"rendered":"<div>\n<div>\n<figure><img decoding=\"async\" src=\"https:\/\/www.acordacidade.com.br\/wp-content\/uploads\/2025\/11\/supremo-tribunal-federal-stf-foto-marcello-casal-jr-agencia-brasil.jpg\" alt=\"Supremo Tribunal Federal - STF\"><figcaption>Foto: Marcello Casal Jr\/Ag\u00eancia Brasil<\/figcaption><\/figure>\n<\/div>\n<p>Na pr\u00e1tica, apesar de limitar os penduricalhos em 35%, a decis\u00e3o do Supremo validou os pagamentos acima do teto constitucional.<\/p><\/div>\n","protected":false},"author":1,"featured_media":128573,"comment_status":"closed","ping_status":"closed","sticky":false,"template":"","format":"gallery","meta":{"footnotes":""},"categories":[8,9,6,57,56,10],"tags":[],"class_list":["post-128572","post","type-post","status-publish","format-gallery","has-post-thumbnail","hentry","category-bahia","category-brasil","category-feira-de-santana","category-mundo","category-policia","category-politica","post_format-post-format-gallery"],"featured_image_urls":{"full":["https:\/\/noticiasbahia360.com.br\/wp-content\/uploads\/2026\/04\/supremo-tribunal-federal-stf-foto-marcello-casal-jr-agencia-brasil.jpg",1200,718,false],"thumbnail":["https:\/\/noticiasbahia360.com.br\/wp-content\/uploads\/2026\/04\/supremo-tribunal-federal-stf-foto-marcello-casal-jr-agencia-brasil-150x150.jpg",150,150,true],"medium":["https:\/\/noticiasbahia360.com.br\/wp-content\/uploads\/2026\/04\/supremo-tribunal-federal-stf-foto-marcello-casal-jr-agencia-brasil-300x180.jpg",300,180,true],"medium_large":["https:\/\/noticiasbahia360.com.br\/wp-content\/uploads\/2026\/04\/supremo-tribunal-federal-stf-foto-marcello-casal-jr-agencia-brasil-768x460.jpg",640,383,true],"large":["https:\/\/noticiasbahia360.com.br\/wp-content\/uploads\/2026\/04\/supremo-tribunal-federal-stf-foto-marcello-casal-jr-agencia-brasil-1024x613.jpg",640,383,true],"1536x1536":["https:\/\/noticiasbahia360.com.br\/wp-content\/uploads\/2026\/04\/supremo-tribunal-federal-stf-foto-marcello-casal-jr-agencia-brasil.jpg",1200,718,false],"2048x2048":["https:\/\/noticiasbahia360.com.br\/wp-content\/uploads\/2026\/04\/supremo-tribunal-federal-stf-foto-marcello-casal-jr-agencia-brasil.jpg",1200,718,false],"chromenews-featured":["https:\/\/noticiasbahia360.com.br\/wp-content\/uploads\/2026\/04\/supremo-tribunal-federal-stf-foto-marcello-casal-jr-agencia-brasil-1024x613.jpg",1024,613,true],"chromenews-large":["https:\/\/noticiasbahia360.com.br\/wp-content\/uploads\/2026\/04\/supremo-tribunal-federal-stf-foto-marcello-casal-jr-agencia-brasil-825x575.jpg",825,575,true],"chromenews-medium":["https:\/\/noticiasbahia360.com.br\/wp-content\/uploads\/2026\/04\/supremo-tribunal-federal-stf-foto-marcello-casal-jr-agencia-brasil-590x410.jpg",590,410,true]},"author_info":{"display_name":"noticiasbahia360.com.br","author_link":"https:\/\/noticiasbahia360.com.br\/?author=1"},"category_info":"<a href=\"https:\/\/noticiasbahia360.com.br\/?cat=8\" rel=\"category\">Bahia<\/a> <a href=\"https:\/\/noticiasbahia360.com.br\/?cat=9\" rel=\"category\">Brasil<\/a> <a href=\"https:\/\/noticiasbahia360.com.br\/?cat=6\" rel=\"category\">Feira de Santana<\/a> <a href=\"https:\/\/noticiasbahia360.com.br\/?cat=57\" rel=\"category\">Mundo<\/a> <a href=\"https:\/\/noticiasbahia360.com.br\/?cat=56\" rel=\"category\">Pol\u00edcia<\/a> <a href=\"https:\/\/noticiasbahia360.com.br\/?cat=10\" rel=\"category\">Pol\u00edtica<\/a>","tag_info":"Pol\u00edtica","comment_count":"0","_links":{"self":[{"href":"https:\/\/noticiasbahia360.com.br\/index.php?rest_route=\/wp\/v2\/posts\/128572","targetHints":{"allow":["GET"]}}],"collection":[{"href":"https:\/\/noticiasbahia360.com.br\/index.php?rest_route=\/wp\/v2\/posts"}],"about":[{"href":"https:\/\/noticiasbahia360.com.br\/index.php?rest_route=\/wp\/v2\/types\/post"}],"author":[{"embeddable":true,"href":"https:\/\/noticiasbahia360.com.br\/index.php?rest_route=\/wp\/v2\/users\/1"}],"replies":[{"embeddable":true,"href":"https:\/\/noticiasbahia360.com.br\/index.php?rest_route=%2Fwp%2Fv2%2Fcomments&post=128572"}],"version-history":[{"count":0,"href":"https:\/\/noticiasbahia360.com.br\/index.php?rest_route=\/wp\/v2\/posts\/128572\/revisions"}],"wp:featuredmedia":[{"embeddable":true,"href":"https:\/\/noticiasbahia360.com.br\/index.php?rest_route=\/wp\/v2\/media\/128573"}],"wp:attachment":[{"href":"https:\/\/noticiasbahia360.com.br\/index.php?rest_route=%2Fwp%2Fv2%2Fmedia&parent=128572"}],"wp:term":[{"taxonomy":"category","embeddable":true,"href":"https:\/\/noticiasbahia360.com.br\/index.php?rest_route=%2Fwp%2Fv2%2Fcategories&post=128572"},{"taxonomy":"post_tag","embeddable":true,"href":"https:\/\/noticiasbahia360.com.br\/index.php?rest_route=%2Fwp%2Fv2%2Ftags&post=128572"}],"curies":[{"name":"wp","href":"https:\/\/api.w.org\/{rel}","templated":true}]}}