{"id":128576,"date":"2026-04-27T16:41:01","date_gmt":"2026-04-27T19:41:01","guid":{"rendered":"https:\/\/noticiasbahia360.com.br\/?p=128576"},"modified":"2026-04-27T16:41:01","modified_gmt":"2026-04-27T19:41:01","slug":"viralizou-versao-feirense-de-clipe-de-michael-jackson-ultrapassa-6-milhoes-de-visualizacoes","status":"publish","type":"post","link":"https:\/\/noticiasbahia360.com.br\/?p=128576","title":{"rendered":"Viralizou: vers\u00e3o feirense de clipe de Michael Jackson ultrapassa 6 milh\u00f5es de visualiza\u00e7\u00f5es"},"content":{"rendered":"<div>\n<div>\n<figure><img decoding=\"async\" src=\"http:\/\/noticiasbahia360.com.br\/wp-content\/uploads\/2026\/04\/junior-caldeirao-michael-jackson-thriller.jpg\" alt=\"Vers\u00e3o feirense de clipe de Michael Jackson ultrapassa 5 milh\u00e3o de visualiza\u00e7\u00f5es e viraliza nas redes\"><figcaption>Foto: Redes sociais<\/figcaption><\/figure>\n<\/div>\n<p>Uma releitura do cl\u00e1ssico videoclipe \u201cThriller\u201d, de Michael Jackson, colocou o influenciador feirense J\u00fanior Caldeir\u00e3o entre os assuntos mais comentados nas redes sociais nos \u00faltimos dias. Gravado no condom\u00ednio onde mora, em Feira de Santana, o v\u00eddeo j\u00e1 soma mais de 6 milh\u00f5es de visualiza\u00e7\u00f5es no Instagram.<\/p>\n<p>A produ\u00e7\u00e3o \u00e9 uma vers\u00e3o com tom humorado do ic\u00f4nico clipe lan\u00e7ado nos anos 1980, marcado pela est\u00e9tica de zumbis e coreografia sincronizada. Na vers\u00e3o de Caldeir\u00e3o, ele aparece acompanhado por dan\u00e7arinos que recriam os passos cl\u00e1ssicos da vers\u00e3o original, mas com identidade local.<\/p>\n<figure class=\"wp-block-embed is-type-rich is-provider-instagram wp-block-embed-instagram\">\n<div class=\"wp-block-embed__wrapper\"><iframe title=\"Instagram frame\" loading=\"lazy\" height=\"628\" class=\"instagram-embed-iframe\" src=\"https:\/\/www.instagram.com\/reel\/DXnAAV3CYNH\/embed\/\" allowtransparency=\"true\" frameborder=\"0\" scrolling=\"no\" onload=\"(function(o){window.instagramIframe = window.instagramIframe || []; window.instagramIframe.push(o);})(this)\" style=\"border: 0px; margin: 0 auto; max-width: 658px; width: calc(100% - 2px); border-radius: 4px; box-shadow: rgba(0, 0, 0, 0.498039) 0px 0px 1px 0px, rgba(0, 0, 0, 0.14902) 0px 1px 10px 0px; display: block; padding: 0px; background: rgb(255, 255, 255);\"><\/iframe><\/div>\n<\/figure>\n<p>Um dos destaques da produ\u00e7\u00e3o \u00e9 a coreografia, que ficou sob responsabilidade do grupo de dan\u00e7a OSM, da cidade de Irar\u00e1. O coletivo tem ganhado visibilidade com a repercuss\u00e3o do v\u00eddeo, chamando aten\u00e7\u00e3o pela execu\u00e7\u00e3o dos passos e pela caracteriza\u00e7\u00e3o semelhante ao clipe original.<\/p>\n<p>A vers\u00e3o de J\u00fanior Caldeir\u00e3o foi lan\u00e7ada justamente no momento em que o filme \u201cMichael\u201d, cinebiografia do artista, registra forte desempenho nas bilheterias. O longa, dirigido por Antoine Fuqua, j\u00e1 ultrapassou 1,6 milh\u00e3o de espectadores no Brasil e arrecadou mais de R$ 40 milh\u00f5es, segundo dados da Comscore, liderando o ranking nacional desde a estreia.<\/p>\n<figure class=\"wp-block-image size-full\"><img fetchpriority=\"high\" fetchpriority=\"high\" decoding=\"async\" width=\"1200\" height=\"646\" src=\"http:\/\/noticiasbahia360.com.br\/wp-content\/uploads\/2026\/04\/jaafar-jackson-michael-jackson-filme.jpg\" alt=\"Viralizou: vers\u00e3o feirense de clipe de Michael Jackson ultrapassa 6 milh\u00e3o de visualiza\u00e7\u00f5es\" class=\"wp-image-650417\" srcset=\"http:\/\/noticiasbahia360.com.br\/wp-content\/uploads\/2026\/04\/jaafar-jackson-michael-jackson-filme.jpg 1200w, https:\/\/uploads.acordacidade.com.br\/2026\/04\/jaafar-jackson-michael-jackson-filme-750x404.jpg 750w, https:\/\/uploads.acordacidade.com.br\/2026\/04\/jaafar-jackson-michael-jackson-filme-1000x538.jpg 1000w, https:\/\/uploads.acordacidade.com.br\/2026\/04\/jaafar-jackson-michael-jackson-filme-450x242.jpg 450w, https:\/\/uploads.acordacidade.com.br\/2026\/04\/jaafar-jackson-michael-jackson-filme-150x81.jpg 150w\" sizes=\"(max-width: 1200px) 100vw, 1200px\"><figcaption class=\"wp-element-caption\">Jaafar Jackson: sobrinho do cantor interpreta Michael Jackson no filme (Lionsgate \/Divulga\u00e7\u00e3o)<\/figcaption><\/figure>\n<p><em>Siga o Acorda Cidade no<\/em><a href=\"https:\/\/news.google.com\/search?q=acorda%20cidade&amp;hl=pt-BR&amp;gl=BR&amp;ceid=BR%3Apt-419\"><strong><em>\u00a0Google Not\u00edcias<\/em><\/strong><\/a><em>\u00a0e receba os principais destaques do dia. Participe tamb\u00e9m dos nossos canais no\u00a0<\/em><a href=\"https:\/\/www.whatsapp.com\/channel\/0029Va6Rb4v3WHTNnsh8WI3N\"><strong><em>WhatsApp<\/em><\/strong><\/a><em>\u00a0e\u00a0<\/em><a href=\"https:\/\/www.youtube.com\/@acordacidadenoticias\/videos\"><strong>Youtube<\/strong><\/a><em>\u00a0e grupo de\u00a0<\/em><a href=\"https:\/\/t.me\/+sSz0khrgARA0ZmRh\"><strong><em>Telegram<\/em><\/strong><\/a><em>.<\/em><\/p>\n<\/div>\n","protected":false},"excerpt":{"rendered":"<div>\n<div>\n<figure><img decoding=\"async\" src=\"https:\/\/uploads.acordacidade.com.br\/2026\/04\/junior-caldeirao-michael-jackson-thriller.jpg\" alt=\"Vers\u00e3o feirense de clipe de Michael Jackson ultrapassa 5 milh\u00e3o de visualiza\u00e7\u00f5es e viraliza nas redes\"><figcaption>Foto: Redes sociais<\/figcaption><\/figure>\n<\/div>\n<p>V\u00eddeo do influenciador J\u00fanior Caldeir\u00e3o ganhou repercuss\u00e3o nas redes sociais.<\/p><\/div>\n","protected":false},"author":1,"featured_media":128577,"comment_status":"closed","ping_status":"closed","sticky":false,"template":"","format":"gallery","meta":{"footnotes":""},"categories":[8,9,6,57,56,10],"tags":[],"class_list":["post-128576","post","type-post","status-publish","format-gallery","has-post-thumbnail","hentry","category-bahia","category-brasil","category-feira-de-santana","category-mundo","category-policia","category-politica","post_format-post-format-gallery"],"featured_image_urls":{"full":["https:\/\/noticiasbahia360.com.br\/wp-content\/uploads\/2026\/04\/junior-caldeirao-michael-jackson-thriller.jpg",1200,1249,false],"thumbnail":["https:\/\/noticiasbahia360.com.br\/wp-content\/uploads\/2026\/04\/junior-caldeirao-michael-jackson-thriller-150x150.jpg",150,150,true],"medium":["https:\/\/noticiasbahia360.com.br\/wp-content\/uploads\/2026\/04\/junior-caldeirao-michael-jackson-thriller-288x300.jpg",288,300,true],"medium_large":["https:\/\/noticiasbahia360.com.br\/wp-content\/uploads\/2026\/04\/junior-caldeirao-michael-jackson-thriller-768x799.jpg",640,666,true],"large":["https:\/\/noticiasbahia360.com.br\/wp-content\/uploads\/2026\/04\/junior-caldeirao-michael-jackson-thriller-984x1024.jpg",640,666,true],"1536x1536":["https:\/\/noticiasbahia360.com.br\/wp-content\/uploads\/2026\/04\/junior-caldeirao-michael-jackson-thriller.jpg",1200,1249,false],"2048x2048":["https:\/\/noticiasbahia360.com.br\/wp-content\/uploads\/2026\/04\/junior-caldeirao-michael-jackson-thriller.jpg",1200,1249,false],"chromenews-featured":["https:\/\/noticiasbahia360.com.br\/wp-content\/uploads\/2026\/04\/junior-caldeirao-michael-jackson-thriller-1024x1066.jpg",1024,1066,true],"chromenews-large":["https:\/\/noticiasbahia360.com.br\/wp-content\/uploads\/2026\/04\/junior-caldeirao-michael-jackson-thriller-825x575.jpg",825,575,true],"chromenews-medium":["https:\/\/noticiasbahia360.com.br\/wp-content\/uploads\/2026\/04\/junior-caldeirao-michael-jackson-thriller-590x410.jpg",590,410,true]},"author_info":{"display_name":"noticiasbahia360.com.br","author_link":"https:\/\/noticiasbahia360.com.br\/?author=1"},"category_info":"<a href=\"https:\/\/noticiasbahia360.com.br\/?cat=8\" rel=\"category\">Bahia<\/a> <a href=\"https:\/\/noticiasbahia360.com.br\/?cat=9\" rel=\"category\">Brasil<\/a> <a href=\"https:\/\/noticiasbahia360.com.br\/?cat=6\" rel=\"category\">Feira de Santana<\/a> <a href=\"https:\/\/noticiasbahia360.com.br\/?cat=57\" rel=\"category\">Mundo<\/a> <a href=\"https:\/\/noticiasbahia360.com.br\/?cat=56\" rel=\"category\">Pol\u00edcia<\/a> <a href=\"https:\/\/noticiasbahia360.com.br\/?cat=10\" rel=\"category\">Pol\u00edtica<\/a>","tag_info":"Pol\u00edtica","comment_count":"0","_links":{"self":[{"href":"https:\/\/noticiasbahia360.com.br\/index.php?rest_route=\/wp\/v2\/posts\/128576","targetHints":{"allow":["GET"]}}],"collection":[{"href":"https:\/\/noticiasbahia360.com.br\/index.php?rest_route=\/wp\/v2\/posts"}],"about":[{"href":"https:\/\/noticiasbahia360.com.br\/index.php?rest_route=\/wp\/v2\/types\/post"}],"author":[{"embeddable":true,"href":"https:\/\/noticiasbahia360.com.br\/index.php?rest_route=\/wp\/v2\/users\/1"}],"replies":[{"embeddable":true,"href":"https:\/\/noticiasbahia360.com.br\/index.php?rest_route=%2Fwp%2Fv2%2Fcomments&post=128576"}],"version-history":[{"count":0,"href":"https:\/\/noticiasbahia360.com.br\/index.php?rest_route=\/wp\/v2\/posts\/128576\/revisions"}],"wp:featuredmedia":[{"embeddable":true,"href":"https:\/\/noticiasbahia360.com.br\/index.php?rest_route=\/wp\/v2\/media\/128577"}],"wp:attachment":[{"href":"https:\/\/noticiasbahia360.com.br\/index.php?rest_route=%2Fwp%2Fv2%2Fmedia&parent=128576"}],"wp:term":[{"taxonomy":"category","embeddable":true,"href":"https:\/\/noticiasbahia360.com.br\/index.php?rest_route=%2Fwp%2Fv2%2Fcategories&post=128576"},{"taxonomy":"post_tag","embeddable":true,"href":"https:\/\/noticiasbahia360.com.br\/index.php?rest_route=%2Fwp%2Fv2%2Ftags&post=128576"}],"curies":[{"name":"wp","href":"https:\/\/api.w.org\/{rel}","templated":true}]}}