{"id":128579,"date":"2026-04-27T16:51:00","date_gmt":"2026-04-27T19:51:00","guid":{"rendered":"https:\/\/noticiasbahia360.com.br\/?p=128579"},"modified":"2026-04-27T16:51:00","modified_gmt":"2026-04-27T19:51:00","slug":"obras-da-ponte-salvador-itaparica-seguem-avancando-apos-vistoria-tecnica-em-maragogipe","status":"publish","type":"post","link":"https:\/\/noticiasbahia360.com.br\/?p=128579","title":{"rendered":"Obras da Ponte Salvador\u2013Itaparica seguem avan\u00e7ando ap\u00f3s vistoria t\u00e9cnica em Maragogipe"},"content":{"rendered":"<div>\n<div>\n<figure><img decoding=\"async\" src=\"http:\/\/noticiasbahia360.com.br\/wp-content\/uploads\/2026\/04\/Estaleiro-Sao-Roque-do-Paraguacu-Foto-Divulgacao.jpeg\" alt=\"Obras da Ponte Salvador\u2013Itaparica seguem avan\u00e7ando ap\u00f3s vistoria t\u00e9cnica em Maragogipe\"><figcaption>Foto: Divulga\u00e7\u00e3o<\/figcaption><\/figure>\n<\/div>\n<p>O secret\u00e1rio extraordin\u00e1rio do Sistema Vi\u00e1rio Oeste Ponte Salvador\u2013Itaparica, Mateus Dias, realizou, nesta segunda-feira (27), uma visita t\u00e9cnica ao Estaleiro S\u00e3o Roque do Paragua\u00e7u, em Maragogipe, onde ser\u00e1 instalada a principal base log\u00edstica do empreendimento. O local funcionar\u00e1 como principal base log\u00edstica do projeto, concentrando atividades estrat\u00e9gicas para o in\u00edcio das obras.<\/p>\n<p>\u201cEstamos acompanhando de perto a implanta\u00e7\u00e3o do canteiro. O espa\u00e7o passar\u00e1 por adequa\u00e7\u00f5es para receber materiais enviados da China e viabilizar o in\u00edcio da constru\u00e7\u00e3o da plataforma provis\u00f3ria, previsto para junho\u201d, afirmou o secret\u00e1rio.<\/p>\n<p>Acompanhado por equipes t\u00e9cnicas da Secretaria Extraordin\u00e1ria do Sistema Vi\u00e1rio Oeste Ponte Salvador\u2013Itaparica (SVPonte) e da concession\u00e1ria respons\u00e1vel pelo projeto, o gestor percorreu a \u00e1rea do estaleiro, avaliando a infraestrutura existente e os pontos que passar\u00e3o por interven\u00e7\u00f5es. Com localiza\u00e7\u00e3o estrat\u00e9gica, o espa\u00e7o abrigar\u00e1 estruturas como central de concreto, p\u00e1tio de pr\u00e9-moldados, unidade de produ\u00e7\u00e3o de camisas met\u00e1licas para estacas, laborat\u00f3rio de materiais e \u00e1reas de apoio aos <a href=\"https:\/\/www.acordacidade.com.br\/tag\/trabalhadores\/\" type=\"post_tag\" id=\"36874\">trabalhadores<\/a>.<\/p>\n<h2 class=\"wp-block-heading\" id=\"h-chegada-de-equipamentos\">Chegada de equipamentos<\/h2>\n<p>Est\u00e1 prevista para a segunda quinzena de maio a chegada a Salvador de um navio com mais de 800 toneladas de equipamentos destinados \u00e0s etapas iniciais da obra. A carga, composta por 44 cont\u00eaineres, ser\u00e1 utilizada na implanta\u00e7\u00e3o de uma plataforma provis\u00f3ria no mar, estrutura essencial para o suporte log\u00edstico e operacional do projeto.<\/p>\n<p>O in\u00edcio das atividades em campo est\u00e1 previsto para junho, com a constru\u00e7\u00e3o da estrutura provis\u00f3ria em Vera Cruz e na \u00e1rea do v\u00e3o central da ponte. Essa etapa j\u00e1 conta com as autoriza\u00e7\u00f5es ambientais necess\u00e1rias, enquanto as demais seguem em tramita\u00e7\u00e3o nos \u00f3rg\u00e3os competentes.<\/p>\n<p><em>Siga o Acorda Cidade no<\/em><a href=\"https:\/\/news.google.com\/search?q=acorda%20cidade&amp;hl=pt-BR&amp;gl=BR&amp;ceid=BR%3Apt-419\"><strong><em>\u00a0Google Not\u00edcias<\/em><\/strong><\/a><em>\u00a0e receba os principais destaques do dia. Participe tamb\u00e9m dos nossos canais no\u00a0<\/em><a href=\"https:\/\/www.whatsapp.com\/channel\/0029Va6Rb4v3WHTNnsh8WI3N\"><strong><em>WhatsApp<\/em><\/strong><\/a><em>\u00a0e\u00a0<\/em><a href=\"https:\/\/www.youtube.com\/@acordacidadenoticias\/videos\"><strong>Youtube<\/strong><\/a><em>\u00a0e grupo de\u00a0<\/em><a href=\"https:\/\/t.me\/+sSz0khrgARA0ZmRh\"><strong><em>Telegram<\/em><\/strong><\/a><em>.<\/em><\/p>\n<\/div>\n","protected":false},"excerpt":{"rendered":"<div>\n<div>\n<figure><img decoding=\"async\" src=\"https:\/\/uploads.acordacidade.com.br\/2026\/04\/Estaleiro-Sao-Roque-do-Paraguacu-Foto-Divulgacao.jpeg\" alt=\"Obras da Ponte Salvador\u2013Itaparica seguem avan\u00e7ando ap\u00f3s vistoria t\u00e9cnica em Maragogipe\"><figcaption>Foto: Divulga\u00e7\u00e3o<\/figcaption><\/figure>\n<\/div>\n<p>O local funcionar\u00e1 como principal base log\u00edstica do projeto, concentrando atividades estrat\u00e9gicas para o in\u00edcio das obras.<\/p><\/div>\n","protected":false},"author":1,"featured_media":128580,"comment_status":"closed","ping_status":"closed","sticky":false,"template":"","format":"gallery","meta":{"footnotes":""},"categories":[8,9,6,57,56,10],"tags":[],"class_list":["post-128579","post","type-post","status-publish","format-gallery","has-post-thumbnail","hentry","category-bahia","category-brasil","category-feira-de-santana","category-mundo","category-policia","category-politica","post_format-post-format-gallery"],"featured_image_urls":{"full":["https:\/\/noticiasbahia360.com.br\/wp-content\/uploads\/2026\/04\/Estaleiro-Sao-Roque-do-Paraguacu-Foto-Divulgacao.jpeg",975,732,false],"thumbnail":["https:\/\/noticiasbahia360.com.br\/wp-content\/uploads\/2026\/04\/Estaleiro-Sao-Roque-do-Paraguacu-Foto-Divulgacao-150x150.jpeg",150,150,true],"medium":["https:\/\/noticiasbahia360.com.br\/wp-content\/uploads\/2026\/04\/Estaleiro-Sao-Roque-do-Paraguacu-Foto-Divulgacao-300x225.jpeg",300,225,true],"medium_large":["https:\/\/noticiasbahia360.com.br\/wp-content\/uploads\/2026\/04\/Estaleiro-Sao-Roque-do-Paraguacu-Foto-Divulgacao-768x577.jpeg",640,481,true],"large":["https:\/\/noticiasbahia360.com.br\/wp-content\/uploads\/2026\/04\/Estaleiro-Sao-Roque-do-Paraguacu-Foto-Divulgacao.jpeg",640,480,false],"1536x1536":["https:\/\/noticiasbahia360.com.br\/wp-content\/uploads\/2026\/04\/Estaleiro-Sao-Roque-do-Paraguacu-Foto-Divulgacao.jpeg",975,732,false],"2048x2048":["https:\/\/noticiasbahia360.com.br\/wp-content\/uploads\/2026\/04\/Estaleiro-Sao-Roque-do-Paraguacu-Foto-Divulgacao.jpeg",975,732,false],"chromenews-featured":["https:\/\/noticiasbahia360.com.br\/wp-content\/uploads\/2026\/04\/Estaleiro-Sao-Roque-do-Paraguacu-Foto-Divulgacao.jpeg",975,732,false],"chromenews-large":["https:\/\/noticiasbahia360.com.br\/wp-content\/uploads\/2026\/04\/Estaleiro-Sao-Roque-do-Paraguacu-Foto-Divulgacao-825x575.jpeg",825,575,true],"chromenews-medium":["https:\/\/noticiasbahia360.com.br\/wp-content\/uploads\/2026\/04\/Estaleiro-Sao-Roque-do-Paraguacu-Foto-Divulgacao-590x410.jpeg",590,410,true]},"author_info":{"display_name":"noticiasbahia360.com.br","author_link":"https:\/\/noticiasbahia360.com.br\/?author=1"},"category_info":"<a href=\"https:\/\/noticiasbahia360.com.br\/?cat=8\" rel=\"category\">Bahia<\/a> <a href=\"https:\/\/noticiasbahia360.com.br\/?cat=9\" rel=\"category\">Brasil<\/a> <a href=\"https:\/\/noticiasbahia360.com.br\/?cat=6\" rel=\"category\">Feira de Santana<\/a> <a href=\"https:\/\/noticiasbahia360.com.br\/?cat=57\" rel=\"category\">Mundo<\/a> <a href=\"https:\/\/noticiasbahia360.com.br\/?cat=56\" rel=\"category\">Pol\u00edcia<\/a> <a href=\"https:\/\/noticiasbahia360.com.br\/?cat=10\" rel=\"category\">Pol\u00edtica<\/a>","tag_info":"Pol\u00edtica","comment_count":"0","_links":{"self":[{"href":"https:\/\/noticiasbahia360.com.br\/index.php?rest_route=\/wp\/v2\/posts\/128579","targetHints":{"allow":["GET"]}}],"collection":[{"href":"https:\/\/noticiasbahia360.com.br\/index.php?rest_route=\/wp\/v2\/posts"}],"about":[{"href":"https:\/\/noticiasbahia360.com.br\/index.php?rest_route=\/wp\/v2\/types\/post"}],"author":[{"embeddable":true,"href":"https:\/\/noticiasbahia360.com.br\/index.php?rest_route=\/wp\/v2\/users\/1"}],"replies":[{"embeddable":true,"href":"https:\/\/noticiasbahia360.com.br\/index.php?rest_route=%2Fwp%2Fv2%2Fcomments&post=128579"}],"version-history":[{"count":0,"href":"https:\/\/noticiasbahia360.com.br\/index.php?rest_route=\/wp\/v2\/posts\/128579\/revisions"}],"wp:featuredmedia":[{"embeddable":true,"href":"https:\/\/noticiasbahia360.com.br\/index.php?rest_route=\/wp\/v2\/media\/128580"}],"wp:attachment":[{"href":"https:\/\/noticiasbahia360.com.br\/index.php?rest_route=%2Fwp%2Fv2%2Fmedia&parent=128579"}],"wp:term":[{"taxonomy":"category","embeddable":true,"href":"https:\/\/noticiasbahia360.com.br\/index.php?rest_route=%2Fwp%2Fv2%2Fcategories&post=128579"},{"taxonomy":"post_tag","embeddable":true,"href":"https:\/\/noticiasbahia360.com.br\/index.php?rest_route=%2Fwp%2Fv2%2Ftags&post=128579"}],"curies":[{"name":"wp","href":"https:\/\/api.w.org\/{rel}","templated":true}]}}