{"id":128581,"date":"2026-04-27T16:55:56","date_gmt":"2026-04-27T19:55:56","guid":{"rendered":"https:\/\/noticiasbahia360.com.br\/?p=128581"},"modified":"2026-04-27T16:55:56","modified_gmt":"2026-04-27T19:55:56","slug":"policia-resgata-21-aves-silvestres-em-feira-do-rolo-de-salvador","status":"publish","type":"post","link":"https:\/\/noticiasbahia360.com.br\/?p=128581","title":{"rendered":"Pol\u00edcia resgata 21 aves silvestres em Feira do Rolo de Salvador"},"content":{"rendered":"<div>\n<div>\n<figure><img decoding=\"async\" src=\"http:\/\/noticiasbahia360.com.br\/wp-content\/uploads\/2026\/04\/Policia-resgata-21-aves-silvestres-em-Feira-do-Rolo-de-Salvador-Foto-Policia-Militar-DCS-270426.jpg\" alt=\"Pol\u00edcia resgata 21 aves silvestres em Feira do Rolo de Salvador\"><figcaption>Foto: Pol\u00edcia Militar\/ DCS <\/figcaption><\/figure>\n<\/div>\n<p>Policiais militares da Companhia de Pol\u00edcia e Prote\u00e7\u00e3o Ambiental (Coppa) resgataram 21 aves silvestres que estavam prestes a serem comercializadas na Feira do Rolo, na Baixa do Fiscal, na manh\u00e3 deste domingo (26).<\/p>\n<p>Durante intensifica\u00e7\u00e3o das a\u00e7\u00f5es de fiscaliza\u00e7\u00e3o ambiental, os militares, durante dilig\u00eancias na regi\u00e3o, flagraram um indiv\u00edduo em movimenta\u00e7\u00e3o suspeita com gaiolas, que foi alcan\u00e7ado, abordado e, ap\u00f3s as buscas, imediatamente preso.<\/p>\n<p>O indiv\u00edduo n\u00e3o possu\u00eda autoriza\u00e7\u00e3o dos \u00f3rg\u00e3os ambientais competentes para comercializar, manter em cativeiro ou transportar os animais, incorrendo em crime previsto no art. 29 da Lei de Crimes Ambientais (Lei n\u00ba 9.605\/98), que pro\u00edbe a comercializa\u00e7\u00e3o, armazenamento ou posse de animais silvestres sem a devida licen\u00e7a.<\/p>\n<p>Ao todo, 21 p\u00e1ssaros de nove esp\u00e9cies diferentes foram resgatados e encaminhados ao Centro de Triagem de Animais Silvestres (Cetas), onde passar\u00e3o por avalia\u00e7\u00e3o e reabilita\u00e7\u00e3o, com posterior reinser\u00e7\u00e3o ao habitat natural.<\/p>\n<p><em>Siga o Acorda Cidade no\u00a0<\/em><a href=\"https:\/\/news.google.com\/search?q=acorda%20cidade&amp;hl=pt-BR&amp;gl=BR&amp;ceid=BR%3Apt-419\"><strong><em>Google Not\u00edcias<\/em><\/strong><\/a><em>\u00a0e receba os principais destaques do dia. Participe tamb\u00e9m dos nossos canais no\u00a0<\/em><a href=\"https:\/\/www.whatsapp.com\/channel\/0029Va6Rb4v3WHTNnsh8WI3N\"><strong><em>WhatsApp<\/em><\/strong><\/a><em>\u00a0e\u00a0<\/em><a href=\"https:\/\/www.youtube.com\/@acordacidadenoticias\/videos\"><strong>YouTube<\/strong><\/a><em>\u00a0e grupo de\u00a0<\/em><a href=\"https:\/\/t.me\/+sSz0khrgARA0ZmRh\"><strong><em>Telegram<\/em><\/strong><\/a><em>.<\/em><\/p>\n<\/div>\n","protected":false},"excerpt":{"rendered":"<div>\n<div>\n<figure><img decoding=\"async\" src=\"https:\/\/uploads.acordacidade.com.br\/2026\/04\/Policia-resgata-21-aves-silvestres-em-Feira-do-Rolo-de-Salvador-Foto-Policia-Militar-DCS-270426.jpg\" alt=\"Pol\u00edcia resgata 21 aves silvestres em Feira do Rolo de Salvador\"><figcaption>Foto: Pol\u00edcia Militar\/ DCS <\/figcaption><\/figure>\n<\/div>\n<p>P\u00e1ssaros silvestres de nove esp\u00e9cies diferentes foram resgatados e encaminhados ao Centro de Triagem de Animais Silvestres (Cetas),<\/p><\/div>\n","protected":false},"author":1,"featured_media":128582,"comment_status":"closed","ping_status":"closed","sticky":false,"template":"","format":"gallery","meta":{"footnotes":""},"categories":[8,9,6,57,56,10],"tags":[],"class_list":["post-128581","post","type-post","status-publish","format-gallery","has-post-thumbnail","hentry","category-bahia","category-brasil","category-feira-de-santana","category-mundo","category-policia","category-politica","post_format-post-format-gallery"],"featured_image_urls":{"full":["https:\/\/noticiasbahia360.com.br\/wp-content\/uploads\/2026\/04\/Policia-resgata-21-aves-silvestres-em-Feira-do-Rolo-de-Salvador-Foto-Policia-Militar-DCS-270426.jpg",1200,823,false],"thumbnail":["https:\/\/noticiasbahia360.com.br\/wp-content\/uploads\/2026\/04\/Policia-resgata-21-aves-silvestres-em-Feira-do-Rolo-de-Salvador-Foto-Policia-Militar-DCS-270426-150x150.jpg",150,150,true],"medium":["https:\/\/noticiasbahia360.com.br\/wp-content\/uploads\/2026\/04\/Policia-resgata-21-aves-silvestres-em-Feira-do-Rolo-de-Salvador-Foto-Policia-Militar-DCS-270426-300x206.jpg",300,206,true],"medium_large":["https:\/\/noticiasbahia360.com.br\/wp-content\/uploads\/2026\/04\/Policia-resgata-21-aves-silvestres-em-Feira-do-Rolo-de-Salvador-Foto-Policia-Militar-DCS-270426-768x527.jpg",640,439,true],"large":["https:\/\/noticiasbahia360.com.br\/wp-content\/uploads\/2026\/04\/Policia-resgata-21-aves-silvestres-em-Feira-do-Rolo-de-Salvador-Foto-Policia-Militar-DCS-270426-1024x702.jpg",640,439,true],"1536x1536":["https:\/\/noticiasbahia360.com.br\/wp-content\/uploads\/2026\/04\/Policia-resgata-21-aves-silvestres-em-Feira-do-Rolo-de-Salvador-Foto-Policia-Militar-DCS-270426.jpg",1200,823,false],"2048x2048":["https:\/\/noticiasbahia360.com.br\/wp-content\/uploads\/2026\/04\/Policia-resgata-21-aves-silvestres-em-Feira-do-Rolo-de-Salvador-Foto-Policia-Militar-DCS-270426.jpg",1200,823,false],"chromenews-featured":["https:\/\/noticiasbahia360.com.br\/wp-content\/uploads\/2026\/04\/Policia-resgata-21-aves-silvestres-em-Feira-do-Rolo-de-Salvador-Foto-Policia-Militar-DCS-270426-1024x702.jpg",1024,702,true],"chromenews-large":["https:\/\/noticiasbahia360.com.br\/wp-content\/uploads\/2026\/04\/Policia-resgata-21-aves-silvestres-em-Feira-do-Rolo-de-Salvador-Foto-Policia-Militar-DCS-270426-825x575.jpg",825,575,true],"chromenews-medium":["https:\/\/noticiasbahia360.com.br\/wp-content\/uploads\/2026\/04\/Policia-resgata-21-aves-silvestres-em-Feira-do-Rolo-de-Salvador-Foto-Policia-Militar-DCS-270426-590x410.jpg",590,410,true]},"author_info":{"display_name":"noticiasbahia360.com.br","author_link":"https:\/\/noticiasbahia360.com.br\/?author=1"},"category_info":"<a href=\"https:\/\/noticiasbahia360.com.br\/?cat=8\" rel=\"category\">Bahia<\/a> <a href=\"https:\/\/noticiasbahia360.com.br\/?cat=9\" rel=\"category\">Brasil<\/a> <a href=\"https:\/\/noticiasbahia360.com.br\/?cat=6\" rel=\"category\">Feira de Santana<\/a> <a href=\"https:\/\/noticiasbahia360.com.br\/?cat=57\" rel=\"category\">Mundo<\/a> <a href=\"https:\/\/noticiasbahia360.com.br\/?cat=56\" rel=\"category\">Pol\u00edcia<\/a> <a href=\"https:\/\/noticiasbahia360.com.br\/?cat=10\" rel=\"category\">Pol\u00edtica<\/a>","tag_info":"Pol\u00edtica","comment_count":"0","_links":{"self":[{"href":"https:\/\/noticiasbahia360.com.br\/index.php?rest_route=\/wp\/v2\/posts\/128581","targetHints":{"allow":["GET"]}}],"collection":[{"href":"https:\/\/noticiasbahia360.com.br\/index.php?rest_route=\/wp\/v2\/posts"}],"about":[{"href":"https:\/\/noticiasbahia360.com.br\/index.php?rest_route=\/wp\/v2\/types\/post"}],"author":[{"embeddable":true,"href":"https:\/\/noticiasbahia360.com.br\/index.php?rest_route=\/wp\/v2\/users\/1"}],"replies":[{"embeddable":true,"href":"https:\/\/noticiasbahia360.com.br\/index.php?rest_route=%2Fwp%2Fv2%2Fcomments&post=128581"}],"version-history":[{"count":0,"href":"https:\/\/noticiasbahia360.com.br\/index.php?rest_route=\/wp\/v2\/posts\/128581\/revisions"}],"wp:featuredmedia":[{"embeddable":true,"href":"https:\/\/noticiasbahia360.com.br\/index.php?rest_route=\/wp\/v2\/media\/128582"}],"wp:attachment":[{"href":"https:\/\/noticiasbahia360.com.br\/index.php?rest_route=%2Fwp%2Fv2%2Fmedia&parent=128581"}],"wp:term":[{"taxonomy":"category","embeddable":true,"href":"https:\/\/noticiasbahia360.com.br\/index.php?rest_route=%2Fwp%2Fv2%2Fcategories&post=128581"},{"taxonomy":"post_tag","embeddable":true,"href":"https:\/\/noticiasbahia360.com.br\/index.php?rest_route=%2Fwp%2Fv2%2Ftags&post=128581"}],"curies":[{"name":"wp","href":"https:\/\/api.w.org\/{rel}","templated":true}]}}