{"id":128583,"date":"2026-04-27T17:00:55","date_gmt":"2026-04-27T20:00:55","guid":{"rendered":"https:\/\/noticiasbahia360.com.br\/?p=128583"},"modified":"2026-04-27T17:00:55","modified_gmt":"2026-04-27T20:00:55","slug":"prefeitura-de-amelia-rodrigues-anuncia-flavio-jose-nadson-ferinha-e-caninde-para-sao-joao-de-sao-bento","status":"publish","type":"post","link":"https:\/\/noticiasbahia360.com.br\/?p=128583","title":{"rendered":"Prefeitura de Am\u00e9lia Rodrigues anuncia Fl\u00e1vio Jos\u00e9, Nadson Ferinha e Canind\u00e9 para S\u00e3o Jo\u00e3o de S\u00e3o Bento"},"content":{"rendered":"<div>\n<div>\n<figure><img decoding=\"async\" src=\"http:\/\/noticiasbahia360.com.br\/wp-content\/uploads\/2026\/04\/Flavio-Jose-Nadson-Ferinha-e-Caninde-para-Sao-Joao-de-Sao-Bento.jpg\" alt=\"Fl\u00e1vio Jos\u00e9, Nadson Ferinha e Canind\u00e9 para S\u00e3o Jo\u00e3o de S\u00e3o Bento\"><figcaption>Foto: Divulga\u00e7\u00e3o<\/figcaption><\/figure>\n<\/div>\n<p>A Prefeitura de <a href=\"https:\/\/www.acordacidade.com.br\/tag\/amelia-rodrigues\/\" type=\"post_tag\" id=\"37238\">Am\u00e9lia Rodrigues<\/a> divulgou a programa\u00e7\u00e3o oficial do S\u00e3o Jo\u00e3o do distrito de S\u00e3o Bento do Inhat\u00e1 2026, que ser\u00e1 realizado entre os dias 19 e 21 de junho. Neste ano, o festejo chega com uma proposta ampliada, reunindo grandes atra\u00e7\u00f5es e uma estrutura preparada para receber o p\u00fablico.<\/p>\n<p>Entre os nomes confirmados est\u00e3o Nadson Ferinha, Canind\u00e9, Jheovanne, Asas Livres, Colher de Pau e Fl\u00e1vio Jos\u00e9. A grade mistura forr\u00f3 raiz, arrocha e sofr\u00eancia, garantindo uma programa\u00e7\u00e3o diversificada para todas as idades.<\/p>\n<p>Conhecida pelo tradicional S\u00e3o Pedro, uma das festas mais aguardadas do munic\u00edpio, Am\u00e9lia Rodrigues amplia o calend\u00e1rio junino e antecipa o clima de celebra\u00e7\u00e3o com uma programa\u00e7\u00e3o refor\u00e7ada tamb\u00e9m no S\u00e3o Jo\u00e3o do distrito.<\/p>\n<p>A expectativa \u00e9 de grande p\u00fablico durante os tr\u00eas dias de festa, com impacto positivo na economia local e valoriza\u00e7\u00e3o da cultura nordestina. A Prefeitura refor\u00e7a que, al\u00e9m do S\u00e3o Jo\u00e3o de S\u00e3o Bento, o p\u00fablico pode aguardar novidades para o S\u00e3o Pedro, que tamb\u00e9m promete grandes atra\u00e7\u00f5es.<\/p>\n<p><em>Siga o Acorda Cidade no\u00a0<\/em><a href=\"https:\/\/news.google.com\/search?q=acorda%20cidade&amp;hl=pt-BR&amp;gl=BR&amp;ceid=BR%3Apt-419\"><strong><em>Google Not\u00edcias<\/em><\/strong><\/a><em>\u00a0e receba os principais destaques do dia. Participe tamb\u00e9m dos nossos canais no\u00a0<\/em><a href=\"https:\/\/www.whatsapp.com\/channel\/0029Va6Rb4v3WHTNnsh8WI3N\"><strong><em>WhatsApp<\/em><\/strong><\/a><em>\u00a0e\u00a0<\/em><a href=\"https:\/\/www.youtube.com\/@acordacidadenoticias\/videos\"><strong>YouTube<\/strong><\/a><em>e do grupo no\u00a0<\/em><a href=\"https:\/\/t.me\/+sSz0khrgARA0ZmRh\"><strong><em>Telegram<\/em><\/strong><\/a><em>.<\/em><\/p>\n<\/div>\n","protected":false},"excerpt":{"rendered":"<div>\n<div>\n<figure><img decoding=\"async\" src=\"https:\/\/uploads.acordacidade.com.br\/2026\/04\/Flavio-Jose-Nadson-Ferinha-e-Caninde-para-Sao-Joao-de-Sao-Bento.jpg\" alt=\"Fl\u00e1vio Jos\u00e9, Nadson Ferinha e Canind\u00e9 para S\u00e3o Jo\u00e3o de S\u00e3o Bento\"><figcaption>Foto: Divulga\u00e7\u00e3o<\/figcaption><\/figure>\n<\/div>\n<p>Am\u00e9lia Rodrigues amplia o calend\u00e1rio junino e antecipa o clima de celebra\u00e7\u00e3o com uma programa\u00e7\u00e3o refor\u00e7ada tamb\u00e9m no S\u00e3o Jo\u00e3o do distrito.<\/p><\/div>\n","protected":false},"author":1,"featured_media":128584,"comment_status":"closed","ping_status":"closed","sticky":false,"template":"","format":"gallery","meta":{"footnotes":""},"categories":[8,9,6,57,56,10],"tags":[],"class_list":["post-128583","post","type-post","status-publish","format-gallery","has-post-thumbnail","hentry","category-bahia","category-brasil","category-feira-de-santana","category-mundo","category-policia","category-politica","post_format-post-format-gallery"],"featured_image_urls":{"full":["https:\/\/noticiasbahia360.com.br\/wp-content\/uploads\/2026\/04\/Flavio-Jose-Nadson-Ferinha-e-Caninde-para-Sao-Joao-de-Sao-Bento.jpg",1200,723,false],"thumbnail":["https:\/\/noticiasbahia360.com.br\/wp-content\/uploads\/2026\/04\/Flavio-Jose-Nadson-Ferinha-e-Caninde-para-Sao-Joao-de-Sao-Bento-150x150.jpg",150,150,true],"medium":["https:\/\/noticiasbahia360.com.br\/wp-content\/uploads\/2026\/04\/Flavio-Jose-Nadson-Ferinha-e-Caninde-para-Sao-Joao-de-Sao-Bento-300x181.jpg",300,181,true],"medium_large":["https:\/\/noticiasbahia360.com.br\/wp-content\/uploads\/2026\/04\/Flavio-Jose-Nadson-Ferinha-e-Caninde-para-Sao-Joao-de-Sao-Bento-768x463.jpg",640,386,true],"large":["https:\/\/noticiasbahia360.com.br\/wp-content\/uploads\/2026\/04\/Flavio-Jose-Nadson-Ferinha-e-Caninde-para-Sao-Joao-de-Sao-Bento-1024x617.jpg",640,386,true],"1536x1536":["https:\/\/noticiasbahia360.com.br\/wp-content\/uploads\/2026\/04\/Flavio-Jose-Nadson-Ferinha-e-Caninde-para-Sao-Joao-de-Sao-Bento.jpg",1200,723,false],"2048x2048":["https:\/\/noticiasbahia360.com.br\/wp-content\/uploads\/2026\/04\/Flavio-Jose-Nadson-Ferinha-e-Caninde-para-Sao-Joao-de-Sao-Bento.jpg",1200,723,false],"chromenews-featured":["https:\/\/noticiasbahia360.com.br\/wp-content\/uploads\/2026\/04\/Flavio-Jose-Nadson-Ferinha-e-Caninde-para-Sao-Joao-de-Sao-Bento-1024x617.jpg",1024,617,true],"chromenews-large":["https:\/\/noticiasbahia360.com.br\/wp-content\/uploads\/2026\/04\/Flavio-Jose-Nadson-Ferinha-e-Caninde-para-Sao-Joao-de-Sao-Bento-825x575.jpg",825,575,true],"chromenews-medium":["https:\/\/noticiasbahia360.com.br\/wp-content\/uploads\/2026\/04\/Flavio-Jose-Nadson-Ferinha-e-Caninde-para-Sao-Joao-de-Sao-Bento-590x410.jpg",590,410,true]},"author_info":{"display_name":"noticiasbahia360.com.br","author_link":"https:\/\/noticiasbahia360.com.br\/?author=1"},"category_info":"<a href=\"https:\/\/noticiasbahia360.com.br\/?cat=8\" rel=\"category\">Bahia<\/a> <a href=\"https:\/\/noticiasbahia360.com.br\/?cat=9\" rel=\"category\">Brasil<\/a> <a href=\"https:\/\/noticiasbahia360.com.br\/?cat=6\" rel=\"category\">Feira de Santana<\/a> <a href=\"https:\/\/noticiasbahia360.com.br\/?cat=57\" rel=\"category\">Mundo<\/a> <a href=\"https:\/\/noticiasbahia360.com.br\/?cat=56\" rel=\"category\">Pol\u00edcia<\/a> <a href=\"https:\/\/noticiasbahia360.com.br\/?cat=10\" rel=\"category\">Pol\u00edtica<\/a>","tag_info":"Pol\u00edtica","comment_count":"0","_links":{"self":[{"href":"https:\/\/noticiasbahia360.com.br\/index.php?rest_route=\/wp\/v2\/posts\/128583","targetHints":{"allow":["GET"]}}],"collection":[{"href":"https:\/\/noticiasbahia360.com.br\/index.php?rest_route=\/wp\/v2\/posts"}],"about":[{"href":"https:\/\/noticiasbahia360.com.br\/index.php?rest_route=\/wp\/v2\/types\/post"}],"author":[{"embeddable":true,"href":"https:\/\/noticiasbahia360.com.br\/index.php?rest_route=\/wp\/v2\/users\/1"}],"replies":[{"embeddable":true,"href":"https:\/\/noticiasbahia360.com.br\/index.php?rest_route=%2Fwp%2Fv2%2Fcomments&post=128583"}],"version-history":[{"count":0,"href":"https:\/\/noticiasbahia360.com.br\/index.php?rest_route=\/wp\/v2\/posts\/128583\/revisions"}],"wp:featuredmedia":[{"embeddable":true,"href":"https:\/\/noticiasbahia360.com.br\/index.php?rest_route=\/wp\/v2\/media\/128584"}],"wp:attachment":[{"href":"https:\/\/noticiasbahia360.com.br\/index.php?rest_route=%2Fwp%2Fv2%2Fmedia&parent=128583"}],"wp:term":[{"taxonomy":"category","embeddable":true,"href":"https:\/\/noticiasbahia360.com.br\/index.php?rest_route=%2Fwp%2Fv2%2Fcategories&post=128583"},{"taxonomy":"post_tag","embeddable":true,"href":"https:\/\/noticiasbahia360.com.br\/index.php?rest_route=%2Fwp%2Fv2%2Ftags&post=128583"}],"curies":[{"name":"wp","href":"https:\/\/api.w.org\/{rel}","templated":true}]}}