{"id":128585,"date":"2026-04-27T17:35:54","date_gmt":"2026-04-27T20:35:54","guid":{"rendered":"https:\/\/noticiasbahia360.com.br\/?p=128585"},"modified":"2026-04-27T17:35:54","modified_gmt":"2026-04-27T20:35:54","slug":"suspeito-de-matar-mulher-trans-por-nao-pagar-programa-segue-preso-no-piaui","status":"publish","type":"post","link":"https:\/\/noticiasbahia360.com.br\/?p=128585","title":{"rendered":"Suspeito de matar mulher trans por n\u00e3o pagar programa segue preso no Piau\u00ed"},"content":{"rendered":"<div>\n<div>\n<figure><img decoding=\"async\" src=\"http:\/\/noticiasbahia360.com.br\/wp-content\/uploads\/2026\/04\/Jullyana-Freitas-Leite-mulher-trans-morta-em-Feira-de-Santana-foto-reproducao-1-1.png\" alt=\"Feira de Santana\"><figcaption>Jullyana Freitas Leite, mulher trans morta em Feira de Santana | Foto: reprodu\u00e7\u00e3o <\/figcaption><\/figure>\n<\/div>\n<p>O homem de 40 anos, suspeito de matar uma mulher trans em Feira de Santana, segue preso em Teresina, no Piau\u00ed. O <a href=\"https:\/\/www.acordacidade.com.br\/policia\/acao-conjunta-das-policias-civis-da-bahia-e-do-piaui-prende-autor-de-homicidio-contra-mulher-trans-em-feira-de-santana\/\" type=\"link\" id=\"https:\/\/www.acordacidade.com.br\/policia\/acao-conjunta-das-policias-civis-da-bahia-e-do-piaui-prende-autor-de-homicidio-contra-mulher-trans-em-feira-de-santana\/\">mandado de pris\u00e3o preventiva contra ele foi cumprido na sexta-feira passada (24)<\/a>, ap\u00f3s investiga\u00e7\u00e3o realizada pela Delegacia de Homic\u00eddios (DH\/Feira), com apoio da Pol\u00edcia Civil do Piau\u00ed. Ele deve responder por homic\u00eddio duplamente qualificado.<\/p>\n<p>A v\u00edtima, <a href=\"https:\/\/www.acordacidade.com.br\/policia\/travesti-e-assassinada-em-feira-de-santana-policia-apreendeu-celular-do-suspeito\/\" type=\"link\" id=\"https:\/\/www.acordacidade.com.br\/policia\/travesti-e-assassinada-em-feira-de-santana-policia-apreendeu-celular-do-suspeito\/\"><strong>Jullyana Freitas Leite, de 40 anos<\/strong><\/a>, foi morta dia 8 de janeiro, com um tiro na nuca, na varanda de uma resid\u00eancia localizada na Rua Los Angeles, no bairro Parque Get\u00falio Vargas. Segundo apura\u00e7\u00e3o do Acorda Cidade na \u00e9poca, ela foi morta por um cliente que se recusou a pagar um programa.<\/p>\n<p>Na \u00e9poca, o delegado titular da DH, Gustavo Coutinho, atendeu \u00e0 ocorr\u00eancia. Ao Acorda Cidade, ele contou como se desdobraram as investiga\u00e7\u00f5es. O celular do suspeito, que foi apreendido com a v\u00edtima, facilitou a identifica\u00e7\u00e3o dele.<\/p>\n<p>\u201cEra uma mulher trans, que havia feito um programa com um de seus clientes, e esse cliente se recusou a efetuar o pagamento. Por conta disso, ela se apossou do celular do cliente, e esse cliente falou que iria em casa buscar o dinheiro. S\u00f3 que ele voltou com a arma na cintura. Do port\u00e3o mesmo, ele conversou com ela e pediu o celular de volta. Ela disse: \u201cS\u00f3 depois que voc\u00ea me der o meu dinheiro\u201d. Foi no momento em que ele sacou a arma, ela tentou fugir ainda, ele deflagrou um tiro que atingiu a regi\u00e3o da nuca e ela veio a \u00f3bito no local\u201d, relembrou Coutinho.<\/p>\n<p>\u201cDesde o dia em que ocorreu o crime, foi muito comovente; v\u00e1rios familiares estiveram aqui. A v\u00edtima n\u00e3o tinha problema com ningu\u00e9m, tinha muitos amigos e a\u00ed foi uma quest\u00e3o de honra realmente solucionar esse caso. O fato de o celular ter permanecido na resid\u00eancia, n\u00f3s termos tido contato com o celular, facilitou tamb\u00e9m a identifica\u00e7\u00e3o do autor\u201d, acrescentou o delegado.<\/p>\n<p><a href=\"https:\/\/www.acordacidade.com.br\/policia\/suspeito-de-matar-mulher-trans-se-apresenta-na-delegacia-e-e-liberado\/\" type=\"link\" id=\"https:\/\/www.acordacidade.com.br\/policia\/suspeito-de-matar-mulher-trans-se-apresenta-na-delegacia-e-e-liberado\/\">O homem se entregou dois dias ap\u00f3s o crime. Segundo o delegado, ele se reservou ao sil\u00eancio durante todo o interrogat\u00f3rio.<\/a><\/p>\n<p>\u201cEle, depois de dois dias, compareceu com o advogado na delegacia para livrar o flagrante e, na delegacia, ele utilizou seu direito de permanecer em sil\u00eancio, n\u00e3o falou nada, mas o inqu\u00e9rito foi correndo, n\u00f3s juntamos todas as provas, representamos a pris\u00e3o preventiva do suspeito e, quando a pris\u00e3o foi decretada, ele j\u00e1 n\u00e3o estava mais em Feira de Santana. Havia fugido.\u201d<\/p>\n<p>De acordo com o delegado, durante quatro meses, a Civil estava tentando localizar o paradeiro do suspeito. As investiga\u00e7\u00f5es apontaram que ele havia arrumado um emprego de motorista em uma empresa de energia no Piau\u00ed. Segundo a pol\u00edcia, em Feira, ele tamb\u00e9m atuou como motorista para uma empresa de eletricidade.<\/p>\n<p>O suspeito tamb\u00e9m j\u00e1 possui passagens pela pol\u00edcia. Segundo o delegado, o homem j\u00e1 responde por amea\u00e7as contra uma ex-sogra e uma ex-companheira. Essa \u00faltima, ele chegou a tentar contra a vida dela.<\/p>\n<p>Ainda segundo Gustavo Coutinho, o homem ser\u00e1 transferido para o estado da Bahia em um prazo de 15 a 30 dias. A Coordena\u00e7\u00e3o de Pol\u00edcia Interestadual (Polinter) deve organizar a transfer\u00eancia.<\/p>\n<p>\u201cApresentamos a preventiva de forma c\u00e9lere e ele j\u00e1 foi encaminhado para a justi\u00e7a, ele j\u00e1 foi denunciado e agora ele vai responder por esse crime.\u201d<\/p>\n<p>A Pol\u00edcia Civil refor\u00e7a que den\u00fancias podem ser feitas de forma an\u00f4nima pelo Disque 181, contribuindo com investiga\u00e7\u00f5es em andamento.<\/p>\n<p><strong>Leia tamb\u00e9m:<\/strong><\/p>\n<p><a href=\"https:\/\/www.acordacidade.com.br\/policia\/acao-conjunta-das-policias-civis-da-bahia-e-do-piaui-prende-autor-de-homicidio-contra-mulher-trans-em-feira-de-santana\/\" type=\"link\" id=\"https:\/\/www.acordacidade.com.br\/policia\/acao-conjunta-das-policias-civis-da-bahia-e-do-piaui-prende-autor-de-homicidio-contra-mulher-trans-em-feira-de-santana\/\">A\u00e7\u00e3o conjunta das pol\u00edcias civis da Bahia e do Piau\u00ed prende autor de homic\u00eddio contra mulher trans em Feira de Santana<\/a><\/p>\n<p><a href=\"https:\/\/www.acordacidade.com.br\/policia\/suspeito-de-matar-mulher-trans-se-apresenta-na-delegacia-e-e-liberado\/\" type=\"link\" id=\"https:\/\/www.acordacidade.com.br\/policia\/suspeito-de-matar-mulher-trans-se-apresenta-na-delegacia-e-e-liberado\/\">Suspeito de matar mulher trans se apresenta na delegacia e \u00e9 liberado<\/a><\/p>\n<p><a href=\"https:\/\/www.acordacidade.com.br\/policia\/travesti-e-assassinada-em-feira-de-santana-policia-apreendeu-celular-do-suspeito\/?utm_source=whatsapp&amp;utm_medium=referral&amp;utm_campaign=share_alongside\">Mulher trans \u00e9 assassinada em Feira de Santana; pol\u00edcia apreendeu celular do suspeito<\/a><\/p>\n<p><a href=\"https:\/\/www.acordacidade.com.br\/policia\/travesti-e-assassinada-em-feira-de-santana-policia-apreendeu-celular-do-suspeito\/?utm_source=whatsapp&amp;utm_medium=referral&amp;utm_campaign=share_alongside\"><br \/><\/a><em>Siga o Acorda Cidade no<\/em><a href=\"https:\/\/news.google.com\/search?q=acorda%20cidade&amp;hl=pt-BR&amp;gl=BR&amp;ceid=BR%3Apt-419\"><strong><em>\u00a0Google Not\u00edcias<\/em><\/strong><\/a><em>\u00a0e receba os principais destaques do dia. Participe tamb\u00e9m dos nossos canais no\u00a0<\/em><a href=\"https:\/\/www.whatsapp.com\/channel\/0029Va6Rb4v3WHTNnsh8WI3N\"><strong><em>WhatsApp<\/em><\/strong><\/a><em>\u00a0e\u00a0<\/em><a href=\"https:\/\/www.youtube.com\/@acordacidadenoticias\/videos\"><strong>YouTube<\/strong><\/a><em>\u00a0e no grupo de\u00a0<\/em><a href=\"https:\/\/t.me\/+sSz0khrgARA0ZmRh\"><strong><em>Telegram<\/em><\/strong><\/a><em>.<\/em><\/p>\n<\/div>\n","protected":false},"excerpt":{"rendered":"<div>\n<div>\n<figure><img decoding=\"async\" src=\"https:\/\/uploads.acordacidade.com.br\/2026\/04\/Jullyana-Freitas-Leite-mulher-trans-morta-em-Feira-de-Santana-foto-reproducao-.png\" alt=\"Feira de Santana\"><figcaption>Jullyana Freitas Leite, mulher trans morta em Feira de Santana | Foto: reprodu\u00e7\u00e3o <\/figcaption><\/figure>\n<\/div>\n<p>A v\u00edtima, Jullyana Freitas Leite, de 40 anos, foi morta dia 8 de janeiro, com um tiro na nuca, no bairro Parque Get\u00falio Vargas.<\/p><\/div>\n","protected":false},"author":1,"featured_media":128586,"comment_status":"closed","ping_status":"closed","sticky":false,"template":"","format":"gallery","meta":{"footnotes":""},"categories":[8,9,6,57,56,10],"tags":[],"class_list":["post-128585","post","type-post","status-publish","format-gallery","has-post-thumbnail","hentry","category-bahia","category-brasil","category-feira-de-santana","category-mundo","category-policia","category-politica","post_format-post-format-gallery"],"featured_image_urls":{"full":["https:\/\/noticiasbahia360.com.br\/wp-content\/uploads\/2026\/04\/Jullyana-Freitas-Leite-mulher-trans-morta-em-Feira-de-Santana-foto-reproducao-1-1.png",1200,675,false],"thumbnail":["https:\/\/noticiasbahia360.com.br\/wp-content\/uploads\/2026\/04\/Jullyana-Freitas-Leite-mulher-trans-morta-em-Feira-de-Santana-foto-reproducao-1-1-150x150.png",150,150,true],"medium":["https:\/\/noticiasbahia360.com.br\/wp-content\/uploads\/2026\/04\/Jullyana-Freitas-Leite-mulher-trans-morta-em-Feira-de-Santana-foto-reproducao-1-1-300x169.png",300,169,true],"medium_large":["https:\/\/noticiasbahia360.com.br\/wp-content\/uploads\/2026\/04\/Jullyana-Freitas-Leite-mulher-trans-morta-em-Feira-de-Santana-foto-reproducao-1-1-768x432.png",640,360,true],"large":["https:\/\/noticiasbahia360.com.br\/wp-content\/uploads\/2026\/04\/Jullyana-Freitas-Leite-mulher-trans-morta-em-Feira-de-Santana-foto-reproducao-1-1-1024x576.png",640,360,true],"1536x1536":["https:\/\/noticiasbahia360.com.br\/wp-content\/uploads\/2026\/04\/Jullyana-Freitas-Leite-mulher-trans-morta-em-Feira-de-Santana-foto-reproducao-1-1.png",1200,675,false],"2048x2048":["https:\/\/noticiasbahia360.com.br\/wp-content\/uploads\/2026\/04\/Jullyana-Freitas-Leite-mulher-trans-morta-em-Feira-de-Santana-foto-reproducao-1-1.png",1200,675,false],"chromenews-featured":["https:\/\/noticiasbahia360.com.br\/wp-content\/uploads\/2026\/04\/Jullyana-Freitas-Leite-mulher-trans-morta-em-Feira-de-Santana-foto-reproducao-1-1-1024x576.png",1024,576,true],"chromenews-large":["https:\/\/noticiasbahia360.com.br\/wp-content\/uploads\/2026\/04\/Jullyana-Freitas-Leite-mulher-trans-morta-em-Feira-de-Santana-foto-reproducao-1-1-825x575.png",825,575,true],"chromenews-medium":["https:\/\/noticiasbahia360.com.br\/wp-content\/uploads\/2026\/04\/Jullyana-Freitas-Leite-mulher-trans-morta-em-Feira-de-Santana-foto-reproducao-1-1-590x410.png",590,410,true]},"author_info":{"display_name":"noticiasbahia360.com.br","author_link":"https:\/\/noticiasbahia360.com.br\/?author=1"},"category_info":"<a href=\"https:\/\/noticiasbahia360.com.br\/?cat=8\" rel=\"category\">Bahia<\/a> <a href=\"https:\/\/noticiasbahia360.com.br\/?cat=9\" rel=\"category\">Brasil<\/a> <a href=\"https:\/\/noticiasbahia360.com.br\/?cat=6\" rel=\"category\">Feira de Santana<\/a> <a href=\"https:\/\/noticiasbahia360.com.br\/?cat=57\" rel=\"category\">Mundo<\/a> <a href=\"https:\/\/noticiasbahia360.com.br\/?cat=56\" rel=\"category\">Pol\u00edcia<\/a> <a href=\"https:\/\/noticiasbahia360.com.br\/?cat=10\" rel=\"category\">Pol\u00edtica<\/a>","tag_info":"Pol\u00edtica","comment_count":"0","_links":{"self":[{"href":"https:\/\/noticiasbahia360.com.br\/index.php?rest_route=\/wp\/v2\/posts\/128585","targetHints":{"allow":["GET"]}}],"collection":[{"href":"https:\/\/noticiasbahia360.com.br\/index.php?rest_route=\/wp\/v2\/posts"}],"about":[{"href":"https:\/\/noticiasbahia360.com.br\/index.php?rest_route=\/wp\/v2\/types\/post"}],"author":[{"embeddable":true,"href":"https:\/\/noticiasbahia360.com.br\/index.php?rest_route=\/wp\/v2\/users\/1"}],"replies":[{"embeddable":true,"href":"https:\/\/noticiasbahia360.com.br\/index.php?rest_route=%2Fwp%2Fv2%2Fcomments&post=128585"}],"version-history":[{"count":0,"href":"https:\/\/noticiasbahia360.com.br\/index.php?rest_route=\/wp\/v2\/posts\/128585\/revisions"}],"wp:featuredmedia":[{"embeddable":true,"href":"https:\/\/noticiasbahia360.com.br\/index.php?rest_route=\/wp\/v2\/media\/128586"}],"wp:attachment":[{"href":"https:\/\/noticiasbahia360.com.br\/index.php?rest_route=%2Fwp%2Fv2%2Fmedia&parent=128585"}],"wp:term":[{"taxonomy":"category","embeddable":true,"href":"https:\/\/noticiasbahia360.com.br\/index.php?rest_route=%2Fwp%2Fv2%2Fcategories&post=128585"},{"taxonomy":"post_tag","embeddable":true,"href":"https:\/\/noticiasbahia360.com.br\/index.php?rest_route=%2Fwp%2Fv2%2Ftags&post=128585"}],"curies":[{"name":"wp","href":"https:\/\/api.w.org\/{rel}","templated":true}]}}