{"id":128587,"date":"2026-04-27T17:45:55","date_gmt":"2026-04-27T20:45:55","guid":{"rendered":"https:\/\/noticiasbahia360.com.br\/?p=128587"},"modified":"2026-04-27T17:45:55","modified_gmt":"2026-04-27T20:45:55","slug":"william-bonner-recebe-10-trofeus-no-sbt-apos-ser-liberado-pela-globo","status":"publish","type":"post","link":"https:\/\/noticiasbahia360.com.br\/?p=128587","title":{"rendered":"William Bonner recebe 10 trof\u00e9us no SBT ap\u00f3s ser liberado pela Globo"},"content":{"rendered":"<div>\n<div>\n<figure><img decoding=\"async\" src=\"http:\/\/noticiasbahia360.com.br\/wp-content\/uploads\/2026\/04\/William-Bonner-Foto-Reproducao-Redes-Sociais-270426.jpg\" alt=\"William Bonner\"><figcaption>William Bonner | Foto: Reprodu\u00e7\u00e3o\/ Redes Sociais<\/figcaption><\/figure>\n<\/div>\n<p>O jornalista William Bonner esperou d\u00e9cadas para conseguir receber as estatuetas do Trof\u00e9u Imprensa, premia\u00e7\u00e3o realizada pelo SBT. Devido \u00e0 proibi\u00e7\u00e3o da Globo, o ex-\u00e2ncora do Jornal Nacional nunca p\u00f4de estar no evento da concorr\u00eancia.<\/p>\n<p>No entanto, em 2026, ap\u00f3s deixar o comando do principal telejornal da emissora, Bonner foi liberado pela Globo para comparecer ao evento e receber os 33 trof\u00e9us conquistados por ele e pelo Jornal Nacional nas \u00faltimas d\u00e9cadas.<\/p>\n<p>Ao receber todos os trof\u00e9us, o jornalista deu o popular \u201cboa noite\u201d e agradeceu pelo carinho do p\u00fablico e do SBT.<\/p>\n<p>\u201cEu tenho 62 anos, mas o Trof\u00e9u Imprensa eu acompanho desde crian\u00e7a, acho que todo mundo aqui acompanhou, sabe da import\u00e2ncia e da relev\u00e2ncia que tem esse pr\u00eamio, que \u00e9 um pr\u00eamio generoso, que premia talentos e profissionais de outras emissoras, sempre foi assim\u201d, comentou.<\/p>\n<p>William Bonner, que esteve \u00e0 frente do Jornal Nacional por 29 anos, deixou a atra\u00e7\u00e3o para se dedicar a uma nova fun\u00e7\u00e3o na emissora. \u201cUm telejornal como esse \u00e9 feito por centenas de profissionais em cada canto do pa\u00eds e tamb\u00e9m fora dele. Ent\u00e3o, \u00e9 para todos eles que esse pr\u00eamio tem que ir\u201d, disse.<\/p>\n<p>O jornalista estreou em fevereiro no Globo Rep\u00f3rter ao lado de Sandra Annenberg. A chegada de Bonner ao programa marca uma nova fase da atra\u00e7\u00e3o, que se apresenta ao p\u00fablico ainda mais leve e intimista, levando o jornalista para fora do est\u00fadio com reportagens especiais.<\/p>\n<p>Fonte: <a href=\"https:\/\/www.bahianoticias.com.br\/holofote\/noticia\/84138-william-bonner-ganha-liberacao-da-globo-para-receber-trofeu-no-sbt-jornalista-tinha-mais-de-10-premios-acumulados\" type=\"link\" id=\"https:\/\/www.bahianoticias.com.br\/holofote\/noticia\/84138-william-bonner-ganha-liberacao-da-globo-para-receber-trofeu-no-sbt-jornalista-tinha-mais-de-10-premios-acumulados\" target=\"_blank\" rel=\"noreferrer noopener\">Bahia Not\u00edcias<\/a>, site parceiro do Acorda Cidade.<\/p>\n<p><em>Siga o Acorda Cidade no\u00a0<\/em><a href=\"https:\/\/news.google.com\/search?q=acorda%20cidade&amp;hl=pt-BR&amp;gl=BR&amp;ceid=BR%3Apt-419\"><strong><em>Google Not\u00edcias<\/em><\/strong><\/a><em>\u00a0e receba os principais destaques do dia. Participe tamb\u00e9m dos nossos canais no\u00a0<\/em><a href=\"https:\/\/www.whatsapp.com\/channel\/0029Va6Rb4v3WHTNnsh8WI3N\"><strong><em>WhatsApp<\/em><\/strong><\/a><em>\u00a0e\u00a0<\/em><a href=\"https:\/\/www.youtube.com\/@acordacidadenoticias\/videos\"><strong>YouTube<\/strong><\/a><em>\u00a0e grupo de\u00a0<\/em><a href=\"https:\/\/t.me\/+sSz0khrgARA0ZmRh\"><strong><em>Telegram<\/em><\/strong><\/a><em>.<\/em><\/p>\n<\/div>\n","protected":false},"excerpt":{"rendered":"<div>\n<div>\n<figure><img decoding=\"async\" src=\"https:\/\/uploads.acordacidade.com.br\/2026\/04\/William-Bonner-Foto-Reproducao-Redes-Sociais-270426.jpg\" alt=\"William Bonner\"><figcaption>William Bonner | Foto: Reprodu\u00e7\u00e3o\/ Redes Sociais<\/figcaption><\/figure>\n<\/div>\n<p>William Bonner, que esteve \u00e0 frente do Jornal Nacional por 29 anos, deixou a atra\u00e7\u00e3o para se dedicar a uma nova fun\u00e7\u00e3o na emissora.<\/p><\/div>\n","protected":false},"author":1,"featured_media":128588,"comment_status":"closed","ping_status":"closed","sticky":false,"template":"","format":"gallery","meta":{"footnotes":""},"categories":[8,9,6,57,56,10],"tags":[],"class_list":["post-128587","post","type-post","status-publish","format-gallery","has-post-thumbnail","hentry","category-bahia","category-brasil","category-feira-de-santana","category-mundo","category-policia","category-politica","post_format-post-format-gallery"],"featured_image_urls":{"full":["https:\/\/noticiasbahia360.com.br\/wp-content\/uploads\/2026\/04\/William-Bonner-Foto-Reproducao-Redes-Sociais-270426.jpg",1200,630,false],"thumbnail":["https:\/\/noticiasbahia360.com.br\/wp-content\/uploads\/2026\/04\/William-Bonner-Foto-Reproducao-Redes-Sociais-270426-150x150.jpg",150,150,true],"medium":["https:\/\/noticiasbahia360.com.br\/wp-content\/uploads\/2026\/04\/William-Bonner-Foto-Reproducao-Redes-Sociais-270426-300x158.jpg",300,158,true],"medium_large":["https:\/\/noticiasbahia360.com.br\/wp-content\/uploads\/2026\/04\/William-Bonner-Foto-Reproducao-Redes-Sociais-270426-768x403.jpg",640,336,true],"large":["https:\/\/noticiasbahia360.com.br\/wp-content\/uploads\/2026\/04\/William-Bonner-Foto-Reproducao-Redes-Sociais-270426-1024x538.jpg",640,336,true],"1536x1536":["https:\/\/noticiasbahia360.com.br\/wp-content\/uploads\/2026\/04\/William-Bonner-Foto-Reproducao-Redes-Sociais-270426.jpg",1200,630,false],"2048x2048":["https:\/\/noticiasbahia360.com.br\/wp-content\/uploads\/2026\/04\/William-Bonner-Foto-Reproducao-Redes-Sociais-270426.jpg",1200,630,false],"chromenews-featured":["https:\/\/noticiasbahia360.com.br\/wp-content\/uploads\/2026\/04\/William-Bonner-Foto-Reproducao-Redes-Sociais-270426-1024x538.jpg",1024,538,true],"chromenews-large":["https:\/\/noticiasbahia360.com.br\/wp-content\/uploads\/2026\/04\/William-Bonner-Foto-Reproducao-Redes-Sociais-270426-825x575.jpg",825,575,true],"chromenews-medium":["https:\/\/noticiasbahia360.com.br\/wp-content\/uploads\/2026\/04\/William-Bonner-Foto-Reproducao-Redes-Sociais-270426-590x410.jpg",590,410,true]},"author_info":{"display_name":"noticiasbahia360.com.br","author_link":"https:\/\/noticiasbahia360.com.br\/?author=1"},"category_info":"<a href=\"https:\/\/noticiasbahia360.com.br\/?cat=8\" rel=\"category\">Bahia<\/a> <a href=\"https:\/\/noticiasbahia360.com.br\/?cat=9\" rel=\"category\">Brasil<\/a> <a href=\"https:\/\/noticiasbahia360.com.br\/?cat=6\" rel=\"category\">Feira de Santana<\/a> <a href=\"https:\/\/noticiasbahia360.com.br\/?cat=57\" rel=\"category\">Mundo<\/a> <a href=\"https:\/\/noticiasbahia360.com.br\/?cat=56\" rel=\"category\">Pol\u00edcia<\/a> <a href=\"https:\/\/noticiasbahia360.com.br\/?cat=10\" rel=\"category\">Pol\u00edtica<\/a>","tag_info":"Pol\u00edtica","comment_count":"0","_links":{"self":[{"href":"https:\/\/noticiasbahia360.com.br\/index.php?rest_route=\/wp\/v2\/posts\/128587","targetHints":{"allow":["GET"]}}],"collection":[{"href":"https:\/\/noticiasbahia360.com.br\/index.php?rest_route=\/wp\/v2\/posts"}],"about":[{"href":"https:\/\/noticiasbahia360.com.br\/index.php?rest_route=\/wp\/v2\/types\/post"}],"author":[{"embeddable":true,"href":"https:\/\/noticiasbahia360.com.br\/index.php?rest_route=\/wp\/v2\/users\/1"}],"replies":[{"embeddable":true,"href":"https:\/\/noticiasbahia360.com.br\/index.php?rest_route=%2Fwp%2Fv2%2Fcomments&post=128587"}],"version-history":[{"count":0,"href":"https:\/\/noticiasbahia360.com.br\/index.php?rest_route=\/wp\/v2\/posts\/128587\/revisions"}],"wp:featuredmedia":[{"embeddable":true,"href":"https:\/\/noticiasbahia360.com.br\/index.php?rest_route=\/wp\/v2\/media\/128588"}],"wp:attachment":[{"href":"https:\/\/noticiasbahia360.com.br\/index.php?rest_route=%2Fwp%2Fv2%2Fmedia&parent=128587"}],"wp:term":[{"taxonomy":"category","embeddable":true,"href":"https:\/\/noticiasbahia360.com.br\/index.php?rest_route=%2Fwp%2Fv2%2Fcategories&post=128587"},{"taxonomy":"post_tag","embeddable":true,"href":"https:\/\/noticiasbahia360.com.br\/index.php?rest_route=%2Fwp%2Fv2%2Ftags&post=128587"}],"curies":[{"name":"wp","href":"https:\/\/api.w.org\/{rel}","templated":true}]}}