{"id":128589,"date":"2026-04-27T17:50:55","date_gmt":"2026-04-27T20:50:55","guid":{"rendered":"https:\/\/noticiasbahia360.com.br\/?p=128589"},"modified":"2026-04-27T17:50:55","modified_gmt":"2026-04-27T20:50:55","slug":"suspeito-de-atropelar-e-matar-mae-e-filho-em-feira-de-santana-e-transferido-para-central-medica-penitenciaria","status":"publish","type":"post","link":"https:\/\/noticiasbahia360.com.br\/?p=128589","title":{"rendered":"Suspeito de atropelar e matar m\u00e3e e filho em Feira de Santana \u00e9 transferido para Central M\u00e9dica Penitenci\u00e1ria"},"content":{"rendered":"<div>\n<div>\n<figure><img decoding=\"async\" src=\"http:\/\/noticiasbahia360.com.br\/wp-content\/uploads\/2026\/04\/Milena-Silvania-Ramos-dos-Santos-e-Guilherme-Dias-Matias-Foto-Reproducao-Redes-Sociais-e1776096202295-4.jpg\" alt=\"Milena Silvania Ramos dos Santos e Guilherme Dias Matias\"><figcaption>Milene Silvania Ramos dos Santos e Guilherme Dias Matias | Foto: Reprodu\u00e7\u00e3o\/ Redes Sociais<\/figcaption><\/figure>\n<\/div>\n<p>Na \u00faltima quinta-feira (23), Felipe Cunha, apontado como respons\u00e1vel pelo atropelamento que matou m\u00e3e e filho no bairro Santo Ant\u00f4nio dos Prazeres, em Feira de Santana, foi transferido para a Central M\u00e9dica Penitenci\u00e1ria, em Salvador. Ele passa agora a ficar sob cust\u00f3dia da Secretaria de Administra\u00e7\u00e3o Penitenci\u00e1ria (Seap), sob responsabilidade da ju\u00edza Marcele Coutinho, titular da Vara de T\u00f3xicos e Ve\u00edculos do munic\u00edpio.<\/p>\n<p>O caso, que gerou forte como\u00e7\u00e3o na cidade, tirou a vida de Milena Silvania Ramos dos Santos, de 32 anos, e do filho, Guilherme Dias Matias, de 9 anos. Os dois estavam em uma motocicleta quando foram atingidos pelo ve\u00edculo conduzido por Felipe, na Avenida S\u00e9rgio Carneiro, nas proximidades do Residencial Solar da Princesa.<\/p>\n<p>Na mesma ocorr\u00eancia, a outra filha de Milena, \u00c9mile Lav\u00ednia Ramos dos Santos, de 11 anos, tamb\u00e9m foi atingida. Ela foi socorrida, atendida no Hospital Estadual da Crian\u00e7a (HEC) e j\u00e1 recebeu alta hospitalar.<\/p>\n<p>O acidente aconteceu na noite do domingo (12). As v\u00edtimas morreram ainda no local. Desde ent\u00e3o, o homem permanecia sob cust\u00f3dia da Pol\u00edcia Civil, mas a delegada Daniele Matias, titular da 2\u00aa Delegacia, entendeu que a situa\u00e7\u00e3o deveria ser transferida ao sistema prisional, decis\u00e3o que tamb\u00e9m chamou a aten\u00e7\u00e3o do sindicato da categoria.<\/p>\n<p>Felipe Cunha foi autuado por homic\u00eddio culposo e les\u00e3o culposa na dire\u00e7\u00e3o de ve\u00edculo sob influ\u00eancia de \u00e1lcool. O caso segue sendo acompanhado pela Justi\u00e7a.<\/p>\n<p><strong>Leia tamb\u00e9m:<\/strong><\/p>\n<p><a href=\"https:\/\/www.acordacidade.com.br\/feira-de-santana\/mae-e-filho-vitimas-de-atropelamento-sao-sepultados-em-feira-de-santana\/\" type=\"link\" id=\"https:\/\/www.acordacidade.com.br\/feira-de-santana\/mae-e-filho-vitimas-de-atropelamento-sao-sepultados-em-feira-de-santana\/\">M\u00e3e e filho v\u00edtimas de atropelamento s\u00e3o sepultados em Feira de Santana<\/a><\/p>\n<p><a href=\"https:\/\/www.acordacidade.com.br\/feira-de-santana\/atropelou-como-se-fosse-um-animal-diz-irma-de-mulher-morta-com-filho-em-feira-de-santana\/\">\u201cAtropelou como se fosse um animal\u201d, diz irm\u00e3 de mulher morta com filho em Feira de Santana<\/a><\/p>\n<p><a href=\"https:\/\/www.acordacidade.com.br\/feira-de-santana\/moradores-protestam-apos-morte-de-mae-e-filho-atropelados-em-feira-de-santana\/\">Moradores protestam ap\u00f3s morte de m\u00e3e e filho atropelados em Feira de Santana<\/a><\/p>\n<p><a href=\"https:\/\/www.acordacidade.com.br\/policia\/duas-pessoas-sao-mortas-vitimas-de-atropelamento-em-feira-de-santana-motorista-e-agredido-por-populares\/\">Duas pessoas s\u00e3o mortas v\u00edtimas de atropelamento em Feira de Santana; motorista \u00e9 agredido por populares<\/a><\/p>\n<p><em>Com informa\u00e7\u00f5es do rep\u00f3rter Ed Santos, do Acorda Cidade<\/em><\/p>\n<p><em>Siga o Acorda Cidade no\u00a0<\/em><a href=\"https:\/\/news.google.com\/search?q=acorda%20cidade&amp;hl=pt-BR&amp;gl=BR&amp;ceid=BR%3Apt-419\"><strong><em>Google Not\u00edcias<\/em><\/strong><\/a><em>\u00a0e receba os principais destaques do dia. Participe tamb\u00e9m dos nossos canais no\u00a0<\/em><a href=\"https:\/\/www.whatsapp.com\/channel\/0029Va6Rb4v3WHTNnsh8WI3N\"><strong><em>WhatsApp<\/em><\/strong><\/a><em>\u00a0e\u00a0<\/em><a href=\"https:\/\/www.youtube.com\/@acordacidadenoticias\/videos\"><strong>YouTube<\/strong><\/a><em>\u00a0e grupo de\u00a0<\/em><a href=\"https:\/\/t.me\/+sSz0khrgARA0ZmRh\"><strong><em>Telegram<\/em><\/strong><\/a><em>.<\/em><\/p>\n<\/div>\n","protected":false},"excerpt":{"rendered":"<div>\n<div>\n<figure><img decoding=\"async\" src=\"https:\/\/uploads.acordacidade.com.br\/2026\/04\/Milena-Silvania-Ramos-dos-Santos-e-Guilherme-Dias-Matias-Foto-Reproducao-Redes-Sociais-e1776096202295.jpg\" alt=\"Milena Silvania Ramos dos Santos e Guilherme Dias Matias\"><figcaption>Milene Silvania Ramos dos Santos e Guilherme Dias Matias | Foto: Reprodu\u00e7\u00e3o\/ Redes Sociais<\/figcaption><\/figure>\n<\/div>\n<p>O atropelamento tirou a vida de Milena Silvania Ramos dos Santos, de 32 anos, e do filho, Guilherme Dias Matias, de 9 anos.<\/p><\/div>\n","protected":false},"author":1,"featured_media":128590,"comment_status":"closed","ping_status":"closed","sticky":false,"template":"","format":"gallery","meta":{"footnotes":""},"categories":[8,9,6,57,56,10],"tags":[],"class_list":["post-128589","post","type-post","status-publish","format-gallery","has-post-thumbnail","hentry","category-bahia","category-brasil","category-feira-de-santana","category-mundo","category-policia","category-politica","post_format-post-format-gallery"],"featured_image_urls":{"full":["https:\/\/noticiasbahia360.com.br\/wp-content\/uploads\/2026\/04\/Milena-Silvania-Ramos-dos-Santos-e-Guilherme-Dias-Matias-Foto-Reproducao-Redes-Sociais-e1776096202295-4.jpg",1044,642,false],"thumbnail":["https:\/\/noticiasbahia360.com.br\/wp-content\/uploads\/2026\/04\/Milena-Silvania-Ramos-dos-Santos-e-Guilherme-Dias-Matias-Foto-Reproducao-Redes-Sociais-e1776096202295-4-150x150.jpg",150,150,true],"medium":["https:\/\/noticiasbahia360.com.br\/wp-content\/uploads\/2026\/04\/Milena-Silvania-Ramos-dos-Santos-e-Guilherme-Dias-Matias-Foto-Reproducao-Redes-Sociais-e1776096202295-4-300x184.jpg",300,184,true],"medium_large":["https:\/\/noticiasbahia360.com.br\/wp-content\/uploads\/2026\/04\/Milena-Silvania-Ramos-dos-Santos-e-Guilherme-Dias-Matias-Foto-Reproducao-Redes-Sociais-e1776096202295-4-768x472.jpg",640,393,true],"large":["https:\/\/noticiasbahia360.com.br\/wp-content\/uploads\/2026\/04\/Milena-Silvania-Ramos-dos-Santos-e-Guilherme-Dias-Matias-Foto-Reproducao-Redes-Sociais-e1776096202295-4-1024x630.jpg",640,394,true],"1536x1536":["https:\/\/noticiasbahia360.com.br\/wp-content\/uploads\/2026\/04\/Milena-Silvania-Ramos-dos-Santos-e-Guilherme-Dias-Matias-Foto-Reproducao-Redes-Sociais-e1776096202295-4.jpg",1044,642,false],"2048x2048":["https:\/\/noticiasbahia360.com.br\/wp-content\/uploads\/2026\/04\/Milena-Silvania-Ramos-dos-Santos-e-Guilherme-Dias-Matias-Foto-Reproducao-Redes-Sociais-e1776096202295-4.jpg",1044,642,false],"chromenews-featured":["https:\/\/noticiasbahia360.com.br\/wp-content\/uploads\/2026\/04\/Milena-Silvania-Ramos-dos-Santos-e-Guilherme-Dias-Matias-Foto-Reproducao-Redes-Sociais-e1776096202295-4-1024x630.jpg",1024,630,true],"chromenews-large":["https:\/\/noticiasbahia360.com.br\/wp-content\/uploads\/2026\/04\/Milena-Silvania-Ramos-dos-Santos-e-Guilherme-Dias-Matias-Foto-Reproducao-Redes-Sociais-e1776096202295-4-825x575.jpg",825,575,true],"chromenews-medium":["https:\/\/noticiasbahia360.com.br\/wp-content\/uploads\/2026\/04\/Milena-Silvania-Ramos-dos-Santos-e-Guilherme-Dias-Matias-Foto-Reproducao-Redes-Sociais-e1776096202295-4-590x410.jpg",590,410,true]},"author_info":{"display_name":"noticiasbahia360.com.br","author_link":"https:\/\/noticiasbahia360.com.br\/?author=1"},"category_info":"<a href=\"https:\/\/noticiasbahia360.com.br\/?cat=8\" rel=\"category\">Bahia<\/a> <a href=\"https:\/\/noticiasbahia360.com.br\/?cat=9\" rel=\"category\">Brasil<\/a> <a href=\"https:\/\/noticiasbahia360.com.br\/?cat=6\" rel=\"category\">Feira de Santana<\/a> <a href=\"https:\/\/noticiasbahia360.com.br\/?cat=57\" rel=\"category\">Mundo<\/a> <a href=\"https:\/\/noticiasbahia360.com.br\/?cat=56\" rel=\"category\">Pol\u00edcia<\/a> <a href=\"https:\/\/noticiasbahia360.com.br\/?cat=10\" rel=\"category\">Pol\u00edtica<\/a>","tag_info":"Pol\u00edtica","comment_count":"0","_links":{"self":[{"href":"https:\/\/noticiasbahia360.com.br\/index.php?rest_route=\/wp\/v2\/posts\/128589","targetHints":{"allow":["GET"]}}],"collection":[{"href":"https:\/\/noticiasbahia360.com.br\/index.php?rest_route=\/wp\/v2\/posts"}],"about":[{"href":"https:\/\/noticiasbahia360.com.br\/index.php?rest_route=\/wp\/v2\/types\/post"}],"author":[{"embeddable":true,"href":"https:\/\/noticiasbahia360.com.br\/index.php?rest_route=\/wp\/v2\/users\/1"}],"replies":[{"embeddable":true,"href":"https:\/\/noticiasbahia360.com.br\/index.php?rest_route=%2Fwp%2Fv2%2Fcomments&post=128589"}],"version-history":[{"count":0,"href":"https:\/\/noticiasbahia360.com.br\/index.php?rest_route=\/wp\/v2\/posts\/128589\/revisions"}],"wp:featuredmedia":[{"embeddable":true,"href":"https:\/\/noticiasbahia360.com.br\/index.php?rest_route=\/wp\/v2\/media\/128590"}],"wp:attachment":[{"href":"https:\/\/noticiasbahia360.com.br\/index.php?rest_route=%2Fwp%2Fv2%2Fmedia&parent=128589"}],"wp:term":[{"taxonomy":"category","embeddable":true,"href":"https:\/\/noticiasbahia360.com.br\/index.php?rest_route=%2Fwp%2Fv2%2Fcategories&post=128589"},{"taxonomy":"post_tag","embeddable":true,"href":"https:\/\/noticiasbahia360.com.br\/index.php?rest_route=%2Fwp%2Fv2%2Ftags&post=128589"}],"curies":[{"name":"wp","href":"https:\/\/api.w.org\/{rel}","templated":true}]}}