{"id":128591,"date":"2026-04-27T18:16:19","date_gmt":"2026-04-27T21:16:19","guid":{"rendered":"https:\/\/noticiasbahia360.com.br\/?p=128591"},"modified":"2026-04-27T18:16:19","modified_gmt":"2026-04-27T21:16:19","slug":"moradora-da-matinha-dos-pretos-vence-miss-afro-feira-de-santana-2026","status":"publish","type":"post","link":"https:\/\/noticiasbahia360.com.br\/?p=128591","title":{"rendered":"Moradora da Matinha dos Pretos vence Miss Afro Feira de Santana 2026"},"content":{"rendered":"<div>\n<div>\n<figure><img decoding=\"async\" src=\"http:\/\/noticiasbahia360.com.br\/wp-content\/uploads\/2026\/04\/Miss-Afro-Feira-de-Santana-4.webp\" alt=\"Moradora da Matinha dos Pretos vence Miss Afro Feira de Santana 2026\"><figcaption>Foto: Taila Silva<\/figcaption><\/figure>\n<\/div>\n<p>O Teatro do Centro de Conven\u00e7\u00f5es de Feira de Santana foi palco, no \u00faltimo domingo (26), de uma celebra\u00e7\u00e3o marcada por emo\u00e7\u00e3o, brilho e representatividade. A grande final do Concurso Miss Afro Feira de Santana 2026 \u2013 9\u00aa Edi\u00e7\u00e3o reuniu um p\u00fablico expressivo e reafirmou a for\u00e7a, a beleza e o protagonismo da mulher negra no munic\u00edpio e em toda a regi\u00e3o.<\/p>\n<figure class=\"wp-block-image size-full\"><img fetchpriority=\"high\" fetchpriority=\"high\" decoding=\"async\" width=\"1200\" height=\"801\" src=\"http:\/\/noticiasbahia360.com.br\/wp-content\/uploads\/2026\/04\/Miss-Afro-Feira-de-Santana.webp\" alt=\"Moradora da Matinha dos Pretos vence Miss Afro Feira de Santana 2026\" class=\"wp-image-650450\" srcset=\"http:\/\/noticiasbahia360.com.br\/wp-content\/uploads\/2026\/04\/Miss-Afro-Feira-de-Santana.webp 1200w, https:\/\/uploads.acordacidade.com.br\/2026\/04\/Miss-Afro-Feira-de-Santana-750x501.webp 750w, https:\/\/uploads.acordacidade.com.br\/2026\/04\/Miss-Afro-Feira-de-Santana-1000x668.webp 1000w, https:\/\/uploads.acordacidade.com.br\/2026\/04\/Miss-Afro-Feira-de-Santana-450x300.webp 450w, https:\/\/uploads.acordacidade.com.br\/2026\/04\/Miss-Afro-Feira-de-Santana-150x100.webp 150w\" sizes=\"(max-width: 1200px) 100vw, 1200px\"><figcaption class=\"wp-element-caption\">Foto: Taila Silva<\/figcaption><\/figure>\n<p>A noite foi descrita como um verdadeiro espet\u00e1culo de empoderamento e exalta\u00e7\u00e3o da identidade negra. Com o teatro completamente lotado, ocupando sua capacidade de cerca de 600 pessoas, o evento mostrou a import\u00e2ncia e o alcance da iniciativa, que j\u00e1 se consolidou como uma das principais a\u00e7\u00f5es afirmativas da cidade.<\/p>\n<p>Ao todo, 187 meninas e mulheres negras, com idades entre 16 e 40 anos, participaram desta edi\u00e7\u00e3o. Al\u00e9m de candidatas de Feira de Santana, o concurso contou com representantes de outros oito munic\u00edpios da regi\u00e3o. Durante tr\u00eas meses, as participantes passaram por um processo formativo que envolveu autoestima, identidade, cultura e prepara\u00e7\u00e3o para o desfile final.<\/p>\n<figure class=\"wp-block-image size-full\"><img decoding=\"async\" width=\"1200\" height=\"725\" src=\"http:\/\/noticiasbahia360.com.br\/wp-content\/uploads\/2026\/04\/Miss-Afro-Feira-de-Santana-2.webp\" alt=\"Moradora da Matinha dos Pretos vence Miss Afro Feira de Santana 2026\" class=\"wp-image-650447\" srcset=\"http:\/\/noticiasbahia360.com.br\/wp-content\/uploads\/2026\/04\/Miss-Afro-Feira-de-Santana-2.webp 1200w, https:\/\/uploads.acordacidade.com.br\/2026\/04\/Miss-Afro-Feira-de-Santana-2-750x453.webp 750w, https:\/\/uploads.acordacidade.com.br\/2026\/04\/Miss-Afro-Feira-de-Santana-2-1000x604.webp 1000w, https:\/\/uploads.acordacidade.com.br\/2026\/04\/Miss-Afro-Feira-de-Santana-2-450x272.webp 450w, https:\/\/uploads.acordacidade.com.br\/2026\/04\/Miss-Afro-Feira-de-Santana-2-150x91.webp 150w\" sizes=\"(max-width: 1200px) 100vw, 1200px\"><figcaption class=\"wp-element-caption\">Foto: Taila Silva<\/figcaption><\/figure>\n<p>A grande vencedora da noite foi <strong>Leandra Jesus, de 40 anos<\/strong>, moradora da Comunidade Quilombola Matinha dos Pretos, que conquistou o t\u00edtulo de Miss Afro Feira de Santana 2026 com 351 pontos. Sua vit\u00f3ria simboliza n\u00e3o apenas uma conquista pessoal, mas tamb\u00e9m a valoriza\u00e7\u00e3o das comunidades quilombolas e suas hist\u00f3rias de resist\u00eancia.<\/p>\n<figure class=\"wp-block-image size-full\"><img decoding=\"async\" width=\"1200\" height=\"733\" src=\"http:\/\/noticiasbahia360.com.br\/wp-content\/uploads\/2026\/04\/Miss-Afro-Feira-de-Santana-3.webp\" alt=\"Moradora da Matinha dos Pretos vence Miss Afro Feira de Santana 2026\" class=\"wp-image-650446\" srcset=\"http:\/\/noticiasbahia360.com.br\/wp-content\/uploads\/2026\/04\/Miss-Afro-Feira-de-Santana-3.webp 1200w, https:\/\/uploads.acordacidade.com.br\/2026\/04\/Miss-Afro-Feira-de-Santana-3-750x458.webp 750w, https:\/\/uploads.acordacidade.com.br\/2026\/04\/Miss-Afro-Feira-de-Santana-3-1000x611.webp 1000w, https:\/\/uploads.acordacidade.com.br\/2026\/04\/Miss-Afro-Feira-de-Santana-3-450x275.webp 450w, https:\/\/uploads.acordacidade.com.br\/2026\/04\/Miss-Afro-Feira-de-Santana-3-150x92.webp 150w\" sizes=\"(max-width: 1200px) 100vw, 1200px\"><figcaption class=\"wp-element-caption\">Foto: Taila Silva<\/figcaption><\/figure>\n<p>O concurso tamb\u00e9m consagrou Geovana Amorim, do bairro Liberdade, como 1\u00aa Beldade Negra; Milena da Cruz, de 27 anos, moradora do bairro Asa Branca, como 2\u00aa Beldade Negra; e Karine dos Santos, de 38 anos, residente no bairro Gabriela, que foi escolhida entre as demais finalistas como Miss Afro Simpatia.<\/p>\n<figure class=\"wp-block-image size-full\"><img decoding=\"async\" width=\"1200\" height=\"801\" src=\"http:\/\/noticiasbahia360.com.br\/wp-content\/uploads\/2026\/04\/Miss-Afro-Feira-de-Santana-1.webp\" alt=\"Moradora da Matinha dos Pretos vence Miss Afro Feira de Santana 2026\" class=\"wp-image-650448\" srcset=\"http:\/\/noticiasbahia360.com.br\/wp-content\/uploads\/2026\/04\/Miss-Afro-Feira-de-Santana-1.webp 1200w, https:\/\/uploads.acordacidade.com.br\/2026\/04\/Miss-Afro-Feira-de-Santana-1-750x501.webp 750w, https:\/\/uploads.acordacidade.com.br\/2026\/04\/Miss-Afro-Feira-de-Santana-1-1000x668.webp 1000w, https:\/\/uploads.acordacidade.com.br\/2026\/04\/Miss-Afro-Feira-de-Santana-1-450x300.webp 450w, https:\/\/uploads.acordacidade.com.br\/2026\/04\/Miss-Afro-Feira-de-Santana-1-150x100.webp 150w\" sizes=\"(max-width: 1200px) 100vw, 1200px\"><figcaption class=\"wp-element-caption\">Foto: Taila Silva<\/figcaption><\/figure>\n<p>A programa\u00e7\u00e3o contou ainda com apresenta\u00e7\u00f5es culturais que enriqueceram a noite. As poetisas P\u00e9rola Anjos, Luma Luz e Carol Vilarinho emocionaram o p\u00fablico com suas performances, enquanto o cantor GilsamReggaeman do Brasil e a Banda Afropop animaram a plateia com muita m\u00fasica e energia.<\/p>\n<p>Mais do que um concurso de beleza, o Miss Afro Feira de Santana se reafirma como um espa\u00e7o de resist\u00eancia, valoriza\u00e7\u00e3o da cultura afro-brasileira e fortalecimento da autoestima de mulheres negras, celebrando hist\u00f3rias, trajet\u00f3rias e identidades que merecem visibilidade e reconhecimento.<\/p>\n<figure class=\"wp-block-image size-full\"><img loading=\"lazy\" decoding=\"async\" width=\"1200\" height=\"801\" src=\"http:\/\/noticiasbahia360.com.br\/wp-content\/uploads\/2026\/04\/Miss-Afro-Feira-de-Santana-.webp\" alt=\"Moradora da Matinha dos Pretos vence Miss Afro Feira de Santana 2026\" class=\"wp-image-650449\" srcset=\"http:\/\/noticiasbahia360.com.br\/wp-content\/uploads\/2026\/04\/Miss-Afro-Feira-de-Santana-.webp 1200w, https:\/\/uploads.acordacidade.com.br\/2026\/04\/Miss-Afro-Feira-de-Santana--750x501.webp 750w, https:\/\/uploads.acordacidade.com.br\/2026\/04\/Miss-Afro-Feira-de-Santana--1000x668.webp 1000w, https:\/\/uploads.acordacidade.com.br\/2026\/04\/Miss-Afro-Feira-de-Santana--450x300.webp 450w, https:\/\/uploads.acordacidade.com.br\/2026\/04\/Miss-Afro-Feira-de-Santana--150x100.webp 150w\" sizes=\"(max-width: 1200px) 100vw, 1200px\"><figcaption class=\"wp-element-caption\">Foto: Taila Silva<\/figcaption><\/figure>\n<p><em>Siga o Acorda Cidade no\u00a0<\/em><a href=\"https:\/\/news.google.com\/search?q=acorda%20cidade&amp;hl=pt-BR&amp;gl=BR&amp;ceid=BR%3Apt-419\"><strong><em>Google Not\u00edcias<\/em><\/strong><\/a><em>\u00a0e receba os principais destaques do dia. Participe tamb\u00e9m dos nossos canais no\u00a0<\/em><a href=\"https:\/\/www.whatsapp.com\/channel\/0029Va6Rb4v3WHTNnsh8WI3N\"><strong><em>WhatsApp<\/em><\/strong><\/a><em>\u00a0e\u00a0<\/em><a href=\"https:\/\/www.youtube.com\/@acordacidadenoticias\/videos\"><strong>YouTube<\/strong><\/a><em>\u00a0e grupo de\u00a0<\/em><a href=\"https:\/\/t.me\/+sSz0khrgARA0ZmRh\"><strong><em>Telegram<\/em><\/strong><\/a><em>.<\/em><\/p>\n<\/div>\n","protected":false},"excerpt":{"rendered":"<div>\n<div>\n<figure><img decoding=\"async\" src=\"https:\/\/uploads.acordacidade.com.br\/2026\/04\/Miss-Afro-Feira-de-Santana-4.webp\" alt=\"Moradora da Matinha dos Pretos vence Miss Afro Feira de Santana 2026\"><figcaption>Foto: Taila Silva<\/figcaption><\/figure>\n<\/div>\n<p>Ao todo, 187 meninas e mulheres negras, com idades entre 16 e 40 anos, participaram desta edi\u00e7\u00e3o do Miss Afro Feira de Santana.<\/p><\/div>\n","protected":false},"author":1,"featured_media":128592,"comment_status":"closed","ping_status":"closed","sticky":false,"template":"","format":"gallery","meta":{"footnotes":""},"categories":[8,9,6,57,56,10],"tags":[],"class_list":["post-128591","post","type-post","status-publish","format-gallery","has-post-thumbnail","hentry","category-bahia","category-brasil","category-feira-de-santana","category-mundo","category-policia","category-politica","post_format-post-format-gallery"],"featured_image_urls":{"full":["https:\/\/noticiasbahia360.com.br\/wp-content\/uploads\/2026\/04\/Miss-Afro-Feira-de-Santana-4.webp",1200,918,false],"thumbnail":["https:\/\/noticiasbahia360.com.br\/wp-content\/uploads\/2026\/04\/Miss-Afro-Feira-de-Santana-4-150x150.webp",150,150,true],"medium":["https:\/\/noticiasbahia360.com.br\/wp-content\/uploads\/2026\/04\/Miss-Afro-Feira-de-Santana-4-300x230.webp",300,230,true],"medium_large":["https:\/\/noticiasbahia360.com.br\/wp-content\/uploads\/2026\/04\/Miss-Afro-Feira-de-Santana-4-768x588.webp",640,490,true],"large":["https:\/\/noticiasbahia360.com.br\/wp-content\/uploads\/2026\/04\/Miss-Afro-Feira-de-Santana-4-1024x783.webp",640,489,true],"1536x1536":["https:\/\/noticiasbahia360.com.br\/wp-content\/uploads\/2026\/04\/Miss-Afro-Feira-de-Santana-4.webp",1200,918,false],"2048x2048":["https:\/\/noticiasbahia360.com.br\/wp-content\/uploads\/2026\/04\/Miss-Afro-Feira-de-Santana-4.webp",1200,918,false],"chromenews-featured":["https:\/\/noticiasbahia360.com.br\/wp-content\/uploads\/2026\/04\/Miss-Afro-Feira-de-Santana-4-1024x783.webp",1024,783,true],"chromenews-large":["https:\/\/noticiasbahia360.com.br\/wp-content\/uploads\/2026\/04\/Miss-Afro-Feira-de-Santana-4-825x575.webp",825,575,true],"chromenews-medium":["https:\/\/noticiasbahia360.com.br\/wp-content\/uploads\/2026\/04\/Miss-Afro-Feira-de-Santana-4-590x410.webp",590,410,true]},"author_info":{"display_name":"noticiasbahia360.com.br","author_link":"https:\/\/noticiasbahia360.com.br\/?author=1"},"category_info":"<a href=\"https:\/\/noticiasbahia360.com.br\/?cat=8\" rel=\"category\">Bahia<\/a> <a href=\"https:\/\/noticiasbahia360.com.br\/?cat=9\" rel=\"category\">Brasil<\/a> <a href=\"https:\/\/noticiasbahia360.com.br\/?cat=6\" rel=\"category\">Feira de Santana<\/a> <a href=\"https:\/\/noticiasbahia360.com.br\/?cat=57\" rel=\"category\">Mundo<\/a> <a href=\"https:\/\/noticiasbahia360.com.br\/?cat=56\" rel=\"category\">Pol\u00edcia<\/a> <a href=\"https:\/\/noticiasbahia360.com.br\/?cat=10\" rel=\"category\">Pol\u00edtica<\/a>","tag_info":"Pol\u00edtica","comment_count":"0","_links":{"self":[{"href":"https:\/\/noticiasbahia360.com.br\/index.php?rest_route=\/wp\/v2\/posts\/128591","targetHints":{"allow":["GET"]}}],"collection":[{"href":"https:\/\/noticiasbahia360.com.br\/index.php?rest_route=\/wp\/v2\/posts"}],"about":[{"href":"https:\/\/noticiasbahia360.com.br\/index.php?rest_route=\/wp\/v2\/types\/post"}],"author":[{"embeddable":true,"href":"https:\/\/noticiasbahia360.com.br\/index.php?rest_route=\/wp\/v2\/users\/1"}],"replies":[{"embeddable":true,"href":"https:\/\/noticiasbahia360.com.br\/index.php?rest_route=%2Fwp%2Fv2%2Fcomments&post=128591"}],"version-history":[{"count":0,"href":"https:\/\/noticiasbahia360.com.br\/index.php?rest_route=\/wp\/v2\/posts\/128591\/revisions"}],"wp:featuredmedia":[{"embeddable":true,"href":"https:\/\/noticiasbahia360.com.br\/index.php?rest_route=\/wp\/v2\/media\/128592"}],"wp:attachment":[{"href":"https:\/\/noticiasbahia360.com.br\/index.php?rest_route=%2Fwp%2Fv2%2Fmedia&parent=128591"}],"wp:term":[{"taxonomy":"category","embeddable":true,"href":"https:\/\/noticiasbahia360.com.br\/index.php?rest_route=%2Fwp%2Fv2%2Fcategories&post=128591"},{"taxonomy":"post_tag","embeddable":true,"href":"https:\/\/noticiasbahia360.com.br\/index.php?rest_route=%2Fwp%2Fv2%2Ftags&post=128591"}],"curies":[{"name":"wp","href":"https:\/\/api.w.org\/{rel}","templated":true}]}}