{"id":128598,"date":"2026-04-27T18:20:56","date_gmt":"2026-04-27T21:20:56","guid":{"rendered":"https:\/\/noticiasbahia360.com.br\/?p=128598"},"modified":"2026-04-27T18:20:56","modified_gmt":"2026-04-27T21:20:56","slug":"projeto-do-hospital-municipal-sera-apresentado-a-investidores-em-sao-paulo","status":"publish","type":"post","link":"https:\/\/noticiasbahia360.com.br\/?p=128598","title":{"rendered":"Projeto do Hospital Municipal ser\u00e1 apresentado a investidores em S\u00e3o Paulo"},"content":{"rendered":"<div>\n<div>\n<figure><img decoding=\"async\" src=\"http:\/\/noticiasbahia360.com.br\/wp-content\/uploads\/2026\/04\/projeto-hospital-Municipal-de-Feira-de-Santana-foto-paulo-Jose-acorda-cidade-03.jpg\" alt=\"projeto hospital Municipal de Feira de Santana foto paulo Jos\u00e9 acorda cidade\"><figcaption>Foto: Divulga\u00e7\u00e3o <\/figcaption><\/figure>\n<\/div>\n<p>O prefeito de Feira de Santana, Jos\u00e9 Ronaldo de Carvalho, participa nesta ter\u00e7a-feira (28) de um roadshow na B3, em S\u00e3o Paulo, onde apresentar\u00e1 o projeto da Parceria P\u00fablico-Privada (PPP) do Hospital Municipal. O evento re\u00fane investidores e representantes de grandes grupos interessados na concess\u00e3o administrativa voltada \u00e0 constru\u00e7\u00e3o e opera\u00e7\u00e3o dos servi\u00e7os n\u00e3o assistenciais da unidade.<\/p>\n<p>A apresenta\u00e7\u00e3o faz parte de uma etapa estrat\u00e9gica do processo licitat\u00f3rio, com o objetivo de atrair empresas qualificadas e ampliar a competitividade do certame. Durante o encontro, ser\u00e3o detalhados os aspectos t\u00e9cnicos, operacionais e financeiros do projeto, considerado o maior investimento em infraestrutura de sa\u00fade da hist\u00f3ria do munic\u00edpio.<\/p>\n<p>O roadshow acontece \u00e0s 15h e contar\u00e1 tamb\u00e9m com a presen\u00e7a do secret\u00e1rio municipal de Planejamento, Carlos Brito, e do secret\u00e1rio municipal de Sa\u00fade, Rodrigo Matos, que refor\u00e7ar\u00e3o as informa\u00e7\u00f5es sobre o modelo de gest\u00e3o e os benef\u00edcios da iniciativa para a popula\u00e7\u00e3o.<\/p>\n<p>O Hospital Municipal de Feira de Santana ser\u00e1 implantado por meio de PPP, com investimento estimado em R$ 286 milh\u00f5es. A unidade ser\u00e1 100% voltada ao Sistema \u00danico de Sa\u00fade (SUS) e ter\u00e1 capacidade para 110 leitos, incluindo 10 de Unidade de Terapia Intensiva (UTI), al\u00e9m de centro cir\u00fargico moderno e parque de bioimagem completo.<\/p>\n<p>O edital de licita\u00e7\u00e3o j\u00e1 est\u00e1 publicado, e o cronograma prev\u00ea a entrega dos envelopes no dia 11 de maio, na sede da B3, com a sess\u00e3o p\u00fablica do leil\u00e3o marcada para 15 de maio.<\/p>\n<p>A iniciativa visa ampliar a capacidade da rede municipal de sa\u00fade, reduzir a sobrecarga em unidades estaduais e consolidar Feira de Santana como refer\u00eancia regional em atendimento de m\u00e9dia e alta complexidade.<\/p>\n<p><em>Com informa\u00e7\u00f5es da Secretaria Municipal de Comunica\u00e7\u00e3o Social (Secom)<\/em><\/p>\n<p><em>Siga o Acorda Cidade no\u00a0<\/em><a href=\"https:\/\/news.google.com\/search?q=acorda%20cidade&amp;hl=pt-BR&amp;gl=BR&amp;ceid=BR%3Apt-419\"><strong><em>Google Not\u00edcias<\/em><\/strong><\/a><em>\u00a0e receba os principais destaques do dia. Participe tamb\u00e9m dos nossos canais no\u00a0<\/em><a href=\"https:\/\/www.whatsapp.com\/channel\/0029Va6Rb4v3WHTNnsh8WI3N\"><strong><em>WhatsApp<\/em><\/strong><\/a><em>\u00a0e\u00a0<\/em><a href=\"https:\/\/www.youtube.com\/@acordacidadenoticias\/videos\"><strong>YouTube<\/strong><\/a><em>\u00a0e grupo de\u00a0<\/em><a href=\"https:\/\/t.me\/+sSz0khrgARA0ZmRh\"><strong><em>Telegram<\/em><\/strong><\/a><em>.<\/em><\/p>\n<\/div>\n","protected":false},"excerpt":{"rendered":"<div>\n<div>\n<figure><img decoding=\"async\" src=\"https:\/\/www.acordacidade.com.br\/wp-content\/uploads\/2026\/03\/projeto-hospital-Municipal-de-Feira-de-Santana-foto-paulo-Jose-acorda-cidade-03.jpg\" alt=\"projeto hospital Municipal de Feira de Santana foto paulo Jos\u00e9 acorda cidade\"><figcaption>Foto: Divulga\u00e7\u00e3o <\/figcaption><\/figure>\n<\/div>\n<p>O evento re\u00fane investidores e representantes de grandes grupos interessados na concess\u00e3o administrativa do hospital.<\/p><\/div>\n","protected":false},"author":1,"featured_media":128599,"comment_status":"closed","ping_status":"closed","sticky":false,"template":"","format":"gallery","meta":{"footnotes":""},"categories":[8,9,6,57,56,10],"tags":[],"class_list":["post-128598","post","type-post","status-publish","format-gallery","has-post-thumbnail","hentry","category-bahia","category-brasil","category-feira-de-santana","category-mundo","category-policia","category-politica","post_format-post-format-gallery"],"featured_image_urls":{"full":["https:\/\/noticiasbahia360.com.br\/wp-content\/uploads\/2026\/04\/projeto-hospital-Municipal-de-Feira-de-Santana-foto-paulo-Jose-acorda-cidade-03.jpg",1200,675,false],"thumbnail":["https:\/\/noticiasbahia360.com.br\/wp-content\/uploads\/2026\/04\/projeto-hospital-Municipal-de-Feira-de-Santana-foto-paulo-Jose-acorda-cidade-03-150x150.jpg",150,150,true],"medium":["https:\/\/noticiasbahia360.com.br\/wp-content\/uploads\/2026\/04\/projeto-hospital-Municipal-de-Feira-de-Santana-foto-paulo-Jose-acorda-cidade-03-300x169.jpg",300,169,true],"medium_large":["https:\/\/noticiasbahia360.com.br\/wp-content\/uploads\/2026\/04\/projeto-hospital-Municipal-de-Feira-de-Santana-foto-paulo-Jose-acorda-cidade-03-768x432.jpg",640,360,true],"large":["https:\/\/noticiasbahia360.com.br\/wp-content\/uploads\/2026\/04\/projeto-hospital-Municipal-de-Feira-de-Santana-foto-paulo-Jose-acorda-cidade-03-1024x576.jpg",640,360,true],"1536x1536":["https:\/\/noticiasbahia360.com.br\/wp-content\/uploads\/2026\/04\/projeto-hospital-Municipal-de-Feira-de-Santana-foto-paulo-Jose-acorda-cidade-03.jpg",1200,675,false],"2048x2048":["https:\/\/noticiasbahia360.com.br\/wp-content\/uploads\/2026\/04\/projeto-hospital-Municipal-de-Feira-de-Santana-foto-paulo-Jose-acorda-cidade-03.jpg",1200,675,false],"chromenews-featured":["https:\/\/noticiasbahia360.com.br\/wp-content\/uploads\/2026\/04\/projeto-hospital-Municipal-de-Feira-de-Santana-foto-paulo-Jose-acorda-cidade-03-1024x576.jpg",1024,576,true],"chromenews-large":["https:\/\/noticiasbahia360.com.br\/wp-content\/uploads\/2026\/04\/projeto-hospital-Municipal-de-Feira-de-Santana-foto-paulo-Jose-acorda-cidade-03-825x575.jpg",825,575,true],"chromenews-medium":["https:\/\/noticiasbahia360.com.br\/wp-content\/uploads\/2026\/04\/projeto-hospital-Municipal-de-Feira-de-Santana-foto-paulo-Jose-acorda-cidade-03-590x410.jpg",590,410,true]},"author_info":{"display_name":"noticiasbahia360.com.br","author_link":"https:\/\/noticiasbahia360.com.br\/?author=1"},"category_info":"<a href=\"https:\/\/noticiasbahia360.com.br\/?cat=8\" rel=\"category\">Bahia<\/a> <a href=\"https:\/\/noticiasbahia360.com.br\/?cat=9\" rel=\"category\">Brasil<\/a> <a href=\"https:\/\/noticiasbahia360.com.br\/?cat=6\" rel=\"category\">Feira de Santana<\/a> <a href=\"https:\/\/noticiasbahia360.com.br\/?cat=57\" rel=\"category\">Mundo<\/a> <a href=\"https:\/\/noticiasbahia360.com.br\/?cat=56\" rel=\"category\">Pol\u00edcia<\/a> <a href=\"https:\/\/noticiasbahia360.com.br\/?cat=10\" rel=\"category\">Pol\u00edtica<\/a>","tag_info":"Pol\u00edtica","comment_count":"0","_links":{"self":[{"href":"https:\/\/noticiasbahia360.com.br\/index.php?rest_route=\/wp\/v2\/posts\/128598","targetHints":{"allow":["GET"]}}],"collection":[{"href":"https:\/\/noticiasbahia360.com.br\/index.php?rest_route=\/wp\/v2\/posts"}],"about":[{"href":"https:\/\/noticiasbahia360.com.br\/index.php?rest_route=\/wp\/v2\/types\/post"}],"author":[{"embeddable":true,"href":"https:\/\/noticiasbahia360.com.br\/index.php?rest_route=\/wp\/v2\/users\/1"}],"replies":[{"embeddable":true,"href":"https:\/\/noticiasbahia360.com.br\/index.php?rest_route=%2Fwp%2Fv2%2Fcomments&post=128598"}],"version-history":[{"count":0,"href":"https:\/\/noticiasbahia360.com.br\/index.php?rest_route=\/wp\/v2\/posts\/128598\/revisions"}],"wp:featuredmedia":[{"embeddable":true,"href":"https:\/\/noticiasbahia360.com.br\/index.php?rest_route=\/wp\/v2\/media\/128599"}],"wp:attachment":[{"href":"https:\/\/noticiasbahia360.com.br\/index.php?rest_route=%2Fwp%2Fv2%2Fmedia&parent=128598"}],"wp:term":[{"taxonomy":"category","embeddable":true,"href":"https:\/\/noticiasbahia360.com.br\/index.php?rest_route=%2Fwp%2Fv2%2Fcategories&post=128598"},{"taxonomy":"post_tag","embeddable":true,"href":"https:\/\/noticiasbahia360.com.br\/index.php?rest_route=%2Fwp%2Fv2%2Ftags&post=128598"}],"curies":[{"name":"wp","href":"https:\/\/api.w.org\/{rel}","templated":true}]}}