{"id":128600,"date":"2026-04-27T18:46:00","date_gmt":"2026-04-27T21:46:00","guid":{"rendered":"https:\/\/noticiasbahia360.com.br\/?p=128600"},"modified":"2026-04-27T18:46:00","modified_gmt":"2026-04-27T21:46:00","slug":"vigilante-agredido-em-forum-eleitoral-de-camacari-recebe-alta-e-se-recupera-em-casa-informa-tre-ba","status":"publish","type":"post","link":"https:\/\/noticiasbahia360.com.br\/?p=128600","title":{"rendered":"Vigilante agredido em f\u00f3rum eleitoral de Cama\u00e7ari recebe alta e se recupera em casa, informa TRE-BA"},"content":{"rendered":"<div>\n<div>\n<figure><img decoding=\"async\" src=\"http:\/\/noticiasbahia360.com.br\/wp-content\/uploads\/2026\/04\/Forum-Eleitoral-Camacari-1-1.webp\" alt=\"Vigilante agredido em f\u00f3rum eleitoral recebe alta e se recupera em casa, informa TRE-BA\"><figcaption>Foto: Anderson de Almeida \/ Mais Regi\u00e3o<\/figcaption><\/figure>\n<\/div>\n<p>O vigilante agredido nas depend\u00eancias do F\u00f3rum Eleitoral de Cama\u00e7ari, na Regi\u00e3o Metropolitana de Salvador, recebeu alta m\u00e9dica e passa bem. A informa\u00e7\u00e3o foi confirmada nesta segunda-feira (27) pelo Tribunal Regional Eleitoral da Bahia, que acompanha o caso. <a href=\"https:\/\/www.acordacidade.com.br\/policia\/homem-e-morto-apos-agredir-seguranca-no-forum-eleitoral-de-camacari\/\" type=\"link\" id=\"https:\/\/www.acordacidade.com.br\/policia\/homem-e-morto-apos-agredir-seguranca-no-forum-eleitoral-de-camacari\/\">Durante a confus\u00e3o, o agressor acabou sendo atingido pelo vigilante e morreu. <\/a><\/p>\n<p>Segundo a nota emitida pelo \u00f3rg\u00e3o, o vigilante j\u00e1 est\u00e1 em casa e segue em recupera\u00e7\u00e3o, sem complica\u00e7\u00f5es. O caso ocorreu na estrutura que abriga os cart\u00f3rios das 170\u00aa e 171\u00aa Zonas Eleitorais do munic\u00edpio.<\/p>\n<p>Ap\u00f3s a ocorr\u00eancia, equipes da Secretaria de Gest\u00e3o de Pessoas do tribunal estiveram no local e adotaram medidas de acolhimento. O atendimento incluiu suporte f\u00edsico e psicol\u00f3gico n\u00e3o apenas ao vigilante, mas tamb\u00e9m a servidores e colaboradores que estavam presentes no momento da agress\u00e3o.<\/p>\n<p>Em nota, o tribunal refor\u00e7ou que continuar\u00e1 prestando assist\u00eancia ao profissional e aos demais envolvidos, destacando o compromisso institucional com a seguran\u00e7a e o bem-estar dos trabalhadores.<\/p>\n<p>Apesar do epis\u00f3dio, o funcionamento dos cart\u00f3rios eleitorais de Cama\u00e7ari n\u00e3o foi interrompido. O atendimento ao p\u00fablico segue normalmente, de segunda a sexta-feira, das 8h \u00e0s 14h.<\/p>\n<p><strong>Leia tamb\u00e9m: <a href=\"https:\/\/www.acordacidade.com.br\/policia\/homem-e-morto-apos-agredir-seguranca-no-forum-eleitoral-de-camacari\/\" type=\"link\" id=\"https:\/\/www.acordacidade.com.br\/policia\/homem-e-morto-apos-agredir-seguranca-no-forum-eleitoral-de-camacari\/\">Homem \u00e9 morto ap\u00f3s agredir seguran\u00e7a no F\u00f3rum Eleitoral de Cama\u00e7ari<\/a><\/strong><\/p>\n<p><em>Siga o Acorda Cidade no\u00a0<\/em><a href=\"https:\/\/news.google.com\/search?q=acorda%20cidade&amp;hl=pt-BR&amp;gl=BR&amp;ceid=BR%3Apt-419\"><strong><em>Google Not\u00edcias<\/em><\/strong><\/a><em>\u00a0e receba os principais destaques do dia. Participe tamb\u00e9m dos nossos canais no\u00a0<\/em><a href=\"https:\/\/www.whatsapp.com\/channel\/0029Va6Rb4v3WHTNnsh8WI3N\"><strong><em>WhatsApp<\/em><\/strong><\/a><em>\u00a0e\u00a0<\/em><a href=\"https:\/\/www.youtube.com\/@acordacidadenoticias\/videos\"><strong>YouTube<\/strong><\/a><em>\u00a0e grupo de\u00a0<\/em><a href=\"https:\/\/t.me\/+sSz0khrgARA0ZmRh\"><strong><em>Telegram<\/em><\/strong><\/a><em>.<\/em><\/p>\n<\/div>\n","protected":false},"excerpt":{"rendered":"<div>\n<div>\n<figure><img decoding=\"async\" src=\"https:\/\/uploads.acordacidade.com.br\/2026\/04\/Forum-Eleitoral-Camacari-1-1.webp\" alt=\"Vigilante agredido em f\u00f3rum eleitoral recebe alta e se recupera em casa, informa TRE-BA\"><figcaption>Foto: Anderson de Almeida \/ Mais Regi\u00e3o<\/figcaption><\/figure>\n<\/div>\n<p>Segundo a nota emitida pelo \u00f3rg\u00e3o, o vigilante j\u00e1 est\u00e1 em casa e segue em recupera\u00e7\u00e3o, sem complica\u00e7\u00f5es graves.<\/p><\/div>\n","protected":false},"author":1,"featured_media":128601,"comment_status":"closed","ping_status":"closed","sticky":false,"template":"","format":"gallery","meta":{"footnotes":""},"categories":[8,9,6,57,56,10],"tags":[],"class_list":["post-128600","post","type-post","status-publish","format-gallery","has-post-thumbnail","hentry","category-bahia","category-brasil","category-feira-de-santana","category-mundo","category-policia","category-politica","post_format-post-format-gallery"],"featured_image_urls":{"full":["https:\/\/noticiasbahia360.com.br\/wp-content\/uploads\/2026\/04\/Forum-Eleitoral-Camacari-1-1.webp",1200,649,false],"thumbnail":["https:\/\/noticiasbahia360.com.br\/wp-content\/uploads\/2026\/04\/Forum-Eleitoral-Camacari-1-1-150x150.webp",150,150,true],"medium":["https:\/\/noticiasbahia360.com.br\/wp-content\/uploads\/2026\/04\/Forum-Eleitoral-Camacari-1-1-300x162.webp",300,162,true],"medium_large":["https:\/\/noticiasbahia360.com.br\/wp-content\/uploads\/2026\/04\/Forum-Eleitoral-Camacari-1-1-768x415.webp",640,346,true],"large":["https:\/\/noticiasbahia360.com.br\/wp-content\/uploads\/2026\/04\/Forum-Eleitoral-Camacari-1-1-1024x554.webp",640,346,true],"1536x1536":["https:\/\/noticiasbahia360.com.br\/wp-content\/uploads\/2026\/04\/Forum-Eleitoral-Camacari-1-1.webp",1200,649,false],"2048x2048":["https:\/\/noticiasbahia360.com.br\/wp-content\/uploads\/2026\/04\/Forum-Eleitoral-Camacari-1-1.webp",1200,649,false],"chromenews-featured":["https:\/\/noticiasbahia360.com.br\/wp-content\/uploads\/2026\/04\/Forum-Eleitoral-Camacari-1-1-1024x554.webp",1024,554,true],"chromenews-large":["https:\/\/noticiasbahia360.com.br\/wp-content\/uploads\/2026\/04\/Forum-Eleitoral-Camacari-1-1-825x575.webp",825,575,true],"chromenews-medium":["https:\/\/noticiasbahia360.com.br\/wp-content\/uploads\/2026\/04\/Forum-Eleitoral-Camacari-1-1-590x410.webp",590,410,true]},"author_info":{"display_name":"noticiasbahia360.com.br","author_link":"https:\/\/noticiasbahia360.com.br\/?author=1"},"category_info":"<a href=\"https:\/\/noticiasbahia360.com.br\/?cat=8\" rel=\"category\">Bahia<\/a> <a href=\"https:\/\/noticiasbahia360.com.br\/?cat=9\" rel=\"category\">Brasil<\/a> <a href=\"https:\/\/noticiasbahia360.com.br\/?cat=6\" rel=\"category\">Feira de Santana<\/a> <a href=\"https:\/\/noticiasbahia360.com.br\/?cat=57\" rel=\"category\">Mundo<\/a> <a href=\"https:\/\/noticiasbahia360.com.br\/?cat=56\" rel=\"category\">Pol\u00edcia<\/a> <a href=\"https:\/\/noticiasbahia360.com.br\/?cat=10\" rel=\"category\">Pol\u00edtica<\/a>","tag_info":"Pol\u00edtica","comment_count":"0","_links":{"self":[{"href":"https:\/\/noticiasbahia360.com.br\/index.php?rest_route=\/wp\/v2\/posts\/128600","targetHints":{"allow":["GET"]}}],"collection":[{"href":"https:\/\/noticiasbahia360.com.br\/index.php?rest_route=\/wp\/v2\/posts"}],"about":[{"href":"https:\/\/noticiasbahia360.com.br\/index.php?rest_route=\/wp\/v2\/types\/post"}],"author":[{"embeddable":true,"href":"https:\/\/noticiasbahia360.com.br\/index.php?rest_route=\/wp\/v2\/users\/1"}],"replies":[{"embeddable":true,"href":"https:\/\/noticiasbahia360.com.br\/index.php?rest_route=%2Fwp%2Fv2%2Fcomments&post=128600"}],"version-history":[{"count":0,"href":"https:\/\/noticiasbahia360.com.br\/index.php?rest_route=\/wp\/v2\/posts\/128600\/revisions"}],"wp:featuredmedia":[{"embeddable":true,"href":"https:\/\/noticiasbahia360.com.br\/index.php?rest_route=\/wp\/v2\/media\/128601"}],"wp:attachment":[{"href":"https:\/\/noticiasbahia360.com.br\/index.php?rest_route=%2Fwp%2Fv2%2Fmedia&parent=128600"}],"wp:term":[{"taxonomy":"category","embeddable":true,"href":"https:\/\/noticiasbahia360.com.br\/index.php?rest_route=%2Fwp%2Fv2%2Fcategories&post=128600"},{"taxonomy":"post_tag","embeddable":true,"href":"https:\/\/noticiasbahia360.com.br\/index.php?rest_route=%2Fwp%2Fv2%2Ftags&post=128600"}],"curies":[{"name":"wp","href":"https:\/\/api.w.org\/{rel}","templated":true}]}}