{"id":128602,"date":"2026-04-27T19:30:54","date_gmt":"2026-04-27T22:30:54","guid":{"rendered":"https:\/\/noticiasbahia360.com.br\/?p=128602"},"modified":"2026-04-27T19:30:54","modified_gmt":"2026-04-27T22:30:54","slug":"abastecimento-de-agua-sera-reduzido-nesta-terca-em-serrinha-conceicao-do-coite-e-outras-cidades-saiba-mais","status":"publish","type":"post","link":"https:\/\/noticiasbahia360.com.br\/?p=128602","title":{"rendered":"Abastecimento de \u00e1gua ser\u00e1 reduzido nesta ter\u00e7a em Serrinha, Concei\u00e7\u00e3o do Coit\u00e9 e outras cidades, saiba mais"},"content":{"rendered":"<div>\n<div>\n<figure><img decoding=\"async\" src=\"http:\/\/noticiasbahia360.com.br\/wp-content\/uploads\/2026\/04\/torneira-falta-de-agua-foto-freepik-.jpg\" alt=\"Falta \u00e1gua abastecimento\"><figcaption>Foto: Freepik<\/figcaption><\/figure>\n<\/div>\n<p>A Empresa Baiana de \u00c1gua e Saneamento (Embasa) divulgou que a distribui\u00e7\u00e3o de \u00e1gua ser\u00e1 afetada em sete munic\u00edpios do estado a partir desta ter\u00e7a-feira (28). De acordo com a Embasa, a redu\u00e7\u00e3o na oferta ocorre em raz\u00e3o de uma manuten\u00e7\u00e3o preventiva em equipamentos do sistema de abastecimento da regi\u00e3o.<\/p>\n<p>Segundo a empresa,\u00a0ser\u00e1 preciso reduzir em 70% o volume de \u00e1gua distribu\u00eddo aos munic\u00edpios de Biritinga, Lamar\u00e3o, Serrinha, Concei\u00e7\u00e3o do Coit\u00e9 e Retirol\u00e2ndia. A redu\u00e7\u00e3o ocorre a partir desta ter\u00e7a, \u00e0s 8h00.<\/p>\n<p>A Embasa tamb\u00e9m informou que o abastecimento ser\u00e1 mantido em Teofil\u00e2ndia e em Barrocas, mas pode ocorrer oscila\u00e7\u00f5es de vaz\u00e3o durante a execu\u00e7\u00e3o dos servi\u00e7os. A previs\u00e3o \u00e9 que ocorra a normaliza\u00e7\u00e3o na distribui\u00e7\u00e3o de \u00e1gua em at\u00e9 48 horas em todas as cidades afetadas.<\/p>\n<p>Para mitigar os efeitos da redu\u00e7\u00e3o da oferta, a Embasa recomendou o armazenamento pr\u00e9vio de \u00e1gua nos im\u00f3veis e o adiamento de usos n\u00e3o emergenciais, como lavagem de roupas, at\u00e9 a completa normaliza\u00e7\u00e3o do abastecimento.\u00a0<\/p>\n<p><em>Fonte: <a href=\"https:\/\/www.bahianoticias.com.br\/municipios\/noticia\/50555-abastecimento-de-agua-sera-reduzido-no-interior-para-obras-da-embasa-nesta-terca-veja-cidades-afetadas\">Bahia Not\u00edcias<\/a>, parceiro do Acorda Cidade<\/em><\/p>\n<p><em>Siga o Acorda Cidade no\u00a0<\/em><a href=\"https:\/\/news.google.com\/search?q=acorda%20cidade&amp;hl=pt-BR&amp;gl=BR&amp;ceid=BR%3Apt-419\"><strong><em>Google Not\u00edcias<\/em><\/strong><\/a><em>\u00a0e receba os principais destaques do dia. Participe tamb\u00e9m dos nossos canais no\u00a0<\/em><a href=\"https:\/\/www.whatsapp.com\/channel\/0029Va6Rb4v3WHTNnsh8WI3N\"><strong><em>WhatsApp<\/em><\/strong><\/a><em>\u00a0e\u00a0<\/em><a href=\"https:\/\/www.youtube.com\/@acordacidadenoticias\/videos\"><strong>YouTube<\/strong><\/a><em>\u00a0e grupo de\u00a0<\/em><a href=\"https:\/\/t.me\/+sSz0khrgARA0ZmRh\"><strong><em>Telegram<\/em><\/strong><\/a><em>.<\/em><\/p>\n<\/div>\n","protected":false},"excerpt":{"rendered":"<div>\n<div>\n<figure><img decoding=\"async\" src=\"https:\/\/www.acordacidade.com.br\/wp-content\/uploads\/2025\/03\/torneira-falta-de-agua-foto-freepik-.jpg\" alt=\"Falta \u00e1gua abastecimento\"><figcaption>Foto: Freepik<\/figcaption><\/figure>\n<\/div>\n<p>A previs\u00e3o \u00e9 que ocorra a normaliza\u00e7\u00e3o na distribui\u00e7\u00e3o de \u00e1gua em at\u00e9 48 horas em todas as cidades afetadas.<\/p><\/div>\n","protected":false},"author":1,"featured_media":128603,"comment_status":"closed","ping_status":"closed","sticky":false,"template":"","format":"gallery","meta":{"footnotes":""},"categories":[8,9,6,57,56,10],"tags":[],"class_list":["post-128602","post","type-post","status-publish","format-gallery","has-post-thumbnail","hentry","category-bahia","category-brasil","category-feira-de-santana","category-mundo","category-policia","category-politica","post_format-post-format-gallery"],"featured_image_urls":{"full":["https:\/\/noticiasbahia360.com.br\/wp-content\/uploads\/2026\/04\/torneira-falta-de-agua-foto-freepik-.jpg",640,427,false],"thumbnail":["https:\/\/noticiasbahia360.com.br\/wp-content\/uploads\/2026\/04\/torneira-falta-de-agua-foto-freepik--150x150.jpg",150,150,true],"medium":["https:\/\/noticiasbahia360.com.br\/wp-content\/uploads\/2026\/04\/torneira-falta-de-agua-foto-freepik--300x200.jpg",300,200,true],"medium_large":["https:\/\/noticiasbahia360.com.br\/wp-content\/uploads\/2026\/04\/torneira-falta-de-agua-foto-freepik-.jpg",640,427,false],"large":["https:\/\/noticiasbahia360.com.br\/wp-content\/uploads\/2026\/04\/torneira-falta-de-agua-foto-freepik-.jpg",640,427,false],"1536x1536":["https:\/\/noticiasbahia360.com.br\/wp-content\/uploads\/2026\/04\/torneira-falta-de-agua-foto-freepik-.jpg",640,427,false],"2048x2048":["https:\/\/noticiasbahia360.com.br\/wp-content\/uploads\/2026\/04\/torneira-falta-de-agua-foto-freepik-.jpg",640,427,false],"chromenews-featured":["https:\/\/noticiasbahia360.com.br\/wp-content\/uploads\/2026\/04\/torneira-falta-de-agua-foto-freepik-.jpg",640,427,false],"chromenews-large":["https:\/\/noticiasbahia360.com.br\/wp-content\/uploads\/2026\/04\/torneira-falta-de-agua-foto-freepik-.jpg",640,427,false],"chromenews-medium":["https:\/\/noticiasbahia360.com.br\/wp-content\/uploads\/2026\/04\/torneira-falta-de-agua-foto-freepik--590x410.jpg",590,410,true]},"author_info":{"display_name":"noticiasbahia360.com.br","author_link":"https:\/\/noticiasbahia360.com.br\/?author=1"},"category_info":"<a href=\"https:\/\/noticiasbahia360.com.br\/?cat=8\" rel=\"category\">Bahia<\/a> <a href=\"https:\/\/noticiasbahia360.com.br\/?cat=9\" rel=\"category\">Brasil<\/a> <a href=\"https:\/\/noticiasbahia360.com.br\/?cat=6\" rel=\"category\">Feira de Santana<\/a> <a href=\"https:\/\/noticiasbahia360.com.br\/?cat=57\" rel=\"category\">Mundo<\/a> <a href=\"https:\/\/noticiasbahia360.com.br\/?cat=56\" rel=\"category\">Pol\u00edcia<\/a> <a href=\"https:\/\/noticiasbahia360.com.br\/?cat=10\" rel=\"category\">Pol\u00edtica<\/a>","tag_info":"Pol\u00edtica","comment_count":"0","_links":{"self":[{"href":"https:\/\/noticiasbahia360.com.br\/index.php?rest_route=\/wp\/v2\/posts\/128602","targetHints":{"allow":["GET"]}}],"collection":[{"href":"https:\/\/noticiasbahia360.com.br\/index.php?rest_route=\/wp\/v2\/posts"}],"about":[{"href":"https:\/\/noticiasbahia360.com.br\/index.php?rest_route=\/wp\/v2\/types\/post"}],"author":[{"embeddable":true,"href":"https:\/\/noticiasbahia360.com.br\/index.php?rest_route=\/wp\/v2\/users\/1"}],"replies":[{"embeddable":true,"href":"https:\/\/noticiasbahia360.com.br\/index.php?rest_route=%2Fwp%2Fv2%2Fcomments&post=128602"}],"version-history":[{"count":0,"href":"https:\/\/noticiasbahia360.com.br\/index.php?rest_route=\/wp\/v2\/posts\/128602\/revisions"}],"wp:featuredmedia":[{"embeddable":true,"href":"https:\/\/noticiasbahia360.com.br\/index.php?rest_route=\/wp\/v2\/media\/128603"}],"wp:attachment":[{"href":"https:\/\/noticiasbahia360.com.br\/index.php?rest_route=%2Fwp%2Fv2%2Fmedia&parent=128602"}],"wp:term":[{"taxonomy":"category","embeddable":true,"href":"https:\/\/noticiasbahia360.com.br\/index.php?rest_route=%2Fwp%2Fv2%2Fcategories&post=128602"},{"taxonomy":"post_tag","embeddable":true,"href":"https:\/\/noticiasbahia360.com.br\/index.php?rest_route=%2Fwp%2Fv2%2Ftags&post=128602"}],"curies":[{"name":"wp","href":"https:\/\/api.w.org\/{rel}","templated":true}]}}