{"id":128604,"date":"2026-04-27T20:06:08","date_gmt":"2026-04-27T23:06:08","guid":{"rendered":"https:\/\/noticiasbahia360.com.br\/?p=128604"},"modified":"2026-04-27T20:06:08","modified_gmt":"2026-04-27T23:06:08","slug":"apos-jogo-com-athletico-pr-vitoria-formaliza-denuncia-na-cbf-contra-arbitragem","status":"publish","type":"post","link":"https:\/\/noticiasbahia360.com.br\/?p=128604","title":{"rendered":"Ap\u00f3s jogo com Athletico-PR, Vit\u00f3ria formaliza den\u00fancia na CBF contra arbitragem"},"content":{"rendered":"<div>\n<div>\n<figure><img decoding=\"async\" src=\"http:\/\/noticiasbahia360.com.br\/wp-content\/uploads\/2026\/04\/Jogo-do-Vitoria-contra-o-Athletico-PR-Foto-Victor-Ferreira-EC-Vitoria.jpg\" alt=\"Jogo do Vit\u00f3ria contra o Athletico-PR\"><figcaption>Foto: Victor Ferreira\/ EC Vit\u00f3ria<\/figcaption><\/figure>\n<\/div>\n<p>O Vit\u00f3ria formalizou, nesta segunda-feira (27), uma representa\u00e7\u00e3o contra a arbitragem da partida diante do Athletico-PR, v\u00e1lida pelo Campeonato Brasileiro 2026. O documento foi encaminhado aos comit\u00eas de arbitragem da CBF e de competi\u00e7\u00f5es, com cr\u00edticas diretas \u00e0 atua\u00e7\u00e3o do \u00e1rbitro carioca Bruno Arleu de Ara\u00fajo e de toda a equipe respons\u00e1vel pelo jogo.<\/p>\n<p>No texto, assinado pelo presidente F\u00e1bio Mota, o clube aponta uma s\u00e9rie de \u201cerros claros, inequ\u00edvocos e determinantes\u201d que, segundo a diretoria, impactaram diretamente o andamento e o resultado da partida.<\/p>\n<p>Entre os lances contestados, o Vit\u00f3ria destaca uma entrada considerada violenta do volante Luiz Gustavo, do Athletico-PR, aos sete minutos do primeiro tempo, que, na avalia\u00e7\u00e3o rubro-negra, deveria ter resultado em expuls\u00e3o direta. Ainda na etapa inicial, aos 30 minutos, o clube questiona a marca\u00e7\u00e3o de um p\u00eanalti a favor da equipe paranaense, classificando a decis\u00e3o como \u201cerro evidente de interpreta\u00e7\u00e3o\u201d.<\/p>\n<p>Na segunda etapa, o documento tamb\u00e9m aponta que Luiz Gustavo teria cometido duas infra\u00e7\u00f5es pass\u00edveis de cart\u00e3o amarelo em um mesmo lance, o que levaria \u00e0 expuls\u00e3o, j\u00e1 que o jogador teria sido advertido anteriormente. Segundo o Vit\u00f3ria, o \u00e1rbitro marcou a falta, mas n\u00e3o aplicou a san\u00e7\u00e3o disciplinar adequada. Em um lance ocorrido aos 22 minutos do 2\u00b0 tempo, o Vit\u00f3ria tamb\u00e9m denuncia a falta do zagueiro Arthur Dias no atacante Ren\u00ea, que lesionou o jogador rubro-negro.\u00a0<\/p>\n<p>O Rubro-Negro classificou a atua\u00e7\u00e3o da arbitragem como \u201ctecnicamente inconsistente e disciplinarmente omissa\u201d, afirmando que houve comprometimento da regularidade da partida e da isonomia competitiva.<\/p>\n<h2 class=\"wp-block-heading\" id=\"h-criticas-ao-var\"><strong><strong>Cr\u00edticas ao VAR<\/strong>\u00a0<\/strong><\/h2>\n<p>O clube tamb\u00e9m direcionou cr\u00edticas ao \u00e1rbitro de v\u00eddeo, comandado por Rodrigo Nunes de S\u00e1. De acordo com a representa\u00e7\u00e3o, os lances citados eram pass\u00edveis de revis\u00e3o, mas n\u00e3o houve recomenda\u00e7\u00e3o para an\u00e1lise no monitor de campo, o que, na vis\u00e3o do Vit\u00f3ria, configura falha na aplica\u00e7\u00e3o do protocolo do VAR.<\/p>\n<p>Ao final do documento, o Vit\u00f3ria solicita a an\u00e1lise detalhada dos lances, a ado\u00e7\u00e3o de medidas em rela\u00e7\u00e3o \u00e0 equipe de arbitragem, esclarecimentos formais sobre os crit\u00e9rios adotados e a divulga\u00e7\u00e3o dos \u00e1udios entre a arbitragem de campo e o VAR.<\/p>\n<p>O Le\u00e3o volta a campo nesta quarta-feira (29), \u00e0s 21h30, contra o Confian\u00e7a, em Sergipe, pela \u00faltima rodada da fase de grupos da Copa do Nordeste. Pelo Brasileir\u00e3o, o Rubro-Negro volta a jogar no s\u00e1bado (2), \u00e0s 18h30, no Barrad\u00e3o, contra o Coritiba, pela 14\u00aa rodada.\u00a0<\/p>\n<p><strong>Confira a den\u00fancia do Vit\u00f3ria na \u00edntegra:\u00a0<\/strong><\/p>\n<figure class=\"wp-block-pullquote\">\n<blockquote>\n<p><em>Salvador-BA, 27 de abril de 2026<\/em><br \/><em>Aos Comit\u00eas de Arbitragem da Confedera\u00e7\u00e3o Brasileira de Futebol e de Competi\u00e7\u00f5es.<\/em><br \/><em>Ref.: Representa\u00e7\u00e3o contra a arbitragem da partida entre Esporte Clube Vit\u00f3ria e Club Athletico Paranaense, pelo Campeonato Brasileiro 2026, realizada em 27 de abril de 2026.<\/em><br \/><em>O Esporte Clube Vit\u00f3ria, por meio deste expediente, vem respeitosamente, \u00e0 presen\u00e7a de Vossas Senhorias, apresentar representa\u00e7\u00e3o formal em face da arbitragem da partida em ep\u00edgrafe, conduzida pelo \u00e1rbitro Bruno Arleu de Ara\u00fajo, auxiliado pelos assistentes Rodrigo Figueiredo Henrique Correa e Cipriano da Silva Sousa, bem como pelo quarto \u00e1rbitro Paulo Henrique Schleich Vollkopf, em raz\u00e3o de erros claros, inequ\u00edvocos e determinantes que impactaram diretamente o andamento, resultado e a regularidade da partida.<\/em><br \/><strong><em>Dos lances contestados<\/em><br \/><\/strong><em>1.1. Aos 7 (sete) minutos do primeiro tempo, o atleta Luiz Gustavo, do Club Athletico Paranaense, desferiu pontap\u00e9 com uso de for\u00e7a excessiva e manifesta brutalidade contra o atleta Z\u00e9 Vitor, do Esporte Clube Vit\u00f3ria, caracterizando conduta violenta grave, tipicamente enquadr\u00e1vel como infra\u00e7\u00e3o pass\u00edvel de expuls\u00e3o direta (cart\u00e3o vermelho), nos termos das Regras do Jogo.<\/em><br \/><em>1.2. Aos 30 (trinta) minutos do primeiro tempo, foi assinalada penalidade m\u00e1xima em suposta infra\u00e7\u00e3o do atleta Cac\u00e1, do Esporte Clube Vit\u00f3ria, sobre o atleta Viveros, do Club Athletico Paranaense. Ocorre que, de forma manifesta e incontest\u00e1vel, n\u00e3o houve falta no referido lance, configurando erro evidente de interpreta\u00e7\u00e3o e aplica\u00e7\u00e3o da regra, o qual interferiu diretamente no resultado da partida, comprometendo sua lisura.<\/em><br \/><em>1.3. Aos 20 (vinte) minutos do segundo tempo, o atleta Luiz Gustavo, do Club Athletico Paranaense, simulou a ocorr\u00eancia de falta e, ao cair no gramado, reteve a bola com a m\u00e3o, incorrendo em duas infra\u00e7\u00f5es disciplinares pass\u00edveis de advert\u00eancia com cart\u00e3o amarelo. Considerando que o referido jogador j\u00e1 havia sido advertido anteriormente com cart\u00e3o amarelo, em raz\u00e3o do lance descrito no item 1.1, a correta aplica\u00e7\u00e3o das regras imporia a exibi\u00e7\u00e3o do segundo cart\u00e3o amarelo, com a consequente expuls\u00e3o da partida. Entretanto, embora tenha sido assinalada a falta, o \u00e1rbitro deixou de aplicar o segundo cart\u00e3o amarelo, configurando erro manifesto na interpreta\u00e7\u00e3o e na aplica\u00e7\u00e3o das regras do jogo. Tal omiss\u00e3o comprometeu a regularidade da condu\u00e7\u00e3o da partida e exerceu influ\u00eancia direta no seu resultado.<\/em><br \/><em>1.4. Aos 22 (vinte e dois) minutos do segundo tempo, o atleta Arthur Dias, do Club Athletico Paranaense, realizou entrada em \u201ccarrinho\u201d com movimento de \u201ctesoura\u201d, utilizando for\u00e7a excessiva e atingindo de forma contundente o atleta Ren\u00ea, do Esporte Clube Vit\u00f3ria, causando tor\u00e7\u00e3o acentuada de sua perna e colocando em risco sua integridade f\u00edsica, o que resultou, inclusive, em sua substitui\u00e7\u00e3o. Trata-se, novamente, de lance t\u00edpico de expuls\u00e3o direta, ignorado pela arbitragem.<\/em><br \/><strong><em>Da atua\u00e7\u00e3o da arbitragem<\/em><br \/><\/strong><em>A atua\u00e7\u00e3o da equipe de arbitragem revelou-se tecnicamente inconsistente e disciplinarmente omissa.<\/em><br \/><em>Nos lances descritos nos itens 1.1 e 1.4, a aus\u00eancia de aplica\u00e7\u00e3o das san\u00e7\u00f5es cab\u00edveis evidencia falha grave de avalia\u00e7\u00e3o, sobretudo em situa\u00e7\u00f5es que exigiam resposta firme e imediata para preserva\u00e7\u00e3o da integridade f\u00edsica dos atletas.<\/em><br \/><em>No que se refere aos itens 1.2 e 1.3., o equ\u00edvoco n\u00e3o se limita a mera interpreta\u00e7\u00e3o subjetiva: trata-se de erro claro e objetivo, incompat\u00edvel com o n\u00edvel de exig\u00eancia da competi\u00e7\u00e3o, e que alterou de maneira direta o desfecho do jogo.<\/em><br \/><em>A soma dessas decis\u00f5es evidencia comprometimento da regularidade da partida, afrontando a isonomia competitiva.<\/em><br \/><strong><em>Da atua\u00e7\u00e3o do VAR<\/em><br \/><\/strong><em>O Esporte Clube Vit\u00f3ria manifesta, ainda profunda preocupa\u00e7\u00e3o e reiterada inconformidade com a atua\u00e7\u00e3o da equipe de arbitragem de v\u00eddeo (VAR), coordenada por Rodrigo Nunes de S\u00e1.<\/em><br \/><em>Os lances ora apontados eram claramente pass\u00edveis de revis\u00e3o, seja por potencial configura\u00e7\u00e3o de conduta violenta, seja por erro na marca\u00e7\u00e3o de penalidade. Ainda assim, n\u00e3o houve recomenda\u00e7\u00e3o de revis\u00e3o em campo, o que caracteriza falha relevante na aplica\u00e7\u00e3o do protocolo do VAR.<\/em><br \/><em>Tal omiss\u00e3o revela n\u00e3o apenas defici\u00eancia t\u00e9cnica e operacional, mas tamb\u00e9m inobserv\u00e2ncia dos par\u00e2metros m\u00ednimos de interven\u00e7\u00e3o tecnol\u00f3gica previstos para assegurar justi\u00e7a nas decis\u00f5es do \u00e1rbitro.<\/em><br \/><strong><em>Do pedido<\/em><br \/><\/strong><em>Diante do exposto, o Esporte Clube Vit\u00f3ria requer:<\/em><br \/><em>a) A an\u00e1lise detalhada dos lances apontados;<br \/>b) A ado\u00e7\u00e3o das medidas cab\u00edveis em rela\u00e7\u00e3o \u00e0 equipe de arbitragem;<br \/>c) O esclarecimento formal acerca dos crit\u00e9rios adotados nas decis\u00f5es mencionadas;<br \/>d) A divulga\u00e7\u00e3o integral dos \u00e1udios de comunica\u00e7\u00e3o entre a arbitragem de campo e a equipe do VAR.<\/em><br \/><em>Sem mais para o momento, o Esporte Clube Vit\u00f3ria renova seus protestos de elevada considera\u00e7\u00e3o e aguarda manifesta\u00e7\u00e3o firme e transparente dessa Confedera\u00e7\u00e3o quanto \u00e0s provid\u00eancias a serem adotadas, em aten\u00e7\u00e3o \u00e0 preserva\u00e7\u00e3o da credibilidade da competi\u00e7\u00e3o.<\/em><br \/><em>Atenciosamente,<\/em><br \/><em>F\u00e1bio Rios Mota<\/em><\/p>\n<\/blockquote>\n<\/figure>\n<p><em>Fonte: <a href=\"https:\/\/www.bahianoticias.com.br\/esportes\/vitoria\/30981-vitoria-oficializa-denuncia-contra-arbitragem-apos-jogo-com-o-athletico-pr-erros-claros-e-determinantes\" target=\"_blank\" rel=\"noreferrer noopener\">Bahia Not\u00edcias<\/a>, parceiro do Acorda Cidade<\/em><\/p>\n<p><em>Siga o Acorda Cidade no\u00a0<\/em><a href=\"https:\/\/news.google.com\/search?q=acorda%20cidade&amp;hl=pt-BR&amp;gl=BR&amp;ceid=BR%3Apt-419\"><strong><em>Google Not\u00edcias<\/em><\/strong><\/a><em>\u00a0e receba os principais destaques do dia. Participe tamb\u00e9m dos nossos canais no\u00a0<\/em><a href=\"https:\/\/www.whatsapp.com\/channel\/0029Va6Rb4v3WHTNnsh8WI3N\"><strong><em>WhatsApp<\/em><\/strong><\/a><em>\u00a0e\u00a0<\/em><a href=\"https:\/\/www.youtube.com\/@acordacidadenoticias\/videos\"><strong>YouTube<\/strong><\/a><em>\u00a0e grupo de\u00a0<\/em><a href=\"https:\/\/t.me\/+sSz0khrgARA0ZmRh\"><strong><em>Telegram<\/em><\/strong><\/a><em>.<\/em><\/p>\n<\/div>\n","protected":false},"excerpt":{"rendered":"<div>\n<div>\n<figure><img decoding=\"async\" src=\"https:\/\/uploads.acordacidade.com.br\/2026\/04\/Jogo-do-Vitoria-contra-o-Athletico-PR-Foto-Victor-Ferreira-EC-Vitoria.jpg\" alt=\"Jogo do Vit\u00f3ria contra o Athletico-PR\"><figcaption>Foto: Victor Ferreira\/ EC Vit\u00f3ria<\/figcaption><\/figure>\n<\/div>\n<p>Entre os lances contestados, o Vit\u00f3ria destaca uma entrada considerada violenta do volante Luiz Gustavo, do Athletico-PR.<\/p><\/div>\n","protected":false},"author":1,"featured_media":128605,"comment_status":"closed","ping_status":"closed","sticky":false,"template":"","format":"gallery","meta":{"footnotes":""},"categories":[8,9,6,57,56,10],"tags":[],"class_list":["post-128604","post","type-post","status-publish","format-gallery","has-post-thumbnail","hentry","category-bahia","category-brasil","category-feira-de-santana","category-mundo","category-policia","category-politica","post_format-post-format-gallery"],"featured_image_urls":{"full":["https:\/\/noticiasbahia360.com.br\/wp-content\/uploads\/2026\/04\/Jogo-do-Vitoria-contra-o-Athletico-PR-Foto-Victor-Ferreira-EC-Vitoria.jpg",1200,630,false],"thumbnail":["https:\/\/noticiasbahia360.com.br\/wp-content\/uploads\/2026\/04\/Jogo-do-Vitoria-contra-o-Athletico-PR-Foto-Victor-Ferreira-EC-Vitoria-150x150.jpg",150,150,true],"medium":["https:\/\/noticiasbahia360.com.br\/wp-content\/uploads\/2026\/04\/Jogo-do-Vitoria-contra-o-Athletico-PR-Foto-Victor-Ferreira-EC-Vitoria-300x158.jpg",300,158,true],"medium_large":["https:\/\/noticiasbahia360.com.br\/wp-content\/uploads\/2026\/04\/Jogo-do-Vitoria-contra-o-Athletico-PR-Foto-Victor-Ferreira-EC-Vitoria-768x403.jpg",640,336,true],"large":["https:\/\/noticiasbahia360.com.br\/wp-content\/uploads\/2026\/04\/Jogo-do-Vitoria-contra-o-Athletico-PR-Foto-Victor-Ferreira-EC-Vitoria-1024x538.jpg",640,336,true],"1536x1536":["https:\/\/noticiasbahia360.com.br\/wp-content\/uploads\/2026\/04\/Jogo-do-Vitoria-contra-o-Athletico-PR-Foto-Victor-Ferreira-EC-Vitoria.jpg",1200,630,false],"2048x2048":["https:\/\/noticiasbahia360.com.br\/wp-content\/uploads\/2026\/04\/Jogo-do-Vitoria-contra-o-Athletico-PR-Foto-Victor-Ferreira-EC-Vitoria.jpg",1200,630,false],"chromenews-featured":["https:\/\/noticiasbahia360.com.br\/wp-content\/uploads\/2026\/04\/Jogo-do-Vitoria-contra-o-Athletico-PR-Foto-Victor-Ferreira-EC-Vitoria-1024x538.jpg",1024,538,true],"chromenews-large":["https:\/\/noticiasbahia360.com.br\/wp-content\/uploads\/2026\/04\/Jogo-do-Vitoria-contra-o-Athletico-PR-Foto-Victor-Ferreira-EC-Vitoria-825x575.jpg",825,575,true],"chromenews-medium":["https:\/\/noticiasbahia360.com.br\/wp-content\/uploads\/2026\/04\/Jogo-do-Vitoria-contra-o-Athletico-PR-Foto-Victor-Ferreira-EC-Vitoria-590x410.jpg",590,410,true]},"author_info":{"display_name":"noticiasbahia360.com.br","author_link":"https:\/\/noticiasbahia360.com.br\/?author=1"},"category_info":"<a href=\"https:\/\/noticiasbahia360.com.br\/?cat=8\" rel=\"category\">Bahia<\/a> <a href=\"https:\/\/noticiasbahia360.com.br\/?cat=9\" rel=\"category\">Brasil<\/a> <a href=\"https:\/\/noticiasbahia360.com.br\/?cat=6\" rel=\"category\">Feira de Santana<\/a> <a href=\"https:\/\/noticiasbahia360.com.br\/?cat=57\" rel=\"category\">Mundo<\/a> <a href=\"https:\/\/noticiasbahia360.com.br\/?cat=56\" rel=\"category\">Pol\u00edcia<\/a> <a href=\"https:\/\/noticiasbahia360.com.br\/?cat=10\" rel=\"category\">Pol\u00edtica<\/a>","tag_info":"Pol\u00edtica","comment_count":"0","_links":{"self":[{"href":"https:\/\/noticiasbahia360.com.br\/index.php?rest_route=\/wp\/v2\/posts\/128604","targetHints":{"allow":["GET"]}}],"collection":[{"href":"https:\/\/noticiasbahia360.com.br\/index.php?rest_route=\/wp\/v2\/posts"}],"about":[{"href":"https:\/\/noticiasbahia360.com.br\/index.php?rest_route=\/wp\/v2\/types\/post"}],"author":[{"embeddable":true,"href":"https:\/\/noticiasbahia360.com.br\/index.php?rest_route=\/wp\/v2\/users\/1"}],"replies":[{"embeddable":true,"href":"https:\/\/noticiasbahia360.com.br\/index.php?rest_route=%2Fwp%2Fv2%2Fcomments&post=128604"}],"version-history":[{"count":0,"href":"https:\/\/noticiasbahia360.com.br\/index.php?rest_route=\/wp\/v2\/posts\/128604\/revisions"}],"wp:featuredmedia":[{"embeddable":true,"href":"https:\/\/noticiasbahia360.com.br\/index.php?rest_route=\/wp\/v2\/media\/128605"}],"wp:attachment":[{"href":"https:\/\/noticiasbahia360.com.br\/index.php?rest_route=%2Fwp%2Fv2%2Fmedia&parent=128604"}],"wp:term":[{"taxonomy":"category","embeddable":true,"href":"https:\/\/noticiasbahia360.com.br\/index.php?rest_route=%2Fwp%2Fv2%2Fcategories&post=128604"},{"taxonomy":"post_tag","embeddable":true,"href":"https:\/\/noticiasbahia360.com.br\/index.php?rest_route=%2Fwp%2Fv2%2Ftags&post=128604"}],"curies":[{"name":"wp","href":"https:\/\/api.w.org\/{rel}","templated":true}]}}