{"id":128606,"date":"2026-04-27T20:16:08","date_gmt":"2026-04-27T23:16:08","guid":{"rendered":"https:\/\/noticiasbahia360.com.br\/?p=128606"},"modified":"2026-04-27T20:16:08","modified_gmt":"2026-04-27T23:16:08","slug":"renaturalizacao-de-rios-pode-reduzir-enchentes-e-ajudar-cidades-brasileiras-a-se-adaptar-as-mudancas-climaticas","status":"publish","type":"post","link":"https:\/\/noticiasbahia360.com.br\/?p=128606","title":{"rendered":"Renaturaliza\u00e7\u00e3o de rios pode reduzir enchentes e ajudar cidades brasileiras a se adaptar \u00e0s mudan\u00e7as clim\u00e1ticas"},"content":{"rendered":"<div>\n<div>\n<figure><img decoding=\"async\" src=\"http:\/\/noticiasbahia360.com.br\/wp-content\/uploads\/2026\/04\/Pescadores-no-rio-Foto-ICMBIO.jpg\" alt=\"Pescadores no rio\"><figcaption>Foto: ICMBIO<\/figcaption><\/figure>\n<\/div>\n<p>Durante d\u00e9cadas, rios e c\u00f3rregos urbanos foram tratados como obst\u00e1culos ao crescimento das cidades brasileiras. Canalizados, soterrados ou retificados, esses cursos d\u2019\u00e1gua desapareceram da paisagem, mas n\u00e3o dos problemas urbanos. Diante do aumento de epis\u00f3dios de chuvas extremas, especialistas defendem a renaturaliza\u00e7\u00e3o de rios como parte da estrat\u00e9gia para reduzir enchentes e adaptar as cidades \u00e0s mudan\u00e7as clim\u00e1ticas.<\/p>\n<p>A paisagista urbana Cec\u00edlia Herzog, consultora internacional em projetos que utilizam Solu\u00e7\u00f5es Baseadas na Natureza (SBN) e membro da Rede de Especialistas em Conserva\u00e7\u00e3o da Natureza (RECN), pondera que c\u00f3rregos e rios deveriam ser recuperados e reabertos sempre que poss\u00edvel. \u201cA urbaniza\u00e7\u00e3o das cidades \u00e9 extremamente complexa, mas a requalifica\u00e7\u00e3o dos rios n\u00e3o \u00e9 apenas desej\u00e1vel, \u00e9 absolutamente fundamental para enfrentarmos um cen\u00e1rio clim\u00e1tico cada vez mais desafiador\u201d, afirma.<\/p>\n<p>A especialista explica que esconder os rios e impermeabilizar o solo urbano, com asfalto, concreto e cimento, sob a l\u00f3gica de que o desenvolvimento poderia suprimir a natureza e seus fluxos naturais, est\u00e1 cobrando um pre\u00e7o cada vez mais alto da popula\u00e7\u00e3o. \u201c\u00c9 importante lembrar que a \u00e1gua n\u00e3o desaparece. Com a chuva, ela sempre vai correr para os pontos mais baixos e, em algum momento, pode inundar essas \u00e1reas, principalmente nas regi\u00f5es mais planas ou de baixada\u201d, explica.<\/p>\n<p>Nas cidades, o excesso de pavimenta\u00e7\u00e3o tamb\u00e9m acelera o escoamento da \u00e1gua da chuva. Por isso, pensar na recupera\u00e7\u00e3o de rios urbanos precisa vir acompanhado de uma requalifica\u00e7\u00e3o mais ampla da paisagem e dos sistemas de drenagem. Com mais espa\u00e7o para a natureza, a vegeta\u00e7\u00e3o em \u00e1reas com solo perme\u00e1vel ajuda a desacelerar esse escoamento. \u201cA \u00e1gua infiltra no solo, fica retida por algum tempo e depois segue seu curso de forma mais equilibrada. Em rios abertos, com seu curso natural e vegeta\u00e7\u00e3o ciliar, o impacto da chuva \u00e9 muito menor\u201d, acrescenta.<\/p>\n<h2 class=\"wp-block-heading\" id=\"h-conceito-novo-exemplos-antigos\"><strong>Conceito novo, exemplos antigos<\/strong><\/h2>\n<p>A discuss\u00e3o sobre Solu\u00e7\u00f5es Baseadas na Natureza, que consiste em usar os servi\u00e7os ecossist\u00eamicos para enfrentar desafios humanos, \u00e9 relativamente recente, sendo consolidada pelo Banco Mundial e Uni\u00e3o Internacional para a Conserva\u00e7\u00e3o da Natureza (IUCN) a partir do final da d\u00e9cada de 2000. No entanto, a aplica\u00e7\u00e3o desse princ\u00edpio no Brasil remonta h\u00e1 mais de 50 anos.<\/p>\n<p>Um exemplo \u00e9 o Parque Barigui, em Curitiba (PR), criado na d\u00e9cada de 1970 em uma \u00e1rea de v\u00e1rzea sujeita a cheias do rio que d\u00e1 nome ao parque. Al\u00e9m de ajudar a conter enchentes, o espa\u00e7o tornou-se um importante local de lazer, turismo, esporte e conviv\u00eancia para a popula\u00e7\u00e3o. \u201cEste exemplo mostra que \u00e9 poss\u00edvel, e cada vez mais necess\u00e1rio, reintegrar a natureza ao desenvolvimento urbano\u201d, afirma Juliana Baladelli Ribeiro, gerente de projetos da Funda\u00e7\u00e3o Grupo Botic\u00e1rio de Prote\u00e7\u00e3o \u00e0 Natureza. Ela lembra ainda que um estudo do Movimento Viva \u00c1gua, na Bacia do Rio Miringuava, na Grande Curitiba, aponta que, em \u00e1reas degradadas, sem cobertura de vegeta\u00e7\u00e3o natural, a disponibilidade h\u00eddrica pode cair at\u00e9 52% em per\u00edodos de seca, enquanto em regi\u00f5es com maior presen\u00e7a de florestas nativas, a redu\u00e7\u00e3o varia entre 6% e 11%.\u00a0<\/p>\n<p>Outro exemplo da mesma \u00e9poca do Parque Barigui \u00e9 o Parque Portugal, na Lagoa do Taquaral, em Campinas (SP). O local possui uma grande bacia de reten\u00e7\u00e3o formada pelo lago, que ajuda a absorver o excesso de \u00e1gua em per\u00edodos chuvosos e reduzir o impacto das cheias na cidade. \u201cA cidade possui um plano diretor e tamb\u00e9m um planejamento espec\u00edfico para ampliar o uso de infraestruturas baseadas na natureza, com foco na requalifica\u00e7\u00e3o urbana. Entre os exemplos est\u00e3o projetos de parques lineares ao longo de rios, que tamb\u00e9m podem beneficiar \u00e1reas socialmente vulner\u00e1veis\u201d, aponta Cec\u00edlia.<\/p>\n<h2 class=\"wp-block-heading\" id=\"h-a-renaturalizacao-de-um-rio-no-coracao-de-sao-paulo\"><strong>A renaturaliza\u00e7\u00e3o de um rio no cora\u00e7\u00e3o de S\u00e3o Paulo<\/strong><\/h2>\n<p>Mesmo em S\u00e3o Paulo, metr\u00f3pole que canalizou e enterrou centenas de rios e c\u00f3rregos ao longo do s\u00e9culo 20, cresce o movimento pela renaturaliza\u00e7\u00e3o dos cursos d\u2019\u00e1gua. Um caso emblem\u00e1tico \u00e9 o c\u00f3rrego do Bixiga, que dever\u00e1 ter parte de seu curso reaberto no futuro Parque Municipal do Bixiga. O espa\u00e7o, com pouco mais de um hectare, prev\u00ea a renaturaliza\u00e7\u00e3o do c\u00f3rrego, a preserva\u00e7\u00e3o das nascentes, a amplia\u00e7\u00e3o das \u00e1reas verdes e a cria\u00e7\u00e3o de espa\u00e7os p\u00fablicos de conviv\u00eancia.<\/p>\n<p>A mudan\u00e7a de paradigma veio ap\u00f3s uma disputa de mais de 40 anos entre movimentos sociais e os propriet\u00e1rios da \u00e1rea onde o parque ser\u00e1 implantado. Os donos do terreno pretendiam construir um grande condom\u00ednio no local, enquanto a comunidade, mobilizada por artistas do Teatro Oficina, defendia a cria\u00e7\u00e3o do parque.<\/p>\n<p>Em 2024, a C\u00e2mara Municipal de S\u00e3o Paulo aprovou a destina\u00e7\u00e3o do terreno para a implanta\u00e7\u00e3o do espa\u00e7o p\u00fablico e, em janeiro deste ano, a Prefeitura lan\u00e7ou um concurso p\u00fablico nacional para definir o projeto do futuro parque. O resultado deve ser anunciado em maio. \u201cSe isso \u00e9 poss\u00edvel em um lugar t\u00e3o urbanizado quanto o centro de S\u00e3o Paulo, acredito que tamb\u00e9m seja poss\u00edvel em muitos outros locais do pa\u00eds\u201d, afirma Cec\u00edlia.<\/p>\n<h2 class=\"wp-block-heading\" id=\"h-cidades-mais-resilientes\"><strong>Cidades mais resilientes<\/strong><\/h2>\n<p>Para Juliana Baladelli Ribeiro, a requalifica\u00e7\u00e3o dos rios faz parte de um novo paradigma de desenvolvimento urbano, que envolve ampliar \u00e1reas naturais, reduzir superf\u00edcies imperme\u00e1veis e criar espa\u00e7os capazes de absorver ou retardar o fluxo da\u00a0\u00e1gua. \u201cTamb\u00e9m fazem parte desse conceito a implementa\u00e7\u00e3o de telhados verdes, jardins de chuva, valetas vegetadas, pequenas bacias de reten\u00e7\u00e3o, ampla arboriza\u00e7\u00e3o e outras estruturas que permitam reter temporariamente a \u00e1gua, favorecer a sua infiltra\u00e7\u00e3o no solo e a evapotranspira\u00e7\u00e3o pelas plantas\u201d, explica. Essas medidas tamb\u00e9m t\u00eam o potencial de atenuar as ondas de calor, cada vez mais frequentes e mais intensas em \u00e1reas urbanas.<\/p>\n<p>As especialistas ressaltam que iniciativas isoladas n\u00e3o ser\u00e3o suficientes diante do cen\u00e1rio de intensifica\u00e7\u00e3o dos eventos clim\u00e1ticos extremos, mas um conjunto de solu\u00e7\u00f5es integradas pode tornar as cidades mais resilientes. \u201cSer\u00e1 necess\u00e1rio compor um sistema de requalifica\u00e7\u00e3o da paisagem urbana. A ideia \u00e9 devolver \u00e0 cidade \u00e1reas com solo vivo e vegeta\u00e7\u00e3o nativa, capazes de desempenhar fun\u00e7\u00f5es ecol\u00f3gicas importantes que hoje est\u00e3o prejudicadas\u201d, refor\u00e7a Juliana.<\/p>\n<p>\u201cIsso pode incluir \u00e1reas rebaixadas que acomodem a \u00e1gua da chuva e diferentes tipos de infraestrutura verde, desde interven\u00e7\u00f5es de pequena escala at\u00e9 obras maiores, dependendo das caracter\u00edsticas de cada cidade. A adapta\u00e7\u00e3o \u00e0s mudan\u00e7as clim\u00e1ticas \u00e9 sempre um desafio local, que precisa ser enfrentado em cada territ\u00f3rio\u201d, completa Cec\u00edlia.<\/p>\n<p><em>Siga o Acorda Cidade no\u00a0<\/em><a href=\"https:\/\/news.google.com\/search?q=acorda%20cidade&amp;hl=pt-BR&amp;gl=BR&amp;ceid=BR%3Apt-419\"><strong><em>Google Not\u00edcias<\/em><\/strong><\/a><em>\u00a0e receba os principais destaques do dia. Participe tamb\u00e9m dos nossos canais no\u00a0<\/em><a href=\"https:\/\/www.whatsapp.com\/channel\/0029Va6Rb4v3WHTNnsh8WI3N\"><strong><em>WhatsApp<\/em><\/strong><\/a><em>\u00a0e\u00a0<\/em><a href=\"https:\/\/www.youtube.com\/@acordacidadenoticias\/videos\"><strong>YouTube<\/strong><\/a><em>\u00a0e grupo de\u00a0<\/em><a href=\"https:\/\/t.me\/+sSz0khrgARA0ZmRh\"><strong><em>Telegram<\/em><\/strong><\/a><em>.<\/em><\/p>\n<\/div>\n","protected":false},"excerpt":{"rendered":"<div>\n<div>\n<figure><img decoding=\"async\" src=\"https:\/\/uploads.acordacidade.com.br\/2026\/04\/Pescadores-no-rio-Foto-ICMBIO.jpg\" alt=\"Pescadores no rio\"><figcaption>Foto: ICMBIO<\/figcaption><\/figure>\n<\/div>\n<p>Com mais espa\u00e7o para a natureza, a vegeta\u00e7\u00e3o em \u00e1reas com solo perme\u00e1vel ajuda a desacelerar esse escoamento.<\/p><\/div>\n","protected":false},"author":1,"featured_media":128607,"comment_status":"closed","ping_status":"closed","sticky":false,"template":"","format":"gallery","meta":{"footnotes":""},"categories":[8,9,6,57,56,10],"tags":[],"class_list":["post-128606","post","type-post","status-publish","format-gallery","has-post-thumbnail","hentry","category-bahia","category-brasil","category-feira-de-santana","category-mundo","category-policia","category-politica","post_format-post-format-gallery"],"featured_image_urls":{"full":["https:\/\/noticiasbahia360.com.br\/wp-content\/uploads\/2026\/04\/Pescadores-no-rio-Foto-ICMBIO.jpg",1200,718,false],"thumbnail":["https:\/\/noticiasbahia360.com.br\/wp-content\/uploads\/2026\/04\/Pescadores-no-rio-Foto-ICMBIO-150x150.jpg",150,150,true],"medium":["https:\/\/noticiasbahia360.com.br\/wp-content\/uploads\/2026\/04\/Pescadores-no-rio-Foto-ICMBIO-300x180.jpg",300,180,true],"medium_large":["https:\/\/noticiasbahia360.com.br\/wp-content\/uploads\/2026\/04\/Pescadores-no-rio-Foto-ICMBIO-768x460.jpg",640,383,true],"large":["https:\/\/noticiasbahia360.com.br\/wp-content\/uploads\/2026\/04\/Pescadores-no-rio-Foto-ICMBIO-1024x613.jpg",640,383,true],"1536x1536":["https:\/\/noticiasbahia360.com.br\/wp-content\/uploads\/2026\/04\/Pescadores-no-rio-Foto-ICMBIO.jpg",1200,718,false],"2048x2048":["https:\/\/noticiasbahia360.com.br\/wp-content\/uploads\/2026\/04\/Pescadores-no-rio-Foto-ICMBIO.jpg",1200,718,false],"chromenews-featured":["https:\/\/noticiasbahia360.com.br\/wp-content\/uploads\/2026\/04\/Pescadores-no-rio-Foto-ICMBIO-1024x613.jpg",1024,613,true],"chromenews-large":["https:\/\/noticiasbahia360.com.br\/wp-content\/uploads\/2026\/04\/Pescadores-no-rio-Foto-ICMBIO-825x575.jpg",825,575,true],"chromenews-medium":["https:\/\/noticiasbahia360.com.br\/wp-content\/uploads\/2026\/04\/Pescadores-no-rio-Foto-ICMBIO-590x410.jpg",590,410,true]},"author_info":{"display_name":"noticiasbahia360.com.br","author_link":"https:\/\/noticiasbahia360.com.br\/?author=1"},"category_info":"<a href=\"https:\/\/noticiasbahia360.com.br\/?cat=8\" rel=\"category\">Bahia<\/a> <a href=\"https:\/\/noticiasbahia360.com.br\/?cat=9\" rel=\"category\">Brasil<\/a> <a href=\"https:\/\/noticiasbahia360.com.br\/?cat=6\" rel=\"category\">Feira de Santana<\/a> <a href=\"https:\/\/noticiasbahia360.com.br\/?cat=57\" rel=\"category\">Mundo<\/a> <a href=\"https:\/\/noticiasbahia360.com.br\/?cat=56\" rel=\"category\">Pol\u00edcia<\/a> <a href=\"https:\/\/noticiasbahia360.com.br\/?cat=10\" rel=\"category\">Pol\u00edtica<\/a>","tag_info":"Pol\u00edtica","comment_count":"0","_links":{"self":[{"href":"https:\/\/noticiasbahia360.com.br\/index.php?rest_route=\/wp\/v2\/posts\/128606","targetHints":{"allow":["GET"]}}],"collection":[{"href":"https:\/\/noticiasbahia360.com.br\/index.php?rest_route=\/wp\/v2\/posts"}],"about":[{"href":"https:\/\/noticiasbahia360.com.br\/index.php?rest_route=\/wp\/v2\/types\/post"}],"author":[{"embeddable":true,"href":"https:\/\/noticiasbahia360.com.br\/index.php?rest_route=\/wp\/v2\/users\/1"}],"replies":[{"embeddable":true,"href":"https:\/\/noticiasbahia360.com.br\/index.php?rest_route=%2Fwp%2Fv2%2Fcomments&post=128606"}],"version-history":[{"count":0,"href":"https:\/\/noticiasbahia360.com.br\/index.php?rest_route=\/wp\/v2\/posts\/128606\/revisions"}],"wp:featuredmedia":[{"embeddable":true,"href":"https:\/\/noticiasbahia360.com.br\/index.php?rest_route=\/wp\/v2\/media\/128607"}],"wp:attachment":[{"href":"https:\/\/noticiasbahia360.com.br\/index.php?rest_route=%2Fwp%2Fv2%2Fmedia&parent=128606"}],"wp:term":[{"taxonomy":"category","embeddable":true,"href":"https:\/\/noticiasbahia360.com.br\/index.php?rest_route=%2Fwp%2Fv2%2Fcategories&post=128606"},{"taxonomy":"post_tag","embeddable":true,"href":"https:\/\/noticiasbahia360.com.br\/index.php?rest_route=%2Fwp%2Fv2%2Ftags&post=128606"}],"curies":[{"name":"wp","href":"https:\/\/api.w.org\/{rel}","templated":true}]}}