{"id":128608,"date":"2026-04-27T20:41:00","date_gmt":"2026-04-27T23:41:00","guid":{"rendered":"https:\/\/noticiasbahia360.com.br\/?p=128608"},"modified":"2026-04-27T20:41:00","modified_gmt":"2026-04-27T23:41:00","slug":"aplb-realiza-plenaria-estadual-em-feira-de-santana-para-discutir-atuacao-de-coordenadores-pedagogicos","status":"publish","type":"post","link":"https:\/\/noticiasbahia360.com.br\/?p=128608","title":{"rendered":"APLB realiza plen\u00e1ria estadual em Feira de Santana para discutir atua\u00e7\u00e3o de coordenadores pedag\u00f3gicos"},"content":{"rendered":"<div>\n<div>\n<figure><img decoding=\"async\" src=\"http:\/\/noticiasbahia360.com.br\/wp-content\/uploads\/2026\/04\/aplb-plenaria-foto-paulo-jose-acorda-cidade.jpg\" alt=\"APLB realiza plen\u00e1ria estadual em Feira de Santana para discutir atua\u00e7\u00e3o de coordenadores pedag\u00f3gicos\"><figcaption>Foto: Paulo Jos\u00e9\/Acorda Cidade<\/figcaption><\/figure>\n<\/div>\n<p>A APLB-Sindicato realizou, nesta quinta-feira (27), uma plen\u00e1ria estadual da coordena\u00e7\u00e3o pedag\u00f3gica em Feira de Santana. O encontro aconteceu na sede da entidade e reuniu representantes de diferentes regi\u00f5es da Bahia, com participa\u00e7\u00e3o presencial e transmiss\u00e3o online.<\/p>\n<p>De acordo com o coordenador-geral da APLB, Rui Oliveira, o objetivo da plen\u00e1ria \u00e9 discutir quest\u00f5es relacionadas \u00e0 atua\u00e7\u00e3o dos coordenadores pedag\u00f3gicos no estado. \u201cN\u00f3s estamos realizando uma plen\u00e1ria h\u00edbrida, ou seja, uma parte presencial e para todo o estado da Bahia tamb\u00e9m. N\u00f3s temos quase 10 sindicatos participando simultaneamente de diversas partes da Bahia\u201d, explicou o coordenador ao Acorda Cidade.<\/p>\n<p>Durante a fala, Rui Oliveira fez um resgate hist\u00f3rico da categoria e destacou avan\u00e7os conquistados nos \u00faltimos anos. \u201cNos governos anteriores era muito dif\u00edcil ter concurso para coordenador pedag\u00f3gico. S\u00f3 existiam 1.080 coordenadores pedag\u00f3gicos para todo o estado da Bahia. Era muito dif\u00edcil voc\u00ea, dentro da escola, n\u00e3o ter um profissional qualificado e capaz como coordenador pedag\u00f3gico, que \u00e9 fundamental, nada funciona se n\u00e3o tivesse esse profissional\u201d, disse.<\/p>\n<figure class=\"wp-block-image size-full\"><img fetchpriority=\"high\" fetchpriority=\"high\" decoding=\"async\" width=\"1200\" height=\"698\" src=\"http:\/\/noticiasbahia360.com.br\/wp-content\/uploads\/2026\/04\/Evento-da-APLB-ft-paulo-jose-acorda-cidade-1.webp\" alt=\"APLB Feira celebra Dia do Professor e do Servidor com debate sobre Reforma Administrativa e defesa do servi\u00e7o p\u00fablico\" class=\"wp-image-602229\" srcset=\"http:\/\/noticiasbahia360.com.br\/wp-content\/uploads\/2026\/04\/Evento-da-APLB-ft-paulo-jose-acorda-cidade-1.webp 1200w, https:\/\/www.acordacidade.com.br\/wp-content\/uploads\/2025\/10\/Evento-da-APLB-ft-paulo-jose-acorda-cidade-1-628x365.webp 628w, https:\/\/www.acordacidade.com.br\/wp-content\/uploads\/2025\/10\/Evento-da-APLB-ft-paulo-jose-acorda-cidade-1-951x553.webp 951w, https:\/\/www.acordacidade.com.br\/wp-content\/uploads\/2025\/10\/Evento-da-APLB-ft-paulo-jose-acorda-cidade-1-140x81.webp 140w, https:\/\/www.acordacidade.com.br\/wp-content\/uploads\/2025\/10\/Evento-da-APLB-ft-paulo-jose-acorda-cidade-1-407x237.webp 407w, https:\/\/www.acordacidade.com.br\/wp-content\/uploads\/2025\/10\/Evento-da-APLB-ft-paulo-jose-acorda-cidade-1-150x87.webp 150w\" sizes=\"(max-width: 1200px) 100vw, 1200px\"><figcaption class=\"wp-element-caption\">Rui Oliveira | Foto: Paulo Jos\u00e9\/Acorda Cidade<\/figcaption><\/figure>\n<p>Ele ressaltou que, ap\u00f3s concursos realizados em 2016, 2018 e 2022, houve amplia\u00e7\u00e3o no n\u00famero de profissionais. \u201cHoje temos dois mil e poucos coordenadores pedag\u00f3gicos no estado da Bahia\u201d, pontuou.<\/p>\n<p>Entre as conquistas, Rui Oliveira citou o acesso por meio de concurso p\u00fablico, a garantia de atua\u00e7\u00e3o dentro das escolas e n\u00e3o apenas em n\u00facleos da Secretaria de Educa\u00e7\u00e3o, al\u00e9m de avan\u00e7os em direitos trabalhistas e forma\u00e7\u00e3o. \u201cConseguimos licen\u00e7a \u00e0 pec\u00fania, conseguimos tamb\u00e9m que fosse ofertado curso de qualifica\u00e7\u00e3o, at\u00e9 de mestrado\u201d, afirmou.<\/p>\n<figure class=\"wp-block-image size-full\"><img decoding=\"async\" width=\"1200\" height=\"675\" src=\"http:\/\/noticiasbahia360.com.br\/wp-content\/uploads\/2026\/04\/aplb-plenaria-coordenador-pedagocio-foto-paulo-jose-acorda-cidade.jpg\" alt=\"APLB realiza plen\u00e1ria estadual em Feira de Santana para discutir atua\u00e7\u00e3o de coordenadores pedag\u00f3gicos\" class=\"wp-image-650452\" srcset=\"http:\/\/noticiasbahia360.com.br\/wp-content\/uploads\/2026\/04\/aplb-plenaria-coordenador-pedagocio-foto-paulo-jose-acorda-cidade.jpg 1200w, https:\/\/uploads.acordacidade.com.br\/2026\/04\/aplb-plenaria-coordenador-pedagocio-foto-paulo-jose-acorda-cidade-750x422.jpg 750w, https:\/\/uploads.acordacidade.com.br\/2026\/04\/aplb-plenaria-coordenador-pedagocio-foto-paulo-jose-acorda-cidade-1000x563.jpg 1000w, https:\/\/uploads.acordacidade.com.br\/2026\/04\/aplb-plenaria-coordenador-pedagocio-foto-paulo-jose-acorda-cidade-450x253.jpg 450w, https:\/\/uploads.acordacidade.com.br\/2026\/04\/aplb-plenaria-coordenador-pedagocio-foto-paulo-jose-acorda-cidade-150x84.jpg 150w\" sizes=\"(max-width: 1200px) 100vw, 1200px\"><figcaption class=\"wp-element-caption\">Foto: Paulo Jos\u00e9\/Acorda Cidade<\/figcaption><\/figure>\n<p>A plen\u00e1ria tamb\u00e9m contou com a participa\u00e7\u00e3o de representantes da Secretaria de Educa\u00e7\u00e3o do Estado. Ao final, a proposta \u00e9 consolidar um documento com as demandas da categoria. \u201cVamos levar um documento para a Secretaria, e esperamos concluir hoje na plen\u00e1ria, para que possamos entregar\u201d, explicou.<\/p>\n<h2 class=\"wp-block-heading\" id=\"h-o-que-faz-um-coordenador-pedagogico\">O que faz um coordenador pedag\u00f3gico?<\/h2>\n<p>Sobre as fun\u00e7\u00f5es do coordenador pedag\u00f3gico, Rui Oliveira refor\u00e7ou o papel estrat\u00e9gico dentro do processo educacional. \u201cO coordenador cabe estritamente planejar. Planejar \u00e9 uma parte estrat\u00e9gica do processo de ensino-aprendizagem. Ent\u00e3o tem que planejar, tem que acompanhar, tem que atribuir, tem que tamb\u00e9m coordenar as a\u00e7\u00f5es pedag\u00f3gicas e fazer essa interface com aluno e com os professores\u201d, concluiu.<\/p>\n<p><em>Siga o Acorda Cidade no\u00a0<\/em><a href=\"https:\/\/news.google.com\/search?q=acorda%20cidade&amp;hl=pt-BR&amp;gl=BR&amp;ceid=BR%3Apt-419\"><strong><em>Google Not\u00edcias<\/em><\/strong><\/a><em>\u00a0e receba os principais destaques do dia. Participe tamb\u00e9m dos nossos canais no\u00a0<\/em><a href=\"https:\/\/www.whatsapp.com\/channel\/0029Va6Rb4v3WHTNnsh8WI3N\"><strong><em>WhatsApp<\/em><\/strong><\/a><em>\u00a0e\u00a0<\/em><a href=\"https:\/\/www.youtube.com\/@acordacidadenoticias\/videos\"><strong>YouTube<\/strong><\/a><em>\u00a0e grupo de\u00a0<\/em><a href=\"https:\/\/t.me\/+sSz0khrgARA0ZmRh\"><strong><em>Telegram<\/em><\/strong><\/a><em>.<\/em><\/p>\n<\/div>\n","protected":false},"excerpt":{"rendered":"<div>\n<div>\n<figure><img decoding=\"async\" src=\"https:\/\/uploads.acordacidade.com.br\/2026\/04\/aplb-plenaria-foto-paulo-jose-acorda-cidade.jpg\" alt=\"APLB realiza plen\u00e1ria estadual em Feira de Santana para discutir atua\u00e7\u00e3o de coordenadores pedag\u00f3gicos\"><figcaption>Foto: Paulo Jos\u00e9\/Acorda Cidade<\/figcaption><\/figure>\n<\/div>\n<p>Encontro h\u00edbrido reuniu indicatos de diversas regi\u00f5es da Bahia e vai elaborar documento com demandas da categoria.<\/p><\/div>\n","protected":false},"author":1,"featured_media":128609,"comment_status":"closed","ping_status":"closed","sticky":false,"template":"","format":"gallery","meta":{"footnotes":""},"categories":[8,9,6,57,56,10],"tags":[],"class_list":["post-128608","post","type-post","status-publish","format-gallery","has-post-thumbnail","hentry","category-bahia","category-brasil","category-feira-de-santana","category-mundo","category-policia","category-politica","post_format-post-format-gallery"],"featured_image_urls":{"full":["https:\/\/noticiasbahia360.com.br\/wp-content\/uploads\/2026\/04\/aplb-plenaria-foto-paulo-jose-acorda-cidade.jpg",1200,675,false],"thumbnail":["https:\/\/noticiasbahia360.com.br\/wp-content\/uploads\/2026\/04\/aplb-plenaria-foto-paulo-jose-acorda-cidade-150x150.jpg",150,150,true],"medium":["https:\/\/noticiasbahia360.com.br\/wp-content\/uploads\/2026\/04\/aplb-plenaria-foto-paulo-jose-acorda-cidade-300x169.jpg",300,169,true],"medium_large":["https:\/\/noticiasbahia360.com.br\/wp-content\/uploads\/2026\/04\/aplb-plenaria-foto-paulo-jose-acorda-cidade-768x432.jpg",640,360,true],"large":["https:\/\/noticiasbahia360.com.br\/wp-content\/uploads\/2026\/04\/aplb-plenaria-foto-paulo-jose-acorda-cidade-1024x576.jpg",640,360,true],"1536x1536":["https:\/\/noticiasbahia360.com.br\/wp-content\/uploads\/2026\/04\/aplb-plenaria-foto-paulo-jose-acorda-cidade.jpg",1200,675,false],"2048x2048":["https:\/\/noticiasbahia360.com.br\/wp-content\/uploads\/2026\/04\/aplb-plenaria-foto-paulo-jose-acorda-cidade.jpg",1200,675,false],"chromenews-featured":["https:\/\/noticiasbahia360.com.br\/wp-content\/uploads\/2026\/04\/aplb-plenaria-foto-paulo-jose-acorda-cidade-1024x576.jpg",1024,576,true],"chromenews-large":["https:\/\/noticiasbahia360.com.br\/wp-content\/uploads\/2026\/04\/aplb-plenaria-foto-paulo-jose-acorda-cidade-825x575.jpg",825,575,true],"chromenews-medium":["https:\/\/noticiasbahia360.com.br\/wp-content\/uploads\/2026\/04\/aplb-plenaria-foto-paulo-jose-acorda-cidade-590x410.jpg",590,410,true]},"author_info":{"display_name":"noticiasbahia360.com.br","author_link":"https:\/\/noticiasbahia360.com.br\/?author=1"},"category_info":"<a href=\"https:\/\/noticiasbahia360.com.br\/?cat=8\" rel=\"category\">Bahia<\/a> <a href=\"https:\/\/noticiasbahia360.com.br\/?cat=9\" rel=\"category\">Brasil<\/a> <a href=\"https:\/\/noticiasbahia360.com.br\/?cat=6\" rel=\"category\">Feira de Santana<\/a> <a href=\"https:\/\/noticiasbahia360.com.br\/?cat=57\" rel=\"category\">Mundo<\/a> <a href=\"https:\/\/noticiasbahia360.com.br\/?cat=56\" rel=\"category\">Pol\u00edcia<\/a> <a href=\"https:\/\/noticiasbahia360.com.br\/?cat=10\" rel=\"category\">Pol\u00edtica<\/a>","tag_info":"Pol\u00edtica","comment_count":"0","_links":{"self":[{"href":"https:\/\/noticiasbahia360.com.br\/index.php?rest_route=\/wp\/v2\/posts\/128608","targetHints":{"allow":["GET"]}}],"collection":[{"href":"https:\/\/noticiasbahia360.com.br\/index.php?rest_route=\/wp\/v2\/posts"}],"about":[{"href":"https:\/\/noticiasbahia360.com.br\/index.php?rest_route=\/wp\/v2\/types\/post"}],"author":[{"embeddable":true,"href":"https:\/\/noticiasbahia360.com.br\/index.php?rest_route=\/wp\/v2\/users\/1"}],"replies":[{"embeddable":true,"href":"https:\/\/noticiasbahia360.com.br\/index.php?rest_route=%2Fwp%2Fv2%2Fcomments&post=128608"}],"version-history":[{"count":0,"href":"https:\/\/noticiasbahia360.com.br\/index.php?rest_route=\/wp\/v2\/posts\/128608\/revisions"}],"wp:featuredmedia":[{"embeddable":true,"href":"https:\/\/noticiasbahia360.com.br\/index.php?rest_route=\/wp\/v2\/media\/128609"}],"wp:attachment":[{"href":"https:\/\/noticiasbahia360.com.br\/index.php?rest_route=%2Fwp%2Fv2%2Fmedia&parent=128608"}],"wp:term":[{"taxonomy":"category","embeddable":true,"href":"https:\/\/noticiasbahia360.com.br\/index.php?rest_route=%2Fwp%2Fv2%2Fcategories&post=128608"},{"taxonomy":"post_tag","embeddable":true,"href":"https:\/\/noticiasbahia360.com.br\/index.php?rest_route=%2Fwp%2Fv2%2Ftags&post=128608"}],"curies":[{"name":"wp","href":"https:\/\/api.w.org\/{rel}","templated":true}]}}